{"id":2979,"date":"2023-01-28T22:52:57","date_gmt":"2023-01-28T21:52:57","guid":{"rendered":"https:\/\/jp2doc.pl\/it\/?p=2979"},"modified":"2023-01-28T22:52:58","modified_gmt":"2023-01-28T21:52:58","slug":"il-popolo-che-abitava-nelle-tenebre-vide-una-grande-luce","status":"publish","type":"post","link":"https:\/\/jp2doc.pl\/it\/2023\/01\/28\/il-popolo-che-abitava-nelle-tenebre-vide-una-grande-luce\/","title":{"rendered":"Il Popolo che abitava nelle tenebre vide una grande luce"},"content":{"rendered":"\n<p>La nascita di Ges\u00f9 Cristo \u00e8 un evento della luce, soprattutto per il popolo che abitava nelle tenebre. Le tenebre anelano alla luce come il deserto \u00e8 affamato d\u2019acqua. Quando il bambino Ges\u00f9 cresce, come una persona matura, inizia a comminare, inizia a immaginare, inizia ad incontrare, inizia ad essere battezzato e inizia a predicare. Il vangelo \u00e8 di Ges\u00f9 Cristo, e l\u2019evangelo \u00e8 Ges\u00f9 Cristo:<\/p>\n\n\n\n<p>\u00abTerra di Z\u00e0bulon e terra di N\u00e8ftali,<br>sulla via del mare, oltre il Giordano,<br>Galilea delle genti!<br>Il popolo che abitava nelle tenebre<br>Vide una grande luce,<br>per quelli che abitavano in regione e ombra di morte<br>una luce \u00e8 sorta\u00bb.<\/p>\n\n\n\n<p>La luce viene con la prima predica \u00abConvertitevi, perch\u00e9 il regno dei cieli \u00e8 vicino\u00bb (Mt 4,17). La buona novella che Ges\u00f9 ha portato \u00e8 proprio \u00abil cielo \u00e8 che si avvicina alla terra\u00bb, cio\u00e8 la vita dopodich\u00e9 sarebbe \u00abcome in cielo, cos\u00ec in terra\u00bb. Quindi, quello che possiamo aspettare ed immaginare \u00e8 che \u00abi ciechi riacquistano la vista, gli zoppi camminano, i lebbrosi sono purificati, i sordi odono, i morti risuscitano, ai poveri \u00e8 annunciata la buona notizia\u00bb (Lc 7, 22).<\/p>\n\n\n\n<p>Il tempo della missione terrena di Ges\u00f9 Cristo \u00e8 un tempo sacro per tutti coloro che vivono con Lui contemporaneamente, una testimonianza cos\u00ec reale e concreta per dire che Dio \u00e8 con noi, bench\u00e9 non sia facile di credere che Ges\u00f9 sia il Cristo. Comunque, quando Ges\u00f9 stava in giro, tantissime genti potevano avere una primavera della loro vita, una rinascita, perch\u00e9 Ges\u00f9 realizzava tutti quei bisogni pi\u00f9 desiderati e pi\u00f9 urgenti per coloro che incontrava e che egli si avvicinavano. Secondo R. M. Doran, il teologo Lonerganiano degli USA, a partire della conversione intellettuale, la conversione religiosa e la conversione morale, c\u2019\u00e8 bisogno anche della conversione psichica, dove la persona umana possa sentire di essere amata e riprendere la forza di amare. L\u2019amore \u00e8 la soluzione per tutti i problemi della vita, perch\u00e9 tutti i problemi vengono dalla mancanza di sentirsi amati. Quindi, tutto quello che Ges\u00f9 faceva \u00e8 un aiuto per gli uomini di rientrare nella sfera dell\u2019amore, e ritrovare l\u2019amore, perch\u00e9 l\u2019amore \u00e8 lo stato innato e il luogo dove abita la nostra divinit\u00e0, come immagine di Dio.&nbsp;<\/p>\n\n\n\n<p>Lo stesso, nella nostra vita quotidiana, quando possiamo sentire l\u2019amore, e riabbracciare l\u2019amore \u00e8 un momento della guarigione, quando la luce illumina le tenebre e la vita ritrova la giusta via. Ges\u00f9 Cristo \u00e8 un modello eccellente per portare quest\u2019amore, soprattutto quando Lui viene crocifisso, il Suo cuore di amore per noi si manifesta come un fuoco. Coloro che vivono nella passione di Ges\u00f9, sono quelli pi\u00f9 capaci di donare la vita agli altri, perch\u00e9 quando una persona ritrova e riconferma che se stessa \u00e8 amata totalmente dall\u2019Altro, naturalmente lui\/lei vuole dare questa luce d\u2019amare agli altri. Cos\u00ec, la nostra Chiesa sempre porta i poveri come l\u2019opzione perfezionale per ristabilire un\u2019ecologia integrale.<\/p>\n\n\n\n<p>Perch\u00e9 i temi come la bellezza della natura, la spiritualit\u00e0, la comunit\u00e0, la cultura e l\u2019educazione dei giovani, sono importanti nella <em>Laudato S\u00ec<\/em>. In questo punto, la conversione psichica \u00e8 anche giustificata. \u00abL\u2019apertura alla bellezza \u00e8 qualcosa che avviene nella psiche. \u00c8 legata alla capacit\u00e0 di immaginazione e di simbolizzazione che emerge dall\u2019inconscio ed \u00e8 evidente\u00bb, e \u00abla conversione psichica ci aiuta ad appropriarci di questa dimensione della soggettivit\u00e0, e non da ultimo dell\u2019importanza del simbolo\u00bb.&nbsp; Come dice Papa Francesco, il motivo per rispettare la comunit\u00e0 locale e la cultura tradizionale dei luoghi concreti, soprattutto quando arriva un progetto verso la loro terra, \u00e8 che \u00abper loro la terra non \u00e8 un bene, ma un dono di Dio e degli antenati che vi riposano, uno spazio sacro con cui devono interagire per mantenere la propria identit\u00e0 e i propri valori\u00bb. Rispettare la terra \u00e8 rispettare tutti i viventi, coloro che abitano questa terra e portano la loro vita su questa terra. Ugualmente, rispettare le persone vuol dire rispettare la loro ecologia integrale: la terra, la cultura, le religioni ecc.<\/p>\n\n\n\n<p><strong>Sophia Lilin Wu<\/strong> \u2013 studentessa della Pontificia Universit\u00e0 Gregoriana, professoressa della Universit\u00e0 degli Studi \u201cGabriele d\u2019Annunzio\u201d Chieti-Pescara.\u00a0\u00a0<\/p>\n\n\n\n<p><em>Fot. Isaac Davis\/Unsplash.com<\/em><\/p>\n","protected":false},"excerpt":{"rendered":"<p>III Domenica del Tempo Ordinario<\/p>\n","protected":false},"author":5,"featured_media":2980,"comment_status":"open","ping_status":"open","sticky":false,"template":"","format":"standard","meta":{"_acf_changed":false,"_exactmetrics_skip_tracking":false,"_exactmetrics_sitenote_active":false,"_exactmetrics_sitenote_note":"","_exactmetrics_sitenote_category":0,"footnotes":""},"categories":[4,13,14],"tags":[],"class_list":["post-2979","post","type-post","status-publish","format-standard","has-post-thumbnail","hentry","category-blog","category-strona-glowna-najnowsze","category-strona-glowna-slider"],"acf":[],"yoast_head":"<!-- This site is optimized with the Yoast SEO plugin v26.2 - https:\/\/yoast.com\/wordpress\/plugins\/seo\/ -->\n<title>Il Popolo che abitava nelle tenebre vide una grande luce - Centro di Documentazione e Studio del Pontificato di Giovanni Paolo II a Roma<\/title>\n<meta name=\"robots\" content=\"index, follow, max-snippet:-1, max-image-preview:large, max-video-preview:-1\" \/>\n<link rel=\"canonical\" href=\"https:\/\/jp2doc.pl\/it\/2023\/01\/28\/il-popolo-che-abitava-nelle-tenebre-vide-una-grande-luce\/\" \/>\n<meta property=\"og:locale\" content=\"it_IT\" \/>\n<meta property=\"og:type\" content=\"article\" \/>\n<meta property=\"og:title\" content=\"Il Popolo che abitava nelle tenebre vide una grande luce - Centro di Documentazione e Studio del Pontificato di Giovanni Paolo II a Roma\" \/>\n<meta property=\"og:description\" content=\"III Domenica del Tempo Ordinario\" \/>\n<meta property=\"og:url\" content=\"https:\/\/jp2doc.pl\/it\/2023\/01\/28\/il-popolo-che-abitava-nelle-tenebre-vide-una-grande-luce\/\" \/>\n<meta property=\"og:site_name\" content=\"Centro di Documentazione e Studio del Pontificato di Giovanni Paolo II a Roma\" \/>\n<meta property=\"article:published_time\" content=\"2023-01-28T21:52:57+00:00\" \/>\n<meta property=\"article:modified_time\" content=\"2023-01-28T21:52:58+00:00\" \/>\n<meta property=\"og:image\" content=\"https:\/\/jp2doc.pl\/it\/wp-content\/uploads\/sites\/3\/2023\/01\/isaac-davis-rzCi3mD-6ho-unsplash.jpg\" \/>\n\t<meta property=\"og:image:width\" content=\"1920\" \/>\n\t<meta property=\"og:image:height\" content=\"1280\" \/>\n\t<meta property=\"og:image:type\" content=\"image\/jpeg\" \/>\n<meta name=\"author\" content=\"juliasercanka\" \/>\n<meta name=\"twitter:card\" content=\"summary_large_image\" \/>\n<meta name=\"twitter:label1\" content=\"Scritto da\" \/>\n\t<meta name=\"twitter:data1\" content=\"juliasercanka\" \/>\n\t<meta name=\"twitter:label2\" content=\"Tempo di lettura stimato\" \/>\n\t<meta name=\"twitter:data2\" content=\"3 minuti\" \/>\n<script type=\"application\/ld+json\" class=\"yoast-schema-graph\">{\"@context\":\"https:\/\/schema.org\",\"@graph\":[{\"@type\":\"Article\",\"@id\":\"https:\/\/jp2doc.pl\/it\/2023\/01\/28\/il-popolo-che-abitava-nelle-tenebre-vide-una-grande-luce\/#article\",\"isPartOf\":{\"@id\":\"https:\/\/jp2doc.pl\/it\/2023\/01\/28\/il-popolo-che-abitava-nelle-tenebre-vide-una-grande-luce\/\"},\"author\":{\"name\":\"juliasercanka\",\"@id\":\"https:\/\/jp2doc.pl\/it\/#\/schema\/person\/6110109e80abb51f6fac4824777eabfe\"},\"headline\":\"Il Popolo che abitava nelle tenebre vide una grande luce\",\"datePublished\":\"2023-01-28T21:52:57+00:00\",\"dateModified\":\"2023-01-28T21:52:58+00:00\",\"mainEntityOfPage\":{\"@id\":\"https:\/\/jp2doc.pl\/it\/2023\/01\/28\/il-popolo-che-abitava-nelle-tenebre-vide-una-grande-luce\/\"},\"wordCount\":685,\"commentCount\":0,\"publisher\":{\"@id\":\"https:\/\/jp2doc.pl\/it\/#organization\"},\"image\":{\"@id\":\"https:\/\/jp2doc.pl\/it\/2023\/01\/28\/il-popolo-che-abitava-nelle-tenebre-vide-una-grande-luce\/#primaryimage\"},\"thumbnailUrl\":\"https:\/\/jp2doc.pl\/it\/wp-content\/uploads\/sites\/3\/2023\/01\/isaac-davis-rzCi3mD-6ho-unsplash.jpg\",\"articleSection\":[\"Blog\",\"Strona g\u0142\u00f3wna - najnowsze\",\"Strona g\u0142\u00f3wna - slider\"],\"inLanguage\":\"it-IT\",\"potentialAction\":[{\"@type\":\"CommentAction\",\"name\":\"Comment\",\"target\":[\"https:\/\/jp2doc.pl\/it\/2023\/01\/28\/il-popolo-che-abitava-nelle-tenebre-vide-una-grande-luce\/#respond\"]}]},{\"@type\":\"WebPage\",\"@id\":\"https:\/\/jp2doc.pl\/it\/2023\/01\/28\/il-popolo-che-abitava-nelle-tenebre-vide-una-grande-luce\/\",\"url\":\"https:\/\/jp2doc.pl\/it\/2023\/01\/28\/il-popolo-che-abitava-nelle-tenebre-vide-una-grande-luce\/\",\"name\":\"Il Popolo che abitava nelle tenebre vide una grande luce - Centro di Documentazione e Studio del Pontificato di Giovanni Paolo II a Roma\",\"isPartOf\":{\"@id\":\"https:\/\/jp2doc.pl\/it\/#website\"},\"primaryImageOfPage\":{\"@id\":\"https:\/\/jp2doc.pl\/it\/2023\/01\/28\/il-popolo-che-abitava-nelle-tenebre-vide-una-grande-luce\/#primaryimage\"},\"image\":{\"@id\":\"https:\/\/jp2doc.pl\/it\/2023\/01\/28\/il-popolo-che-abitava-nelle-tenebre-vide-una-grande-luce\/#primaryimage\"},\"thumbnailUrl\":\"https:\/\/jp2doc.pl\/it\/wp-content\/uploads\/sites\/3\/2023\/01\/isaac-davis-rzCi3mD-6ho-unsplash.jpg\",\"datePublished\":\"2023-01-28T21:52:57+00:00\",\"dateModified\":\"2023-01-28T21:52:58+00:00\",\"breadcrumb\":{\"@id\":\"https:\/\/jp2doc.pl\/it\/2023\/01\/28\/il-popolo-che-abitava-nelle-tenebre-vide-una-grande-luce\/#breadcrumb\"},\"inLanguage\":\"it-IT\",\"potentialAction\":[{\"@type\":\"ReadAction\",\"target\":[\"https:\/\/jp2doc.pl\/it\/2023\/01\/28\/il-popolo-che-abitava-nelle-tenebre-vide-una-grande-luce\/\"]}]},{\"@type\":\"ImageObject\",\"inLanguage\":\"it-IT\",\"@id\":\"https:\/\/jp2doc.pl\/it\/2023\/01\/28\/il-popolo-che-abitava-nelle-tenebre-vide-una-grande-luce\/#primaryimage\",\"url\":\"https:\/\/jp2doc.pl\/it\/wp-content\/uploads\/sites\/3\/2023\/01\/isaac-davis-rzCi3mD-6ho-unsplash.jpg\",\"contentUrl\":\"https:\/\/jp2doc.pl\/it\/wp-content\/uploads\/sites\/3\/2023\/01\/isaac-davis-rzCi3mD-6ho-unsplash.jpg\",\"width\":1920,\"height\":1280},{\"@type\":\"BreadcrumbList\",\"@id\":\"https:\/\/jp2doc.pl\/it\/2023\/01\/28\/il-popolo-che-abitava-nelle-tenebre-vide-una-grande-luce\/#breadcrumb\",\"itemListElement\":[{\"@type\":\"ListItem\",\"position\":1,\"name\":\"Home\",\"item\":\"https:\/\/jp2doc.pl\/it\/\"},{\"@type\":\"ListItem\",\"position\":2,\"name\":\"Il Popolo che abitava nelle tenebre vide una grande luce\"}]},{\"@type\":\"WebSite\",\"@id\":\"https:\/\/jp2doc.pl\/it\/#website\",\"url\":\"https:\/\/jp2doc.pl\/it\/\",\"name\":\"Centro di Documentazione e Studio del Pontificato di Giovanni Paolo II a Roma\",\"description\":\"\",\"publisher\":{\"@id\":\"https:\/\/jp2doc.pl\/it\/#organization\"},\"potentialAction\":[{\"@type\":\"SearchAction\",\"target\":{\"@type\":\"EntryPoint\",\"urlTemplate\":\"https:\/\/jp2doc.pl\/it\/?s={search_term_string}\"},\"query-input\":{\"@type\":\"PropertyValueSpecification\",\"valueRequired\":true,\"valueName\":\"search_term_string\"}}],\"inLanguage\":\"it-IT\"},{\"@type\":\"Organization\",\"@id\":\"https:\/\/jp2doc.pl\/it\/#organization\",\"name\":\"Centro di Documentazione e Studio del Pontificato di Giovanni Paolo II a Roma\",\"url\":\"https:\/\/jp2doc.pl\/it\/\",\"logo\":{\"@type\":\"ImageObject\",\"inLanguage\":\"it-IT\",\"@id\":\"https:\/\/jp2doc.pl\/it\/#\/schema\/logo\/image\/\",\"url\":\"https:\/\/jp2doc.pl\/it\/wp-content\/uploads\/sites\/3\/2017\/03\/cropped-logo.png\",\"contentUrl\":\"https:\/\/jp2doc.pl\/it\/wp-content\/uploads\/sites\/3\/2017\/03\/cropped-logo.png\",\"width\":115,\"height\":115,\"caption\":\"Centro di Documentazione e Studio del Pontificato di Giovanni Paolo II a Roma\"},\"image\":{\"@id\":\"https:\/\/jp2doc.pl\/it\/#\/schema\/logo\/image\/\"}},{\"@type\":\"Person\",\"@id\":\"https:\/\/jp2doc.pl\/it\/#\/schema\/person\/6110109e80abb51f6fac4824777eabfe\",\"name\":\"juliasercanka\",\"image\":{\"@type\":\"ImageObject\",\"inLanguage\":\"it-IT\",\"@id\":\"https:\/\/jp2doc.pl\/it\/#\/schema\/person\/image\/\",\"url\":\"https:\/\/secure.gravatar.com\/avatar\/266a66e864556e22d55d61b6b10c97fab9060767b738564bcd109f3997e372bc?s=96&d=mm&r=g\",\"contentUrl\":\"https:\/\/secure.gravatar.com\/avatar\/266a66e864556e22d55d61b6b10c97fab9060767b738564bcd109f3997e372bc?s=96&d=mm&r=g\",\"caption\":\"juliasercanka\"},\"url\":\"https:\/\/jp2doc.pl\/it\/author\/juliasercanka\/\"}]}<\/script>\n<!-- \/ Yoast SEO plugin. -->","yoast_head_json":{"title":"Il Popolo che abitava nelle tenebre vide una grande luce - Centro di Documentazione e Studio del Pontificato di Giovanni Paolo II a Roma","robots":{"index":"index","follow":"follow","max-snippet":"max-snippet:-1","max-image-preview":"max-image-preview:large","max-video-preview":"max-video-preview:-1"},"canonical":"https:\/\/jp2doc.pl\/it\/2023\/01\/28\/il-popolo-che-abitava-nelle-tenebre-vide-una-grande-luce\/","og_locale":"it_IT","og_type":"article","og_title":"Il Popolo che abitava nelle tenebre vide una grande luce - Centro di Documentazione e Studio del Pontificato di Giovanni Paolo II a Roma","og_description":"III Domenica del Tempo Ordinario","og_url":"https:\/\/jp2doc.pl\/it\/2023\/01\/28\/il-popolo-che-abitava-nelle-tenebre-vide-una-grande-luce\/","og_site_name":"Centro di Documentazione e Studio del Pontificato di Giovanni Paolo II a Roma","article_published_time":"2023-01-28T21:52:57+00:00","article_modified_time":"2023-01-28T21:52:58+00:00","og_image":[{"width":1920,"height":1280,"url":"https:\/\/jp2doc.pl\/it\/wp-content\/uploads\/sites\/3\/2023\/01\/isaac-davis-rzCi3mD-6ho-unsplash.jpg","type":"image\/jpeg"}],"author":"juliasercanka","twitter_card":"summary_large_image","twitter_misc":{"Scritto da":"juliasercanka","Tempo di lettura stimato":"3 minuti"},"schema":{"@context":"https:\/\/schema.org","@graph":[{"@type":"Article","@id":"https:\/\/jp2doc.pl\/it\/2023\/01\/28\/il-popolo-che-abitava-nelle-tenebre-vide-una-grande-luce\/#article","isPartOf":{"@id":"https:\/\/jp2doc.pl\/it\/2023\/01\/28\/il-popolo-che-abitava-nelle-tenebre-vide-una-grande-luce\/"},"author":{"name":"juliasercanka","@id":"https:\/\/jp2doc.pl\/it\/#\/schema\/person\/6110109e80abb51f6fac4824777eabfe"},"headline":"Il Popolo che abitava nelle tenebre vide una grande luce","datePublished":"2023-01-28T21:52:57+00:00","dateModified":"2023-01-28T21:52:58+00:00","mainEntityOfPage":{"@id":"https:\/\/jp2doc.pl\/it\/2023\/01\/28\/il-popolo-che-abitava-nelle-tenebre-vide-una-grande-luce\/"},"wordCount":685,"commentCount":0,"publisher":{"@id":"https:\/\/jp2doc.pl\/it\/#organization"},"image":{"@id":"https:\/\/jp2doc.pl\/it\/2023\/01\/28\/il-popolo-che-abitava-nelle-tenebre-vide-una-grande-luce\/#primaryimage"},"thumbnailUrl":"https:\/\/jp2doc.pl\/it\/wp-content\/uploads\/sites\/3\/2023\/01\/isaac-davis-rzCi3mD-6ho-unsplash.jpg","articleSection":["Blog","Strona g\u0142\u00f3wna - najnowsze","Strona g\u0142\u00f3wna - slider"],"inLanguage":"it-IT","potentialAction":[{"@type":"CommentAction","name":"Comment","target":["https:\/\/jp2doc.pl\/it\/2023\/01\/28\/il-popolo-che-abitava-nelle-tenebre-vide-una-grande-luce\/#respond"]}]},{"@type":"WebPage","@id":"https:\/\/jp2doc.pl\/it\/2023\/01\/28\/il-popolo-che-abitava-nelle-tenebre-vide-una-grande-luce\/","url":"https:\/\/jp2doc.pl\/it\/2023\/01\/28\/il-popolo-che-abitava-nelle-tenebre-vide-una-grande-luce\/","name":"Il Popolo che abitava nelle tenebre vide una grande luce - Centro di Documentazione e Studio del Pontificato di Giovanni Paolo II a Roma","isPartOf":{"@id":"https:\/\/jp2doc.pl\/it\/#website"},"primaryImageOfPage":{"@id":"https:\/\/jp2doc.pl\/it\/2023\/01\/28\/il-popolo-che-abitava-nelle-tenebre-vide-una-grande-luce\/#primaryimage"},"image":{"@id":"https:\/\/jp2doc.pl\/it\/2023\/01\/28\/il-popolo-che-abitava-nelle-tenebre-vide-una-grande-luce\/#primaryimage"},"thumbnailUrl":"https:\/\/jp2doc.pl\/it\/wp-content\/uploads\/sites\/3\/2023\/01\/isaac-davis-rzCi3mD-6ho-unsplash.jpg","datePublished":"2023-01-28T21:52:57+00:00","dateModified":"2023-01-28T21:52:58+00:00","breadcrumb":{"@id":"https:\/\/jp2doc.pl\/it\/2023\/01\/28\/il-popolo-che-abitava-nelle-tenebre-vide-una-grande-luce\/#breadcrumb"},"inLanguage":"it-IT","potentialAction":[{"@type":"ReadAction","target":["https:\/\/jp2doc.pl\/it\/2023\/01\/28\/il-popolo-che-abitava-nelle-tenebre-vide-una-grande-luce\/"]}]},{"@type":"ImageObject","inLanguage":"it-IT","@id":"https:\/\/jp2doc.pl\/it\/2023\/01\/28\/il-popolo-che-abitava-nelle-tenebre-vide-una-grande-luce\/#primaryimage","url":"https:\/\/jp2doc.pl\/it\/wp-content\/uploads\/sites\/3\/2023\/01\/isaac-davis-rzCi3mD-6ho-unsplash.jpg","contentUrl":"https:\/\/jp2doc.pl\/it\/wp-content\/uploads\/sites\/3\/2023\/01\/isaac-davis-rzCi3mD-6ho-unsplash.jpg","width":1920,"height":1280},{"@type":"BreadcrumbList","@id":"https:\/\/jp2doc.pl\/it\/2023\/01\/28\/il-popolo-che-abitava-nelle-tenebre-vide-una-grande-luce\/#breadcrumb","itemListElement":[{"@type":"ListItem","position":1,"name":"Home","item":"https:\/\/jp2doc.pl\/it\/"},{"@type":"ListItem","position":2,"name":"Il Popolo che abitava nelle tenebre vide una grande luce"}]},{"@type":"WebSite","@id":"https:\/\/jp2doc.pl\/it\/#website","url":"https:\/\/jp2doc.pl\/it\/","name":"Centro di Documentazione e Studio del Pontificato di Giovanni Paolo II a Roma","description":"","publisher":{"@id":"https:\/\/jp2doc.pl\/it\/#organization"},"potentialAction":[{"@type":"SearchAction","target":{"@type":"EntryPoint","urlTemplate":"https:\/\/jp2doc.pl\/it\/?s={search_term_string}"},"query-input":{"@type":"PropertyValueSpecification","valueRequired":true,"valueName":"search_term_string"}}],"inLanguage":"it-IT"},{"@type":"Organization","@id":"https:\/\/jp2doc.pl\/it\/#organization","name":"Centro di Documentazione e Studio del Pontificato di Giovanni Paolo II a Roma","url":"https:\/\/jp2doc.pl\/it\/","logo":{"@type":"ImageObject","inLanguage":"it-IT","@id":"https:\/\/jp2doc.pl\/it\/#\/schema\/logo\/image\/","url":"https:\/\/jp2doc.pl\/it\/wp-content\/uploads\/sites\/3\/2017\/03\/cropped-logo.png","contentUrl":"https:\/\/jp2doc.pl\/it\/wp-content\/uploads\/sites\/3\/2017\/03\/cropped-logo.png","width":115,"height":115,"caption":"Centro di Documentazione e Studio del Pontificato di Giovanni Paolo II a Roma"},"image":{"@id":"https:\/\/jp2doc.pl\/it\/#\/schema\/logo\/image\/"}},{"@type":"Person","@id":"https:\/\/jp2doc.pl\/it\/#\/schema\/person\/6110109e80abb51f6fac4824777eabfe","name":"juliasercanka","image":{"@type":"ImageObject","inLanguage":"it-IT","@id":"https:\/\/jp2doc.pl\/it\/#\/schema\/person\/image\/","url":"https:\/\/secure.gravatar.com\/avatar\/266a66e864556e22d55d61b6b10c97fab9060767b738564bcd109f3997e372bc?s=96&d=mm&r=g","contentUrl":"https:\/\/secure.gravatar.com\/avatar\/266a66e864556e22d55d61b6b10c97fab9060767b738564bcd109f3997e372bc?s=96&d=mm&r=g","caption":"juliasercanka"},"url":"https:\/\/jp2doc.pl\/it\/author\/juliasercanka\/"}]}},"_links":{"self":[{"href":"https:\/\/jp2doc.pl\/it\/wp-json\/wp\/v2\/posts\/2979","targetHints":{"allow":["GET"]}}],"collection":[{"href":"https:\/\/jp2doc.pl\/it\/wp-json\/wp\/v2\/posts"}],"about":[{"href":"https:\/\/jp2doc.pl\/it\/wp-json\/wp\/v2\/types\/post"}],"author":[{"embeddable":true,"href":"https:\/\/jp2doc.pl\/it\/wp-json\/wp\/v2\/users\/5"}],"replies":[{"embeddable":true,"href":"https:\/\/jp2doc.pl\/it\/wp-json\/wp\/v2\/comments?post=2979"}],"version-history":[{"count":1,"href":"https:\/\/jp2doc.pl\/it\/wp-json\/wp\/v2\/posts\/2979\/revisions"}],"predecessor-version":[{"id":2981,"href":"https:\/\/jp2doc.pl\/it\/wp-json\/wp\/v2\/posts\/2979\/revisions\/2981"}],"wp:featuredmedia":[{"embeddable":true,"href":"https:\/\/jp2doc.pl\/it\/wp-json\/wp\/v2\/media\/2980"}],"wp:attachment":[{"href":"https:\/\/jp2doc.pl\/it\/wp-json\/wp\/v2\/media?parent=2979"}],"wp:term":[{"taxonomy":"category","embeddable":true,"href":"https:\/\/jp2doc.pl\/it\/wp-json\/wp\/v2\/categories?post=2979"},{"taxonomy":"post_tag","embeddable":true,"href":"https:\/\/jp2doc.pl\/it\/wp-json\/wp\/v2\/tags?post=2979"}],"curies":[{"name":"wp","href":"https:\/\/api.w.org\/{rel}","templated":true}]}}