{"id":2991,"date":"2023-02-24T22:45:55","date_gmt":"2023-02-24T21:45:55","guid":{"rendered":"https:\/\/jp2doc.pl\/it\/?p=2991"},"modified":"2023-02-24T22:45:56","modified_gmt":"2023-02-24T21:45:56","slug":"vi-comando-lamore-2","status":"publish","type":"post","link":"https:\/\/jp2doc.pl\/it\/2023\/02\/24\/vi-comando-lamore-2\/","title":{"rendered":"\u201cVi comando l\u2019amore!\u201d"},"content":{"rendered":"\n<p>Il Vangelo che abbiamo ascoltato ci presenta la continuazione del brano iniziato la scorsa domenica: Ges\u00f9 che viene a portarci la nuova legge: non viene ad abolire la legge e i profeti, ma ci d\u00e0 delle esortazioni per aiutarci affinch\u00e9 possiamo viverla in pienezza, secondo le intenzioni del Padre, come l\u2019ha sempre desiderata&#8230; il rischio sempre presente, anche per noi oggi \u00e8 quello di voler fare come i farisei, che erano abili a sostituire la legge con le tradizioni degli antichi, si aggiustavano a loro comodo la legge e quindi si tradisce il valore originale, e la parola di Ges\u00f9 ce lo ricorda a noi anche oggi&#8230;<\/p>\n\n\n\n<p>E mentre Ges\u00f9 scorsa domenica parlava con linguaggio \u201cforte\u201d esortandoci ad un cambiamento radicale&#8230; ricordiamo \u201c<em>non dire pazzo, stupito al fratello<\/em>\u201d\u2026 parlava di \u201c<em>togliere l\u2019occhio, o la mano, quando diventa motivo di scandalo<\/em>\u201d,&#8230; non sono solo le parole che possono ferire, possono fare del male ai nostri amici&#8230; ma riflettere anche sul male che possiamo fare con il pensiero, con il desiderio. E in tutto questo Ges\u00f9 ci metteva di fronte ai rischi in cui andiamo incontro se non ci apriamo a questa nuova mentalit\u00e0, all\u2019amore verso il prossimo, &#8230; parlandoci addirittura di \u201c<em>condanna, del fuoco della Genna<\/em>\u201d.<\/p>\n\n\n\n<p>Ma in questo Vangelo che abbiamo ascoltato, l\u2019atteggiamento di Ges\u00f9 \u00e8 sempre esigente, ma ci invita ad essere propositivi, generosi; a fare noi il primo passo \u201c<em>d\u00e0 a chi ti chiede<\/em>\u201d, se da te vuole un <em>tot<\/em>, tu sii abbondante, elargisci con abbondanza\u2026 supera la mentalit\u00e0 dell\u2019 \u201c<em>occhio per occhio, dente per dente<\/em>\u201d, cio\u00e8 l\u2019essere fiscali, ti ripago esattamente per quello che mi hai dato, nel bene o nel male, ma essere capaci di donare con abbondanza, di chi non pensa al proprio tornaconto.<\/p>\n\n\n\n<p>\u00c8 questo che ci porta a quella perfezione della legge che \u00e8 l\u2019amore, nella sua forma pi\u00f9 autentica che si esprime nell\u2019amore verso i nemici: amare, come anche pregare, per chi ci fa del male: per chi ci perseguita&#8230; che continua nella sua azione conto di noi, che continua a darci fastidio&#8230; qui vi rientrano tutte le tensioni, i contrasti, gli screzi che possiamo avere con i fratelli&#8230; che non sono veri nemici, ma le persone con cui condividiamo la vita quotidiana, in famiglia, a scuola, nel lavoro\u2026 E quando parliamo male l\u2019uno dell\u2019altro, quando ci vendichiamo dei torti, quando facciamo dispetti, tutto questo non fa altro che alimentare le inimicizie, fa crescere le divisioni tra di noi e ci fa dimenticare che anche il nemico \u00e8 e rimane nostro fratello, che siamo entrambi amati da Dio, che non fa preferenze di persone ma \u201c<em>fa piovere sui giusti e sugli ingiusti<\/em>\u201d.<\/p>\n\n\n\n<p>Cos\u00ec la prima lettura ci offre una strada, ovvero incamminarci sulla via della santit\u00e0 \u201c<em>siate santi, come io sono Santo<\/em>\u201d ci dice non che cos\u2019\u00e8 la santit\u00e0, ma come fare per essere santi\u2026 evitando tutto ci\u00f2 che diventa un ostacolo\u2026 l\u2019odio, la vendetta, il rancore, sono sentimenti che ci rendono arrabbiati conto tutti, e diventiamo incapaci di amare veramente; invece se amiamo veramente un fratello, anche il rimprovero quando \u00e8 buono, quando cerca di correggere, diventa un occasione per imparare e crescere.<\/p>\n\n\n\n<p>Come fare tutto questo? Ges\u00f9 sembra scoraggiarci, quando dice che tutto ci\u00f2 che facciamo a quelli che ci amano in fondo non \u00e8 nulla di straordinario. Anche i pagani, coloro che non credono in Dio, si comportano cos\u00ec\u2026 ricambiano il bene che gli altri fanno, salutano che mi saluta\u2026 ma la santit\u00e0 a cui tutti siamo chiamati \u00e8 qualcosa di \u201c<em>straordinario<\/em>\u201d, non nel senso che \u00e8 impossibile o difficile.<\/p>\n\n\n\n<p>Anche a noi viene chiesto, di <em>\u201clavorare con il cuore\u201d<\/em>; non fare cose straordinarie, ma di straordinario deve essere il nostro amore, nel vivere ogni giorno&#8230; allora anche le cose pi\u00f9 piccole, diventano perfette davanti agli occhi di Dio.<\/p>\n\n\n\n<p><strong>Michele Messi<\/strong> \u2013 passionista<\/p>\n\n\n\n<p><em>Fot. StockSnap<\/em><\/p>\n","protected":false},"excerpt":{"rendered":"<p>VII Domenica del Tempo Ordinario<\/p>\n","protected":false},"author":5,"featured_media":1728,"comment_status":"open","ping_status":"open","sticky":false,"template":"","format":"standard","meta":{"_acf_changed":false,"_exactmetrics_skip_tracking":false,"_exactmetrics_sitenote_active":false,"_exactmetrics_sitenote_note":"","_exactmetrics_sitenote_category":0,"footnotes":""},"categories":[4,13,14],"tags":[],"class_list":["post-2991","post","type-post","status-publish","format-standard","has-post-thumbnail","hentry","category-blog","category-strona-glowna-najnowsze","category-strona-glowna-slider"],"acf":[],"yoast_head":"<!-- This site is optimized with the Yoast SEO plugin v26.2 - https:\/\/yoast.com\/wordpress\/plugins\/seo\/ -->\n<title>\u201cVi comando l\u2019amore!\u201d - Centro di Documentazione e Studio del Pontificato di Giovanni Paolo II a Roma<\/title>\n<meta name=\"robots\" content=\"index, follow, max-snippet:-1, max-image-preview:large, max-video-preview:-1\" \/>\n<link rel=\"canonical\" href=\"https:\/\/jp2doc.pl\/it\/2023\/02\/24\/vi-comando-lamore-2\/\" \/>\n<meta property=\"og:locale\" content=\"it_IT\" \/>\n<meta property=\"og:type\" content=\"article\" \/>\n<meta property=\"og:title\" content=\"\u201cVi comando l\u2019amore!\u201d - Centro di Documentazione e Studio del Pontificato di Giovanni Paolo II a Roma\" \/>\n<meta property=\"og:description\" content=\"VII Domenica del Tempo Ordinario\" \/>\n<meta property=\"og:url\" content=\"https:\/\/jp2doc.pl\/it\/2023\/02\/24\/vi-comando-lamore-2\/\" \/>\n<meta property=\"og:site_name\" content=\"Centro di Documentazione e Studio del Pontificato di Giovanni Paolo II a Roma\" \/>\n<meta property=\"article:published_time\" content=\"2023-02-24T21:45:55+00:00\" \/>\n<meta property=\"article:modified_time\" content=\"2023-02-24T21:45:56+00:00\" \/>\n<meta property=\"og:image\" content=\"https:\/\/jp2doc.pl\/it\/wp-content\/uploads\/sites\/3\/2017\/07\/StockSnap_MGT0FYTV7Q.jpg\" \/>\n\t<meta property=\"og:image:width\" content=\"1368\" \/>\n\t<meta property=\"og:image:height\" content=\"912\" \/>\n\t<meta property=\"og:image:type\" content=\"image\/jpeg\" \/>\n<meta name=\"author\" content=\"juliasercanka\" \/>\n<meta name=\"twitter:card\" content=\"summary_large_image\" \/>\n<meta name=\"twitter:label1\" content=\"Scritto da\" \/>\n\t<meta name=\"twitter:data1\" content=\"juliasercanka\" \/>\n\t<meta name=\"twitter:label2\" content=\"Tempo di lettura stimato\" \/>\n\t<meta name=\"twitter:data2\" content=\"3 minuti\" \/>\n<script type=\"application\/ld+json\" class=\"yoast-schema-graph\">{\"@context\":\"https:\/\/schema.org\",\"@graph\":[{\"@type\":\"Article\",\"@id\":\"https:\/\/jp2doc.pl\/it\/2023\/02\/24\/vi-comando-lamore-2\/#article\",\"isPartOf\":{\"@id\":\"https:\/\/jp2doc.pl\/it\/2023\/02\/24\/vi-comando-lamore-2\/\"},\"author\":{\"name\":\"juliasercanka\",\"@id\":\"https:\/\/jp2doc.pl\/it\/#\/schema\/person\/6110109e80abb51f6fac4824777eabfe\"},\"headline\":\"\u201cVi comando l\u2019amore!\u201d\",\"datePublished\":\"2023-02-24T21:45:55+00:00\",\"dateModified\":\"2023-02-24T21:45:56+00:00\",\"mainEntityOfPage\":{\"@id\":\"https:\/\/jp2doc.pl\/it\/2023\/02\/24\/vi-comando-lamore-2\/\"},\"wordCount\":639,\"commentCount\":0,\"publisher\":{\"@id\":\"https:\/\/jp2doc.pl\/it\/#organization\"},\"image\":{\"@id\":\"https:\/\/jp2doc.pl\/it\/2023\/02\/24\/vi-comando-lamore-2\/#primaryimage\"},\"thumbnailUrl\":\"https:\/\/jp2doc.pl\/it\/wp-content\/uploads\/sites\/3\/2017\/07\/StockSnap_MGT0FYTV7Q.jpg\",\"articleSection\":[\"Blog\",\"Strona g\u0142\u00f3wna - najnowsze\",\"Strona g\u0142\u00f3wna - slider\"],\"inLanguage\":\"it-IT\",\"potentialAction\":[{\"@type\":\"CommentAction\",\"name\":\"Comment\",\"target\":[\"https:\/\/jp2doc.pl\/it\/2023\/02\/24\/vi-comando-lamore-2\/#respond\"]}]},{\"@type\":\"WebPage\",\"@id\":\"https:\/\/jp2doc.pl\/it\/2023\/02\/24\/vi-comando-lamore-2\/\",\"url\":\"https:\/\/jp2doc.pl\/it\/2023\/02\/24\/vi-comando-lamore-2\/\",\"name\":\"\u201cVi comando l\u2019amore!\u201d - Centro di Documentazione e Studio del Pontificato di Giovanni Paolo II a Roma\",\"isPartOf\":{\"@id\":\"https:\/\/jp2doc.pl\/it\/#website\"},\"primaryImageOfPage\":{\"@id\":\"https:\/\/jp2doc.pl\/it\/2023\/02\/24\/vi-comando-lamore-2\/#primaryimage\"},\"image\":{\"@id\":\"https:\/\/jp2doc.pl\/it\/2023\/02\/24\/vi-comando-lamore-2\/#primaryimage\"},\"thumbnailUrl\":\"https:\/\/jp2doc.pl\/it\/wp-content\/uploads\/sites\/3\/2017\/07\/StockSnap_MGT0FYTV7Q.jpg\",\"datePublished\":\"2023-02-24T21:45:55+00:00\",\"dateModified\":\"2023-02-24T21:45:56+00:00\",\"breadcrumb\":{\"@id\":\"https:\/\/jp2doc.pl\/it\/2023\/02\/24\/vi-comando-lamore-2\/#breadcrumb\"},\"inLanguage\":\"it-IT\",\"potentialAction\":[{\"@type\":\"ReadAction\",\"target\":[\"https:\/\/jp2doc.pl\/it\/2023\/02\/24\/vi-comando-lamore-2\/\"]}]},{\"@type\":\"ImageObject\",\"inLanguage\":\"it-IT\",\"@id\":\"https:\/\/jp2doc.pl\/it\/2023\/02\/24\/vi-comando-lamore-2\/#primaryimage\",\"url\":\"https:\/\/jp2doc.pl\/it\/wp-content\/uploads\/sites\/3\/2017\/07\/StockSnap_MGT0FYTV7Q.jpg\",\"contentUrl\":\"https:\/\/jp2doc.pl\/it\/wp-content\/uploads\/sites\/3\/2017\/07\/StockSnap_MGT0FYTV7Q.jpg\",\"width\":1368,\"height\":912},{\"@type\":\"BreadcrumbList\",\"@id\":\"https:\/\/jp2doc.pl\/it\/2023\/02\/24\/vi-comando-lamore-2\/#breadcrumb\",\"itemListElement\":[{\"@type\":\"ListItem\",\"position\":1,\"name\":\"Home\",\"item\":\"https:\/\/jp2doc.pl\/it\/\"},{\"@type\":\"ListItem\",\"position\":2,\"name\":\"\u201cVi comando l\u2019amore!\u201d\"}]},{\"@type\":\"WebSite\",\"@id\":\"https:\/\/jp2doc.pl\/it\/#website\",\"url\":\"https:\/\/jp2doc.pl\/it\/\",\"name\":\"Centro di Documentazione e Studio del Pontificato di Giovanni Paolo II a Roma\",\"description\":\"\",\"publisher\":{\"@id\":\"https:\/\/jp2doc.pl\/it\/#organization\"},\"potentialAction\":[{\"@type\":\"SearchAction\",\"target\":{\"@type\":\"EntryPoint\",\"urlTemplate\":\"https:\/\/jp2doc.pl\/it\/?s={search_term_string}\"},\"query-input\":{\"@type\":\"PropertyValueSpecification\",\"valueRequired\":true,\"valueName\":\"search_term_string\"}}],\"inLanguage\":\"it-IT\"},{\"@type\":\"Organization\",\"@id\":\"https:\/\/jp2doc.pl\/it\/#organization\",\"name\":\"Centro di Documentazione e Studio del Pontificato di Giovanni Paolo II a Roma\",\"url\":\"https:\/\/jp2doc.pl\/it\/\",\"logo\":{\"@type\":\"ImageObject\",\"inLanguage\":\"it-IT\",\"@id\":\"https:\/\/jp2doc.pl\/it\/#\/schema\/logo\/image\/\",\"url\":\"https:\/\/jp2doc.pl\/it\/wp-content\/uploads\/sites\/3\/2017\/03\/cropped-logo.png\",\"contentUrl\":\"https:\/\/jp2doc.pl\/it\/wp-content\/uploads\/sites\/3\/2017\/03\/cropped-logo.png\",\"width\":115,\"height\":115,\"caption\":\"Centro di Documentazione e Studio del Pontificato di Giovanni Paolo II a Roma\"},\"image\":{\"@id\":\"https:\/\/jp2doc.pl\/it\/#\/schema\/logo\/image\/\"}},{\"@type\":\"Person\",\"@id\":\"https:\/\/jp2doc.pl\/it\/#\/schema\/person\/6110109e80abb51f6fac4824777eabfe\",\"name\":\"juliasercanka\",\"image\":{\"@type\":\"ImageObject\",\"inLanguage\":\"it-IT\",\"@id\":\"https:\/\/jp2doc.pl\/it\/#\/schema\/person\/image\/\",\"url\":\"https:\/\/secure.gravatar.com\/avatar\/266a66e864556e22d55d61b6b10c97fab9060767b738564bcd109f3997e372bc?s=96&d=mm&r=g\",\"contentUrl\":\"https:\/\/secure.gravatar.com\/avatar\/266a66e864556e22d55d61b6b10c97fab9060767b738564bcd109f3997e372bc?s=96&d=mm&r=g\",\"caption\":\"juliasercanka\"},\"url\":\"https:\/\/jp2doc.pl\/it\/author\/juliasercanka\/\"}]}<\/script>\n<!-- \/ Yoast SEO plugin. -->","yoast_head_json":{"title":"\u201cVi comando l\u2019amore!\u201d - Centro di Documentazione e Studio del Pontificato di Giovanni Paolo II a Roma","robots":{"index":"index","follow":"follow","max-snippet":"max-snippet:-1","max-image-preview":"max-image-preview:large","max-video-preview":"max-video-preview:-1"},"canonical":"https:\/\/jp2doc.pl\/it\/2023\/02\/24\/vi-comando-lamore-2\/","og_locale":"it_IT","og_type":"article","og_title":"\u201cVi comando l\u2019amore!\u201d - Centro di Documentazione e Studio del Pontificato di Giovanni Paolo II a Roma","og_description":"VII Domenica del Tempo Ordinario","og_url":"https:\/\/jp2doc.pl\/it\/2023\/02\/24\/vi-comando-lamore-2\/","og_site_name":"Centro di Documentazione e Studio del Pontificato di Giovanni Paolo II a Roma","article_published_time":"2023-02-24T21:45:55+00:00","article_modified_time":"2023-02-24T21:45:56+00:00","og_image":[{"width":1368,"height":912,"url":"https:\/\/jp2doc.pl\/it\/wp-content\/uploads\/sites\/3\/2017\/07\/StockSnap_MGT0FYTV7Q.jpg","type":"image\/jpeg"}],"author":"juliasercanka","twitter_card":"summary_large_image","twitter_misc":{"Scritto da":"juliasercanka","Tempo di lettura stimato":"3 minuti"},"schema":{"@context":"https:\/\/schema.org","@graph":[{"@type":"Article","@id":"https:\/\/jp2doc.pl\/it\/2023\/02\/24\/vi-comando-lamore-2\/#article","isPartOf":{"@id":"https:\/\/jp2doc.pl\/it\/2023\/02\/24\/vi-comando-lamore-2\/"},"author":{"name":"juliasercanka","@id":"https:\/\/jp2doc.pl\/it\/#\/schema\/person\/6110109e80abb51f6fac4824777eabfe"},"headline":"\u201cVi comando l\u2019amore!\u201d","datePublished":"2023-02-24T21:45:55+00:00","dateModified":"2023-02-24T21:45:56+00:00","mainEntityOfPage":{"@id":"https:\/\/jp2doc.pl\/it\/2023\/02\/24\/vi-comando-lamore-2\/"},"wordCount":639,"commentCount":0,"publisher":{"@id":"https:\/\/jp2doc.pl\/it\/#organization"},"image":{"@id":"https:\/\/jp2doc.pl\/it\/2023\/02\/24\/vi-comando-lamore-2\/#primaryimage"},"thumbnailUrl":"https:\/\/jp2doc.pl\/it\/wp-content\/uploads\/sites\/3\/2017\/07\/StockSnap_MGT0FYTV7Q.jpg","articleSection":["Blog","Strona g\u0142\u00f3wna - najnowsze","Strona g\u0142\u00f3wna - slider"],"inLanguage":"it-IT","potentialAction":[{"@type":"CommentAction","name":"Comment","target":["https:\/\/jp2doc.pl\/it\/2023\/02\/24\/vi-comando-lamore-2\/#respond"]}]},{"@type":"WebPage","@id":"https:\/\/jp2doc.pl\/it\/2023\/02\/24\/vi-comando-lamore-2\/","url":"https:\/\/jp2doc.pl\/it\/2023\/02\/24\/vi-comando-lamore-2\/","name":"\u201cVi comando l\u2019amore!\u201d - Centro di Documentazione e Studio del Pontificato di Giovanni Paolo II a Roma","isPartOf":{"@id":"https:\/\/jp2doc.pl\/it\/#website"},"primaryImageOfPage":{"@id":"https:\/\/jp2doc.pl\/it\/2023\/02\/24\/vi-comando-lamore-2\/#primaryimage"},"image":{"@id":"https:\/\/jp2doc.pl\/it\/2023\/02\/24\/vi-comando-lamore-2\/#primaryimage"},"thumbnailUrl":"https:\/\/jp2doc.pl\/it\/wp-content\/uploads\/sites\/3\/2017\/07\/StockSnap_MGT0FYTV7Q.jpg","datePublished":"2023-02-24T21:45:55+00:00","dateModified":"2023-02-24T21:45:56+00:00","breadcrumb":{"@id":"https:\/\/jp2doc.pl\/it\/2023\/02\/24\/vi-comando-lamore-2\/#breadcrumb"},"inLanguage":"it-IT","potentialAction":[{"@type":"ReadAction","target":["https:\/\/jp2doc.pl\/it\/2023\/02\/24\/vi-comando-lamore-2\/"]}]},{"@type":"ImageObject","inLanguage":"it-IT","@id":"https:\/\/jp2doc.pl\/it\/2023\/02\/24\/vi-comando-lamore-2\/#primaryimage","url":"https:\/\/jp2doc.pl\/it\/wp-content\/uploads\/sites\/3\/2017\/07\/StockSnap_MGT0FYTV7Q.jpg","contentUrl":"https:\/\/jp2doc.pl\/it\/wp-content\/uploads\/sites\/3\/2017\/07\/StockSnap_MGT0FYTV7Q.jpg","width":1368,"height":912},{"@type":"BreadcrumbList","@id":"https:\/\/jp2doc.pl\/it\/2023\/02\/24\/vi-comando-lamore-2\/#breadcrumb","itemListElement":[{"@type":"ListItem","position":1,"name":"Home","item":"https:\/\/jp2doc.pl\/it\/"},{"@type":"ListItem","position":2,"name":"\u201cVi comando l\u2019amore!\u201d"}]},{"@type":"WebSite","@id":"https:\/\/jp2doc.pl\/it\/#website","url":"https:\/\/jp2doc.pl\/it\/","name":"Centro di Documentazione e Studio del Pontificato di Giovanni Paolo II a Roma","description":"","publisher":{"@id":"https:\/\/jp2doc.pl\/it\/#organization"},"potentialAction":[{"@type":"SearchAction","target":{"@type":"EntryPoint","urlTemplate":"https:\/\/jp2doc.pl\/it\/?s={search_term_string}"},"query-input":{"@type":"PropertyValueSpecification","valueRequired":true,"valueName":"search_term_string"}}],"inLanguage":"it-IT"},{"@type":"Organization","@id":"https:\/\/jp2doc.pl\/it\/#organization","name":"Centro di Documentazione e Studio del Pontificato di Giovanni Paolo II a Roma","url":"https:\/\/jp2doc.pl\/it\/","logo":{"@type":"ImageObject","inLanguage":"it-IT","@id":"https:\/\/jp2doc.pl\/it\/#\/schema\/logo\/image\/","url":"https:\/\/jp2doc.pl\/it\/wp-content\/uploads\/sites\/3\/2017\/03\/cropped-logo.png","contentUrl":"https:\/\/jp2doc.pl\/it\/wp-content\/uploads\/sites\/3\/2017\/03\/cropped-logo.png","width":115,"height":115,"caption":"Centro di Documentazione e Studio del Pontificato di Giovanni Paolo II a Roma"},"image":{"@id":"https:\/\/jp2doc.pl\/it\/#\/schema\/logo\/image\/"}},{"@type":"Person","@id":"https:\/\/jp2doc.pl\/it\/#\/schema\/person\/6110109e80abb51f6fac4824777eabfe","name":"juliasercanka","image":{"@type":"ImageObject","inLanguage":"it-IT","@id":"https:\/\/jp2doc.pl\/it\/#\/schema\/person\/image\/","url":"https:\/\/secure.gravatar.com\/avatar\/266a66e864556e22d55d61b6b10c97fab9060767b738564bcd109f3997e372bc?s=96&d=mm&r=g","contentUrl":"https:\/\/secure.gravatar.com\/avatar\/266a66e864556e22d55d61b6b10c97fab9060767b738564bcd109f3997e372bc?s=96&d=mm&r=g","caption":"juliasercanka"},"url":"https:\/\/jp2doc.pl\/it\/author\/juliasercanka\/"}]}},"_links":{"self":[{"href":"https:\/\/jp2doc.pl\/it\/wp-json\/wp\/v2\/posts\/2991","targetHints":{"allow":["GET"]}}],"collection":[{"href":"https:\/\/jp2doc.pl\/it\/wp-json\/wp\/v2\/posts"}],"about":[{"href":"https:\/\/jp2doc.pl\/it\/wp-json\/wp\/v2\/types\/post"}],"author":[{"embeddable":true,"href":"https:\/\/jp2doc.pl\/it\/wp-json\/wp\/v2\/users\/5"}],"replies":[{"embeddable":true,"href":"https:\/\/jp2doc.pl\/it\/wp-json\/wp\/v2\/comments?post=2991"}],"version-history":[{"count":1,"href":"https:\/\/jp2doc.pl\/it\/wp-json\/wp\/v2\/posts\/2991\/revisions"}],"predecessor-version":[{"id":2992,"href":"https:\/\/jp2doc.pl\/it\/wp-json\/wp\/v2\/posts\/2991\/revisions\/2992"}],"wp:featuredmedia":[{"embeddable":true,"href":"https:\/\/jp2doc.pl\/it\/wp-json\/wp\/v2\/media\/1728"}],"wp:attachment":[{"href":"https:\/\/jp2doc.pl\/it\/wp-json\/wp\/v2\/media?parent=2991"}],"wp:term":[{"taxonomy":"category","embeddable":true,"href":"https:\/\/jp2doc.pl\/it\/wp-json\/wp\/v2\/categories?post=2991"},{"taxonomy":"post_tag","embeddable":true,"href":"https:\/\/jp2doc.pl\/it\/wp-json\/wp\/v2\/tags?post=2991"}],"curies":[{"name":"wp","href":"https:\/\/api.w.org\/{rel}","templated":true}]}}