{"id":3002,"date":"2023-03-19T11:46:44","date_gmt":"2023-03-19T10:46:44","guid":{"rendered":"https:\/\/jp2doc.pl\/it\/?p=3002"},"modified":"2023-03-19T11:46:45","modified_gmt":"2023-03-19T10:46:45","slug":"gli-occhi-della-fede","status":"publish","type":"post","link":"https:\/\/jp2doc.pl\/it\/2023\/03\/19\/gli-occhi-della-fede\/","title":{"rendered":"Gli occhi della fede"},"content":{"rendered":"\n<p>\u00abGli occhi della fede\u00bb, \u00e8 un libro e un concetto cruciale di Rousselot, laddove lui fa una metafora del carattere della fede con una dimensione soprannaturale. Per vedere bene nel livello spirituale, ci servono gli occhi della fede, lo stesso come gli occhi dell\u2019amore, gli occhi dello spirito. Senza questi occhi, siamo come Ges\u00f9, quando disse, voi dite che vedete, ma non vedete la verit\u00e0 e siete come ciechi, che cadono in peccato. Invece, l\u2019uomo cieco, con la sua fede, pu\u00f2 anche ritrovare la vista per manifestare la gloria divina.<\/p>\n\n\n\n<p>Recentemente, ho vissuto un\u2019esperienza come in questo caso. Durante la quarantena del covid di due settimane, avevo bisogno di comunicare con il Professore dell\u2019Universit\u00e0. Tuttavia, capit\u00f2 che l\u2019email a vicenda non funzionavano bene, quindi non riuscivamo a contattarci. In questo situazione, avevo dato la spiegazione che il Professore non mi rispondeva alle email, e mi sentivo anche male per questo \u201cgiudizio\u201d. Per\u00f2, quando potei uscire dalla casa e incontrare quel Prof, ho capito che lui, infatti, mi aveva gi\u00e0 risposto ad ogni email, soltanto che l\u2019email non funzionava bene per ricevere i messaggi. Quando c\u2019\u00e8 la mancanza della fede (fiducia, amore, spirito), anche noi siamo come ciechi, perch\u00e9 vediamo ma non possiamo vedere tutto, oppure quello che possiamo vedere \u00e8 limitato. Soltanto quando vediamo la verit\u00e0, possiamo vedere tutto. \u00c8 la verit\u00e0 che ci fa liberi.<\/p>\n\n\n\n<p>Bernard Lonergan, di volta in volta, spiegava il rischio del un giudizio subito dopo aver visto, perch\u00e9 secondo lui, prima di dare un giudizio, ci serve un \u201cinsight\u201d. Questo \u201cinsight\u201d funziona come \u201cgli occhi della fede\u201d; cio\u00e8 un processo di ritirarsi \u2013 un ritiro. Nel ritiro, c\u2019\u00e8 tempo e spazio per aprire \u201cgli occhi della fede\u201d.<\/p>\n\n\n\n<p>Giuseppe Castiglione (1688-1766), gesuita italiano di Milano, con la sua missione di essere un pittore di corte, trascorse 52 anni in Pechino. Nell\u2019arte, lui aveva trovato un luogo del dialogo con i cinesi, bench\u00e9 possa sembrare che questa via della missione sia troppo straordinaria. Come Matteo Ricci, Castiglione allo stesso modo, con gli occhi della fede, portava avanti il suo ruolo di missionario, nonostante da tanti anni lui non sembrasse sia come un missionario con il suo stile di vita, cio\u00e8 ogni giorno accanto all\u2019imperatore della dinastia Qing e con le famiglie nobili di corte.<\/p>\n\n\n\n<p>\u201cGli occhi della fede\u201d come \u201cgli occhi dell\u2019amore\u201d ci inducono alle cose, anche invisibili. Per esempio, l\u2019esperienza dell\u2019innamoramento porta uno a vedere l\u2019altro che sembra pi\u00f9 bello, oppure uno vede l\u2019altro perfetto senza nessuna macchia. In realt\u00e0, \u00e8 vero che alcuni caratteri della bellezza si rivelano soltanto a colui che ha \u201cgli occhi dell\u2019amore\u201d. Lo stesso, il Signore si rivela anche soltanto per colui ha \u201cgli occhi della fede\u201d.<\/p>\n\n\n\n<p>\u00abCon ogni cura vigila sul cuore, perch\u00e9 da esso sgorga la vita\u00bb (Prov 4: 23).<\/p>\n\n\n\n<p><strong>Sophia Lilin Wu<\/strong> \u2013 studentessa della Pontificia Universit\u00e0 Gregoriana, professoressa della Universit\u00e0 degli Studi \u201cGabriele d\u2019Annunzio\u201d Chieti-Pescara.<\/p>\n\n\n\n<p><em>Fot. SplitShire<\/em><\/p>\n","protected":false},"excerpt":{"rendered":"<p>IV Domenica di Quaresima<\/p>\n","protected":false},"author":5,"featured_media":2267,"comment_status":"open","ping_status":"open","sticky":false,"template":"","format":"standard","meta":{"_acf_changed":false,"_exactmetrics_skip_tracking":false,"_exactmetrics_sitenote_active":false,"_exactmetrics_sitenote_note":"","_exactmetrics_sitenote_category":0,"footnotes":""},"categories":[4,13,14],"tags":[],"class_list":["post-3002","post","type-post","status-publish","format-standard","has-post-thumbnail","hentry","category-blog","category-strona-glowna-najnowsze","category-strona-glowna-slider"],"acf":[],"yoast_head":"<!-- This site is optimized with the Yoast SEO plugin v26.2 - https:\/\/yoast.com\/wordpress\/plugins\/seo\/ -->\n<title>Gli occhi della fede - Centro di Documentazione e Studio del Pontificato di Giovanni Paolo II a Roma<\/title>\n<meta name=\"robots\" content=\"index, follow, max-snippet:-1, max-image-preview:large, max-video-preview:-1\" \/>\n<link rel=\"canonical\" href=\"https:\/\/jp2doc.pl\/it\/2023\/03\/19\/gli-occhi-della-fede\/\" \/>\n<meta property=\"og:locale\" content=\"it_IT\" \/>\n<meta property=\"og:type\" content=\"article\" \/>\n<meta property=\"og:title\" content=\"Gli occhi della fede - Centro di Documentazione e Studio del Pontificato di Giovanni Paolo II a Roma\" \/>\n<meta property=\"og:description\" content=\"IV Domenica di Quaresima\" \/>\n<meta property=\"og:url\" content=\"https:\/\/jp2doc.pl\/it\/2023\/03\/19\/gli-occhi-della-fede\/\" \/>\n<meta property=\"og:site_name\" content=\"Centro di Documentazione e Studio del Pontificato di Giovanni Paolo II a Roma\" \/>\n<meta property=\"article:published_time\" content=\"2023-03-19T10:46:44+00:00\" \/>\n<meta property=\"article:modified_time\" content=\"2023-03-19T10:46:45+00:00\" \/>\n<meta property=\"og:image\" content=\"https:\/\/jp2doc.pl\/it\/wp-content\/uploads\/sites\/3\/2019\/04\/SplitShire-7841.jpg\" \/>\n\t<meta property=\"og:image:width\" content=\"1000\" \/>\n\t<meta property=\"og:image:height\" content=\"792\" \/>\n\t<meta property=\"og:image:type\" content=\"image\/jpeg\" \/>\n<meta name=\"author\" content=\"juliasercanka\" \/>\n<meta name=\"twitter:card\" content=\"summary_large_image\" \/>\n<meta name=\"twitter:label1\" content=\"Scritto da\" \/>\n\t<meta name=\"twitter:data1\" content=\"juliasercanka\" \/>\n\t<meta name=\"twitter:label2\" content=\"Tempo di lettura stimato\" \/>\n\t<meta name=\"twitter:data2\" content=\"3 minuti\" \/>\n<script type=\"application\/ld+json\" class=\"yoast-schema-graph\">{\"@context\":\"https:\/\/schema.org\",\"@graph\":[{\"@type\":\"Article\",\"@id\":\"https:\/\/jp2doc.pl\/it\/2023\/03\/19\/gli-occhi-della-fede\/#article\",\"isPartOf\":{\"@id\":\"https:\/\/jp2doc.pl\/it\/2023\/03\/19\/gli-occhi-della-fede\/\"},\"author\":{\"name\":\"juliasercanka\",\"@id\":\"https:\/\/jp2doc.pl\/it\/#\/schema\/person\/6110109e80abb51f6fac4824777eabfe\"},\"headline\":\"Gli occhi della fede\",\"datePublished\":\"2023-03-19T10:46:44+00:00\",\"dateModified\":\"2023-03-19T10:46:45+00:00\",\"mainEntityOfPage\":{\"@id\":\"https:\/\/jp2doc.pl\/it\/2023\/03\/19\/gli-occhi-della-fede\/\"},\"wordCount\":490,\"commentCount\":0,\"publisher\":{\"@id\":\"https:\/\/jp2doc.pl\/it\/#organization\"},\"image\":{\"@id\":\"https:\/\/jp2doc.pl\/it\/2023\/03\/19\/gli-occhi-della-fede\/#primaryimage\"},\"thumbnailUrl\":\"https:\/\/jp2doc.pl\/it\/wp-content\/uploads\/sites\/3\/2019\/04\/SplitShire-7841.jpg\",\"articleSection\":[\"Blog\",\"Strona g\u0142\u00f3wna - najnowsze\",\"Strona g\u0142\u00f3wna - slider\"],\"inLanguage\":\"it-IT\",\"potentialAction\":[{\"@type\":\"CommentAction\",\"name\":\"Comment\",\"target\":[\"https:\/\/jp2doc.pl\/it\/2023\/03\/19\/gli-occhi-della-fede\/#respond\"]}]},{\"@type\":\"WebPage\",\"@id\":\"https:\/\/jp2doc.pl\/it\/2023\/03\/19\/gli-occhi-della-fede\/\",\"url\":\"https:\/\/jp2doc.pl\/it\/2023\/03\/19\/gli-occhi-della-fede\/\",\"name\":\"Gli occhi della fede - Centro di Documentazione e Studio del Pontificato di Giovanni Paolo II a Roma\",\"isPartOf\":{\"@id\":\"https:\/\/jp2doc.pl\/it\/#website\"},\"primaryImageOfPage\":{\"@id\":\"https:\/\/jp2doc.pl\/it\/2023\/03\/19\/gli-occhi-della-fede\/#primaryimage\"},\"image\":{\"@id\":\"https:\/\/jp2doc.pl\/it\/2023\/03\/19\/gli-occhi-della-fede\/#primaryimage\"},\"thumbnailUrl\":\"https:\/\/jp2doc.pl\/it\/wp-content\/uploads\/sites\/3\/2019\/04\/SplitShire-7841.jpg\",\"datePublished\":\"2023-03-19T10:46:44+00:00\",\"dateModified\":\"2023-03-19T10:46:45+00:00\",\"breadcrumb\":{\"@id\":\"https:\/\/jp2doc.pl\/it\/2023\/03\/19\/gli-occhi-della-fede\/#breadcrumb\"},\"inLanguage\":\"it-IT\",\"potentialAction\":[{\"@type\":\"ReadAction\",\"target\":[\"https:\/\/jp2doc.pl\/it\/2023\/03\/19\/gli-occhi-della-fede\/\"]}]},{\"@type\":\"ImageObject\",\"inLanguage\":\"it-IT\",\"@id\":\"https:\/\/jp2doc.pl\/it\/2023\/03\/19\/gli-occhi-della-fede\/#primaryimage\",\"url\":\"https:\/\/jp2doc.pl\/it\/wp-content\/uploads\/sites\/3\/2019\/04\/SplitShire-7841.jpg\",\"contentUrl\":\"https:\/\/jp2doc.pl\/it\/wp-content\/uploads\/sites\/3\/2019\/04\/SplitShire-7841.jpg\",\"width\":1000,\"height\":792},{\"@type\":\"BreadcrumbList\",\"@id\":\"https:\/\/jp2doc.pl\/it\/2023\/03\/19\/gli-occhi-della-fede\/#breadcrumb\",\"itemListElement\":[{\"@type\":\"ListItem\",\"position\":1,\"name\":\"Home\",\"item\":\"https:\/\/jp2doc.pl\/it\/\"},{\"@type\":\"ListItem\",\"position\":2,\"name\":\"Gli occhi della fede\"}]},{\"@type\":\"WebSite\",\"@id\":\"https:\/\/jp2doc.pl\/it\/#website\",\"url\":\"https:\/\/jp2doc.pl\/it\/\",\"name\":\"Centro di Documentazione e Studio del Pontificato di Giovanni Paolo II a Roma\",\"description\":\"\",\"publisher\":{\"@id\":\"https:\/\/jp2doc.pl\/it\/#organization\"},\"potentialAction\":[{\"@type\":\"SearchAction\",\"target\":{\"@type\":\"EntryPoint\",\"urlTemplate\":\"https:\/\/jp2doc.pl\/it\/?s={search_term_string}\"},\"query-input\":{\"@type\":\"PropertyValueSpecification\",\"valueRequired\":true,\"valueName\":\"search_term_string\"}}],\"inLanguage\":\"it-IT\"},{\"@type\":\"Organization\",\"@id\":\"https:\/\/jp2doc.pl\/it\/#organization\",\"name\":\"Centro di Documentazione e Studio del Pontificato di Giovanni Paolo II a Roma\",\"url\":\"https:\/\/jp2doc.pl\/it\/\",\"logo\":{\"@type\":\"ImageObject\",\"inLanguage\":\"it-IT\",\"@id\":\"https:\/\/jp2doc.pl\/it\/#\/schema\/logo\/image\/\",\"url\":\"https:\/\/jp2doc.pl\/it\/wp-content\/uploads\/sites\/3\/2017\/03\/cropped-logo.png\",\"contentUrl\":\"https:\/\/jp2doc.pl\/it\/wp-content\/uploads\/sites\/3\/2017\/03\/cropped-logo.png\",\"width\":115,\"height\":115,\"caption\":\"Centro di Documentazione e Studio del Pontificato di Giovanni Paolo II a Roma\"},\"image\":{\"@id\":\"https:\/\/jp2doc.pl\/it\/#\/schema\/logo\/image\/\"}},{\"@type\":\"Person\",\"@id\":\"https:\/\/jp2doc.pl\/it\/#\/schema\/person\/6110109e80abb51f6fac4824777eabfe\",\"name\":\"juliasercanka\",\"image\":{\"@type\":\"ImageObject\",\"inLanguage\":\"it-IT\",\"@id\":\"https:\/\/jp2doc.pl\/it\/#\/schema\/person\/image\/\",\"url\":\"https:\/\/secure.gravatar.com\/avatar\/266a66e864556e22d55d61b6b10c97fab9060767b738564bcd109f3997e372bc?s=96&d=mm&r=g\",\"contentUrl\":\"https:\/\/secure.gravatar.com\/avatar\/266a66e864556e22d55d61b6b10c97fab9060767b738564bcd109f3997e372bc?s=96&d=mm&r=g\",\"caption\":\"juliasercanka\"},\"url\":\"https:\/\/jp2doc.pl\/it\/author\/juliasercanka\/\"}]}<\/script>\n<!-- \/ Yoast SEO plugin. -->","yoast_head_json":{"title":"Gli occhi della fede - Centro di Documentazione e Studio del Pontificato di Giovanni Paolo II a Roma","robots":{"index":"index","follow":"follow","max-snippet":"max-snippet:-1","max-image-preview":"max-image-preview:large","max-video-preview":"max-video-preview:-1"},"canonical":"https:\/\/jp2doc.pl\/it\/2023\/03\/19\/gli-occhi-della-fede\/","og_locale":"it_IT","og_type":"article","og_title":"Gli occhi della fede - Centro di Documentazione e Studio del Pontificato di Giovanni Paolo II a Roma","og_description":"IV Domenica di Quaresima","og_url":"https:\/\/jp2doc.pl\/it\/2023\/03\/19\/gli-occhi-della-fede\/","og_site_name":"Centro di Documentazione e Studio del Pontificato di Giovanni Paolo II a Roma","article_published_time":"2023-03-19T10:46:44+00:00","article_modified_time":"2023-03-19T10:46:45+00:00","og_image":[{"width":1000,"height":792,"url":"https:\/\/jp2doc.pl\/it\/wp-content\/uploads\/sites\/3\/2019\/04\/SplitShire-7841.jpg","type":"image\/jpeg"}],"author":"juliasercanka","twitter_card":"summary_large_image","twitter_misc":{"Scritto da":"juliasercanka","Tempo di lettura stimato":"3 minuti"},"schema":{"@context":"https:\/\/schema.org","@graph":[{"@type":"Article","@id":"https:\/\/jp2doc.pl\/it\/2023\/03\/19\/gli-occhi-della-fede\/#article","isPartOf":{"@id":"https:\/\/jp2doc.pl\/it\/2023\/03\/19\/gli-occhi-della-fede\/"},"author":{"name":"juliasercanka","@id":"https:\/\/jp2doc.pl\/it\/#\/schema\/person\/6110109e80abb51f6fac4824777eabfe"},"headline":"Gli occhi della fede","datePublished":"2023-03-19T10:46:44+00:00","dateModified":"2023-03-19T10:46:45+00:00","mainEntityOfPage":{"@id":"https:\/\/jp2doc.pl\/it\/2023\/03\/19\/gli-occhi-della-fede\/"},"wordCount":490,"commentCount":0,"publisher":{"@id":"https:\/\/jp2doc.pl\/it\/#organization"},"image":{"@id":"https:\/\/jp2doc.pl\/it\/2023\/03\/19\/gli-occhi-della-fede\/#primaryimage"},"thumbnailUrl":"https:\/\/jp2doc.pl\/it\/wp-content\/uploads\/sites\/3\/2019\/04\/SplitShire-7841.jpg","articleSection":["Blog","Strona g\u0142\u00f3wna - najnowsze","Strona g\u0142\u00f3wna - slider"],"inLanguage":"it-IT","potentialAction":[{"@type":"CommentAction","name":"Comment","target":["https:\/\/jp2doc.pl\/it\/2023\/03\/19\/gli-occhi-della-fede\/#respond"]}]},{"@type":"WebPage","@id":"https:\/\/jp2doc.pl\/it\/2023\/03\/19\/gli-occhi-della-fede\/","url":"https:\/\/jp2doc.pl\/it\/2023\/03\/19\/gli-occhi-della-fede\/","name":"Gli occhi della fede - Centro di Documentazione e Studio del Pontificato di Giovanni Paolo II a Roma","isPartOf":{"@id":"https:\/\/jp2doc.pl\/it\/#website"},"primaryImageOfPage":{"@id":"https:\/\/jp2doc.pl\/it\/2023\/03\/19\/gli-occhi-della-fede\/#primaryimage"},"image":{"@id":"https:\/\/jp2doc.pl\/it\/2023\/03\/19\/gli-occhi-della-fede\/#primaryimage"},"thumbnailUrl":"https:\/\/jp2doc.pl\/it\/wp-content\/uploads\/sites\/3\/2019\/04\/SplitShire-7841.jpg","datePublished":"2023-03-19T10:46:44+00:00","dateModified":"2023-03-19T10:46:45+00:00","breadcrumb":{"@id":"https:\/\/jp2doc.pl\/it\/2023\/03\/19\/gli-occhi-della-fede\/#breadcrumb"},"inLanguage":"it-IT","potentialAction":[{"@type":"ReadAction","target":["https:\/\/jp2doc.pl\/it\/2023\/03\/19\/gli-occhi-della-fede\/"]}]},{"@type":"ImageObject","inLanguage":"it-IT","@id":"https:\/\/jp2doc.pl\/it\/2023\/03\/19\/gli-occhi-della-fede\/#primaryimage","url":"https:\/\/jp2doc.pl\/it\/wp-content\/uploads\/sites\/3\/2019\/04\/SplitShire-7841.jpg","contentUrl":"https:\/\/jp2doc.pl\/it\/wp-content\/uploads\/sites\/3\/2019\/04\/SplitShire-7841.jpg","width":1000,"height":792},{"@type":"BreadcrumbList","@id":"https:\/\/jp2doc.pl\/it\/2023\/03\/19\/gli-occhi-della-fede\/#breadcrumb","itemListElement":[{"@type":"ListItem","position":1,"name":"Home","item":"https:\/\/jp2doc.pl\/it\/"},{"@type":"ListItem","position":2,"name":"Gli occhi della fede"}]},{"@type":"WebSite","@id":"https:\/\/jp2doc.pl\/it\/#website","url":"https:\/\/jp2doc.pl\/it\/","name":"Centro di Documentazione e Studio del Pontificato di Giovanni Paolo II a Roma","description":"","publisher":{"@id":"https:\/\/jp2doc.pl\/it\/#organization"},"potentialAction":[{"@type":"SearchAction","target":{"@type":"EntryPoint","urlTemplate":"https:\/\/jp2doc.pl\/it\/?s={search_term_string}"},"query-input":{"@type":"PropertyValueSpecification","valueRequired":true,"valueName":"search_term_string"}}],"inLanguage":"it-IT"},{"@type":"Organization","@id":"https:\/\/jp2doc.pl\/it\/#organization","name":"Centro di Documentazione e Studio del Pontificato di Giovanni Paolo II a Roma","url":"https:\/\/jp2doc.pl\/it\/","logo":{"@type":"ImageObject","inLanguage":"it-IT","@id":"https:\/\/jp2doc.pl\/it\/#\/schema\/logo\/image\/","url":"https:\/\/jp2doc.pl\/it\/wp-content\/uploads\/sites\/3\/2017\/03\/cropped-logo.png","contentUrl":"https:\/\/jp2doc.pl\/it\/wp-content\/uploads\/sites\/3\/2017\/03\/cropped-logo.png","width":115,"height":115,"caption":"Centro di Documentazione e Studio del Pontificato di Giovanni Paolo II a Roma"},"image":{"@id":"https:\/\/jp2doc.pl\/it\/#\/schema\/logo\/image\/"}},{"@type":"Person","@id":"https:\/\/jp2doc.pl\/it\/#\/schema\/person\/6110109e80abb51f6fac4824777eabfe","name":"juliasercanka","image":{"@type":"ImageObject","inLanguage":"it-IT","@id":"https:\/\/jp2doc.pl\/it\/#\/schema\/person\/image\/","url":"https:\/\/secure.gravatar.com\/avatar\/266a66e864556e22d55d61b6b10c97fab9060767b738564bcd109f3997e372bc?s=96&d=mm&r=g","contentUrl":"https:\/\/secure.gravatar.com\/avatar\/266a66e864556e22d55d61b6b10c97fab9060767b738564bcd109f3997e372bc?s=96&d=mm&r=g","caption":"juliasercanka"},"url":"https:\/\/jp2doc.pl\/it\/author\/juliasercanka\/"}]}},"_links":{"self":[{"href":"https:\/\/jp2doc.pl\/it\/wp-json\/wp\/v2\/posts\/3002","targetHints":{"allow":["GET"]}}],"collection":[{"href":"https:\/\/jp2doc.pl\/it\/wp-json\/wp\/v2\/posts"}],"about":[{"href":"https:\/\/jp2doc.pl\/it\/wp-json\/wp\/v2\/types\/post"}],"author":[{"embeddable":true,"href":"https:\/\/jp2doc.pl\/it\/wp-json\/wp\/v2\/users\/5"}],"replies":[{"embeddable":true,"href":"https:\/\/jp2doc.pl\/it\/wp-json\/wp\/v2\/comments?post=3002"}],"version-history":[{"count":1,"href":"https:\/\/jp2doc.pl\/it\/wp-json\/wp\/v2\/posts\/3002\/revisions"}],"predecessor-version":[{"id":3003,"href":"https:\/\/jp2doc.pl\/it\/wp-json\/wp\/v2\/posts\/3002\/revisions\/3003"}],"wp:featuredmedia":[{"embeddable":true,"href":"https:\/\/jp2doc.pl\/it\/wp-json\/wp\/v2\/media\/2267"}],"wp:attachment":[{"href":"https:\/\/jp2doc.pl\/it\/wp-json\/wp\/v2\/media?parent=3002"}],"wp:term":[{"taxonomy":"category","embeddable":true,"href":"https:\/\/jp2doc.pl\/it\/wp-json\/wp\/v2\/categories?post=3002"},{"taxonomy":"post_tag","embeddable":true,"href":"https:\/\/jp2doc.pl\/it\/wp-json\/wp\/v2\/tags?post=3002"}],"curies":[{"name":"wp","href":"https:\/\/api.w.org\/{rel}","templated":true}]}}