{"id":3022,"date":"2023-05-28T09:25:07","date_gmt":"2023-05-28T07:25:07","guid":{"rendered":"https:\/\/jp2doc.pl\/it\/?p=3022"},"modified":"2023-05-28T09:25:08","modified_gmt":"2023-05-28T07:25:08","slug":"io-sono-con-voi","status":"publish","type":"post","link":"https:\/\/jp2doc.pl\/it\/2023\/05\/28\/io-sono-con-voi\/","title":{"rendered":"&#8220;Io sono con voi&#8230;&#8221;"},"content":{"rendered":"\n<p>Dopo quaranta giorni, arriviamo alla festa dell\u2019Ascensione del Signore: come la sua venuta, cos\u00ec la sua partenza. Quando nella sua venuta, nel giorno di Natale, Ges\u00f9 si era incarnato. La sua vicinanza \u00e8 portatrice di una pienezza all\u2019uomo, anche non si diminuisce la pienezza della Sua divinit\u00e0. Lo stesso, quando avviene la Sua partenza, tornava al Padre Celeste. Lui pregava per la venuta dello Spirito Santo. La Sua partenza anche per noi, non sia un segno della lontananza, ma per una vicinanza pi\u00f9 profonda. La sua venuta \u00e8 per amore degli uomini di questa terra, e la sua partenza \u00e8 anche ispirata dall\u2019amore. Dopodich\u00e9, i suoi discepoli possono andare e fare discepoli tutti i popoli, e battezzarli nel nome del Padre e del Figlio e dello Spirito Santo.<\/p>\n\n\n\n<p>Il monte simboleggia nella Sacra Scrittura, un luogo sacro, laddove l\u2019uomo poteva parlare con Dio. Come il vangelo di oggi, \u00abgli undici discepoli andarono in Galilea, sul monte che Ges\u00f9 aveva loro indicato\u00bb, anche se loro ancora stavano nei dubbi. L\u2019amore significa la pazienza. Ges\u00f9 non li allontanava ma si avvicin\u00f2 loro. E di nuovo, don\u00f2 la sua promessa, \u00abio sono con voi tutti i giorni, fino alla fine del mondo\u00bb.<\/p>\n\n\n\n<p>Nei Atti degli Apostoli, si racconta che dopo l\u2019ascensione del Signore, gli apostoli con Maria riuniti insieme, pregano lo Spirito Santo, affinch\u00e9 doni loro sufficiente virt\u00f9 per essere testimoni della risurrezione di Ges\u00f9. Dunque, l\u2019ascensione \u00e8 seguita &nbsp;dalla festa dello Spirito Santo \u2013 la Pentecoste. Cos\u00ec, la nostra fede si unisce veramente alla Trinit\u00e0: Padre, Figlio, Spirito Santo. Come commentato da S. Giovanni Paolo II, \u00abLa Chiesa primitiva cap\u00ec subito queste indicazioni, ed ebbe inizio l\u2019era missionaria. E tutti sapevano che quest\u2019era missionaria non sarebbe finit\u00e0 fino quando lo stesso Ges\u00f9, che se n\u2019era andato al cielo, sarebbe nuovamente tornato\u00bb.<a href=\"#_ftn1\">[1]<\/a> Con la risurrezione e l\u2019ascensore del Signore, siamo entrati una fase pi\u00f9 intima con Dio \u2013 \u00abDio \u00e8 spirito, e quelli che lo adorano devono adorare in spirito e verit\u00e0\u00bb. Ges\u00f9 ci lascia un modello di preghiera, anche un modello di amore. Soprattutto, ci guida sulla strada per unirci con il Padre e per tornare al Padre con tutta la serenit\u00e0 e la gioia. La morte non \u00e8 pi\u00f9 l\u2019ultima parola per la vita dell\u2019uomo. Dove c\u2019\u00e8 la morte, c\u2019\u00e8 la vita; dove c\u2019\u00e8 la vita, c\u2019\u00e8 la forza di una vita pi\u00f9 bella, pi\u00f9 simile Dio \u2013 nostra Immagine originale.<\/p>\n\n\n\n<p>Il Taoismo per cercare la via dell\u2019immortalit\u00e0, usava l\u2019Alchimia. Tuttavia, tanta gente mor\u00ec a causa dell\u2019Alchimia. Il cristianesimo supplicando lo Santo Spirito, considera la morte come un passaggio, la partenza come un nuovo ritorno. Forse, perci\u00f2, durante il funerale, i cristiani lo sperimentano come una benedizione con tanta serenit\u00e0, mentre nelle altre culture, soprattutto in Asia, le genti portano tante grida, lacrime, pi\u00f9 le emozioni che la ragione. La fede cristiana ci porta ad un altro modo di vedere la vita e la morte; la venuta e la partenza, l\u2019unione e la separazione con Ges\u00f9, in Ges\u00f9 e per Ges\u00f9. Quindi, il mistero dell\u2019Ascensione del Signore \u00e8 il cielo gi\u00e0 aperto per tutti, come nel fiume del Giordano \u2013 durante il battesimo del Signore, lo Spirito scende su di Lui.<\/p>\n\n\n\n<p><strong>Sophia Lilin Wu<\/strong> \u2013 studentessa della Pontificia Universit\u00e0 Gregoriana, professoressa della Universit\u00e0 degli Studi \u201cGabriele d\u2019Annunzio\u201d Chieti-Pescara.<\/p>\n\n\n\n<p><em>Fot. Greg Kantra\/Unsplash.com<\/em><\/p>\n\n\n\n<hr class=\"wp-block-separator\"\/>\n\n\n\n<p><a href=\"#_ftnref1\">[1]<\/a> Giovanni Paolo II, <em>Omelia di Giovanni Paolo II, Solennit\u00e0 dell\u2019Ascensione di Nostro Signore<\/em>, 24 maggio 1979, https:\/\/www.vatican.va\/content\/john-paul-ii\/it\/homilies\/1979\/documents\/hf_jp-ii_hom_19790524_seminari-ingl-roma.html<\/p>\n","protected":false},"excerpt":{"rendered":"<p>Solennit\u00e0 dell\u2019Ascensione di Nostro Signore<\/p>\n","protected":false},"author":5,"featured_media":2016,"comment_status":"open","ping_status":"open","sticky":false,"template":"","format":"standard","meta":{"_acf_changed":false,"_exactmetrics_skip_tracking":false,"_exactmetrics_sitenote_active":false,"_exactmetrics_sitenote_note":"","_exactmetrics_sitenote_category":0,"footnotes":""},"categories":[4,13,14],"tags":[],"class_list":["post-3022","post","type-post","status-publish","format-standard","has-post-thumbnail","hentry","category-blog","category-strona-glowna-najnowsze","category-strona-glowna-slider"],"acf":[],"yoast_head":"<!-- This site is optimized with the Yoast SEO plugin v26.2 - https:\/\/yoast.com\/wordpress\/plugins\/seo\/ -->\n<title>&quot;Io sono con voi...&quot; - Centro di Documentazione e Studio del Pontificato di Giovanni Paolo II a Roma<\/title>\n<meta name=\"robots\" content=\"index, follow, max-snippet:-1, max-image-preview:large, max-video-preview:-1\" \/>\n<link rel=\"canonical\" href=\"https:\/\/jp2doc.pl\/it\/2023\/05\/28\/io-sono-con-voi\/\" \/>\n<meta property=\"og:locale\" content=\"it_IT\" \/>\n<meta property=\"og:type\" content=\"article\" \/>\n<meta property=\"og:title\" content=\"&quot;Io sono con voi...&quot; - Centro di Documentazione e Studio del Pontificato di Giovanni Paolo II a Roma\" \/>\n<meta property=\"og:description\" content=\"Solennit\u00e0 dell\u2019Ascensione di Nostro Signore\" \/>\n<meta property=\"og:url\" content=\"https:\/\/jp2doc.pl\/it\/2023\/05\/28\/io-sono-con-voi\/\" \/>\n<meta property=\"og:site_name\" content=\"Centro di Documentazione e Studio del Pontificato di Giovanni Paolo II a Roma\" \/>\n<meta property=\"article:published_time\" content=\"2023-05-28T07:25:07+00:00\" \/>\n<meta property=\"article:modified_time\" content=\"2023-05-28T07:25:08+00:00\" \/>\n<meta property=\"og:image\" content=\"https:\/\/jp2doc.pl\/it\/wp-content\/uploads\/sites\/3\/2018\/05\/greg-kantra-333822-unsplash.jpg\" \/>\n\t<meta property=\"og:image:width\" content=\"1678\" \/>\n\t<meta property=\"og:image:height\" content=\"1787\" \/>\n\t<meta property=\"og:image:type\" content=\"image\/jpeg\" \/>\n<meta name=\"author\" content=\"juliasercanka\" \/>\n<meta name=\"twitter:card\" content=\"summary_large_image\" \/>\n<meta name=\"twitter:label1\" content=\"Scritto da\" \/>\n\t<meta name=\"twitter:data1\" content=\"juliasercanka\" \/>\n\t<meta name=\"twitter:label2\" content=\"Tempo di lettura stimato\" \/>\n\t<meta name=\"twitter:data2\" content=\"3 minuti\" \/>\n<script type=\"application\/ld+json\" class=\"yoast-schema-graph\">{\"@context\":\"https:\/\/schema.org\",\"@graph\":[{\"@type\":\"Article\",\"@id\":\"https:\/\/jp2doc.pl\/it\/2023\/05\/28\/io-sono-con-voi\/#article\",\"isPartOf\":{\"@id\":\"https:\/\/jp2doc.pl\/it\/2023\/05\/28\/io-sono-con-voi\/\"},\"author\":{\"name\":\"juliasercanka\",\"@id\":\"https:\/\/jp2doc.pl\/it\/#\/schema\/person\/6110109e80abb51f6fac4824777eabfe\"},\"headline\":\"&#8220;Io sono con voi&#8230;&#8221;\",\"datePublished\":\"2023-05-28T07:25:07+00:00\",\"dateModified\":\"2023-05-28T07:25:08+00:00\",\"mainEntityOfPage\":{\"@id\":\"https:\/\/jp2doc.pl\/it\/2023\/05\/28\/io-sono-con-voi\/\"},\"wordCount\":593,\"commentCount\":0,\"publisher\":{\"@id\":\"https:\/\/jp2doc.pl\/it\/#organization\"},\"image\":{\"@id\":\"https:\/\/jp2doc.pl\/it\/2023\/05\/28\/io-sono-con-voi\/#primaryimage\"},\"thumbnailUrl\":\"https:\/\/jp2doc.pl\/it\/wp-content\/uploads\/sites\/3\/2018\/05\/greg-kantra-333822-unsplash.jpg\",\"articleSection\":[\"Blog\",\"Strona g\u0142\u00f3wna - najnowsze\",\"Strona g\u0142\u00f3wna - slider\"],\"inLanguage\":\"it-IT\",\"potentialAction\":[{\"@type\":\"CommentAction\",\"name\":\"Comment\",\"target\":[\"https:\/\/jp2doc.pl\/it\/2023\/05\/28\/io-sono-con-voi\/#respond\"]}]},{\"@type\":\"WebPage\",\"@id\":\"https:\/\/jp2doc.pl\/it\/2023\/05\/28\/io-sono-con-voi\/\",\"url\":\"https:\/\/jp2doc.pl\/it\/2023\/05\/28\/io-sono-con-voi\/\",\"name\":\"\\\"Io sono con voi...\\\" - Centro di Documentazione e Studio del Pontificato di Giovanni Paolo II a Roma\",\"isPartOf\":{\"@id\":\"https:\/\/jp2doc.pl\/it\/#website\"},\"primaryImageOfPage\":{\"@id\":\"https:\/\/jp2doc.pl\/it\/2023\/05\/28\/io-sono-con-voi\/#primaryimage\"},\"image\":{\"@id\":\"https:\/\/jp2doc.pl\/it\/2023\/05\/28\/io-sono-con-voi\/#primaryimage\"},\"thumbnailUrl\":\"https:\/\/jp2doc.pl\/it\/wp-content\/uploads\/sites\/3\/2018\/05\/greg-kantra-333822-unsplash.jpg\",\"datePublished\":\"2023-05-28T07:25:07+00:00\",\"dateModified\":\"2023-05-28T07:25:08+00:00\",\"breadcrumb\":{\"@id\":\"https:\/\/jp2doc.pl\/it\/2023\/05\/28\/io-sono-con-voi\/#breadcrumb\"},\"inLanguage\":\"it-IT\",\"potentialAction\":[{\"@type\":\"ReadAction\",\"target\":[\"https:\/\/jp2doc.pl\/it\/2023\/05\/28\/io-sono-con-voi\/\"]}]},{\"@type\":\"ImageObject\",\"inLanguage\":\"it-IT\",\"@id\":\"https:\/\/jp2doc.pl\/it\/2023\/05\/28\/io-sono-con-voi\/#primaryimage\",\"url\":\"https:\/\/jp2doc.pl\/it\/wp-content\/uploads\/sites\/3\/2018\/05\/greg-kantra-333822-unsplash.jpg\",\"contentUrl\":\"https:\/\/jp2doc.pl\/it\/wp-content\/uploads\/sites\/3\/2018\/05\/greg-kantra-333822-unsplash.jpg\",\"width\":1678,\"height\":1787},{\"@type\":\"BreadcrumbList\",\"@id\":\"https:\/\/jp2doc.pl\/it\/2023\/05\/28\/io-sono-con-voi\/#breadcrumb\",\"itemListElement\":[{\"@type\":\"ListItem\",\"position\":1,\"name\":\"Home\",\"item\":\"https:\/\/jp2doc.pl\/it\/\"},{\"@type\":\"ListItem\",\"position\":2,\"name\":\"&#8220;Io sono con voi&#8230;&#8221;\"}]},{\"@type\":\"WebSite\",\"@id\":\"https:\/\/jp2doc.pl\/it\/#website\",\"url\":\"https:\/\/jp2doc.pl\/it\/\",\"name\":\"Centro di Documentazione e Studio del Pontificato di Giovanni Paolo II a Roma\",\"description\":\"\",\"publisher\":{\"@id\":\"https:\/\/jp2doc.pl\/it\/#organization\"},\"potentialAction\":[{\"@type\":\"SearchAction\",\"target\":{\"@type\":\"EntryPoint\",\"urlTemplate\":\"https:\/\/jp2doc.pl\/it\/?s={search_term_string}\"},\"query-input\":{\"@type\":\"PropertyValueSpecification\",\"valueRequired\":true,\"valueName\":\"search_term_string\"}}],\"inLanguage\":\"it-IT\"},{\"@type\":\"Organization\",\"@id\":\"https:\/\/jp2doc.pl\/it\/#organization\",\"name\":\"Centro di Documentazione e Studio del Pontificato di Giovanni Paolo II a Roma\",\"url\":\"https:\/\/jp2doc.pl\/it\/\",\"logo\":{\"@type\":\"ImageObject\",\"inLanguage\":\"it-IT\",\"@id\":\"https:\/\/jp2doc.pl\/it\/#\/schema\/logo\/image\/\",\"url\":\"https:\/\/jp2doc.pl\/it\/wp-content\/uploads\/sites\/3\/2017\/03\/cropped-logo.png\",\"contentUrl\":\"https:\/\/jp2doc.pl\/it\/wp-content\/uploads\/sites\/3\/2017\/03\/cropped-logo.png\",\"width\":115,\"height\":115,\"caption\":\"Centro di Documentazione e Studio del Pontificato di Giovanni Paolo II a Roma\"},\"image\":{\"@id\":\"https:\/\/jp2doc.pl\/it\/#\/schema\/logo\/image\/\"}},{\"@type\":\"Person\",\"@id\":\"https:\/\/jp2doc.pl\/it\/#\/schema\/person\/6110109e80abb51f6fac4824777eabfe\",\"name\":\"juliasercanka\",\"image\":{\"@type\":\"ImageObject\",\"inLanguage\":\"it-IT\",\"@id\":\"https:\/\/jp2doc.pl\/it\/#\/schema\/person\/image\/\",\"url\":\"https:\/\/secure.gravatar.com\/avatar\/266a66e864556e22d55d61b6b10c97fab9060767b738564bcd109f3997e372bc?s=96&d=mm&r=g\",\"contentUrl\":\"https:\/\/secure.gravatar.com\/avatar\/266a66e864556e22d55d61b6b10c97fab9060767b738564bcd109f3997e372bc?s=96&d=mm&r=g\",\"caption\":\"juliasercanka\"},\"url\":\"https:\/\/jp2doc.pl\/it\/author\/juliasercanka\/\"}]}<\/script>\n<!-- \/ Yoast SEO plugin. -->","yoast_head_json":{"title":"\"Io sono con voi...\" - Centro di Documentazione e Studio del Pontificato di Giovanni Paolo II a Roma","robots":{"index":"index","follow":"follow","max-snippet":"max-snippet:-1","max-image-preview":"max-image-preview:large","max-video-preview":"max-video-preview:-1"},"canonical":"https:\/\/jp2doc.pl\/it\/2023\/05\/28\/io-sono-con-voi\/","og_locale":"it_IT","og_type":"article","og_title":"\"Io sono con voi...\" - Centro di Documentazione e Studio del Pontificato di Giovanni Paolo II a Roma","og_description":"Solennit\u00e0 dell\u2019Ascensione di Nostro Signore","og_url":"https:\/\/jp2doc.pl\/it\/2023\/05\/28\/io-sono-con-voi\/","og_site_name":"Centro di Documentazione e Studio del Pontificato di Giovanni Paolo II a Roma","article_published_time":"2023-05-28T07:25:07+00:00","article_modified_time":"2023-05-28T07:25:08+00:00","og_image":[{"width":1678,"height":1787,"url":"https:\/\/jp2doc.pl\/it\/wp-content\/uploads\/sites\/3\/2018\/05\/greg-kantra-333822-unsplash.jpg","type":"image\/jpeg"}],"author":"juliasercanka","twitter_card":"summary_large_image","twitter_misc":{"Scritto da":"juliasercanka","Tempo di lettura stimato":"3 minuti"},"schema":{"@context":"https:\/\/schema.org","@graph":[{"@type":"Article","@id":"https:\/\/jp2doc.pl\/it\/2023\/05\/28\/io-sono-con-voi\/#article","isPartOf":{"@id":"https:\/\/jp2doc.pl\/it\/2023\/05\/28\/io-sono-con-voi\/"},"author":{"name":"juliasercanka","@id":"https:\/\/jp2doc.pl\/it\/#\/schema\/person\/6110109e80abb51f6fac4824777eabfe"},"headline":"&#8220;Io sono con voi&#8230;&#8221;","datePublished":"2023-05-28T07:25:07+00:00","dateModified":"2023-05-28T07:25:08+00:00","mainEntityOfPage":{"@id":"https:\/\/jp2doc.pl\/it\/2023\/05\/28\/io-sono-con-voi\/"},"wordCount":593,"commentCount":0,"publisher":{"@id":"https:\/\/jp2doc.pl\/it\/#organization"},"image":{"@id":"https:\/\/jp2doc.pl\/it\/2023\/05\/28\/io-sono-con-voi\/#primaryimage"},"thumbnailUrl":"https:\/\/jp2doc.pl\/it\/wp-content\/uploads\/sites\/3\/2018\/05\/greg-kantra-333822-unsplash.jpg","articleSection":["Blog","Strona g\u0142\u00f3wna - najnowsze","Strona g\u0142\u00f3wna - slider"],"inLanguage":"it-IT","potentialAction":[{"@type":"CommentAction","name":"Comment","target":["https:\/\/jp2doc.pl\/it\/2023\/05\/28\/io-sono-con-voi\/#respond"]}]},{"@type":"WebPage","@id":"https:\/\/jp2doc.pl\/it\/2023\/05\/28\/io-sono-con-voi\/","url":"https:\/\/jp2doc.pl\/it\/2023\/05\/28\/io-sono-con-voi\/","name":"\"Io sono con voi...\" - Centro di Documentazione e Studio del Pontificato di Giovanni Paolo II a Roma","isPartOf":{"@id":"https:\/\/jp2doc.pl\/it\/#website"},"primaryImageOfPage":{"@id":"https:\/\/jp2doc.pl\/it\/2023\/05\/28\/io-sono-con-voi\/#primaryimage"},"image":{"@id":"https:\/\/jp2doc.pl\/it\/2023\/05\/28\/io-sono-con-voi\/#primaryimage"},"thumbnailUrl":"https:\/\/jp2doc.pl\/it\/wp-content\/uploads\/sites\/3\/2018\/05\/greg-kantra-333822-unsplash.jpg","datePublished":"2023-05-28T07:25:07+00:00","dateModified":"2023-05-28T07:25:08+00:00","breadcrumb":{"@id":"https:\/\/jp2doc.pl\/it\/2023\/05\/28\/io-sono-con-voi\/#breadcrumb"},"inLanguage":"it-IT","potentialAction":[{"@type":"ReadAction","target":["https:\/\/jp2doc.pl\/it\/2023\/05\/28\/io-sono-con-voi\/"]}]},{"@type":"ImageObject","inLanguage":"it-IT","@id":"https:\/\/jp2doc.pl\/it\/2023\/05\/28\/io-sono-con-voi\/#primaryimage","url":"https:\/\/jp2doc.pl\/it\/wp-content\/uploads\/sites\/3\/2018\/05\/greg-kantra-333822-unsplash.jpg","contentUrl":"https:\/\/jp2doc.pl\/it\/wp-content\/uploads\/sites\/3\/2018\/05\/greg-kantra-333822-unsplash.jpg","width":1678,"height":1787},{"@type":"BreadcrumbList","@id":"https:\/\/jp2doc.pl\/it\/2023\/05\/28\/io-sono-con-voi\/#breadcrumb","itemListElement":[{"@type":"ListItem","position":1,"name":"Home","item":"https:\/\/jp2doc.pl\/it\/"},{"@type":"ListItem","position":2,"name":"&#8220;Io sono con voi&#8230;&#8221;"}]},{"@type":"WebSite","@id":"https:\/\/jp2doc.pl\/it\/#website","url":"https:\/\/jp2doc.pl\/it\/","name":"Centro di Documentazione e Studio del Pontificato di Giovanni Paolo II a Roma","description":"","publisher":{"@id":"https:\/\/jp2doc.pl\/it\/#organization"},"potentialAction":[{"@type":"SearchAction","target":{"@type":"EntryPoint","urlTemplate":"https:\/\/jp2doc.pl\/it\/?s={search_term_string}"},"query-input":{"@type":"PropertyValueSpecification","valueRequired":true,"valueName":"search_term_string"}}],"inLanguage":"it-IT"},{"@type":"Organization","@id":"https:\/\/jp2doc.pl\/it\/#organization","name":"Centro di Documentazione e Studio del Pontificato di Giovanni Paolo II a Roma","url":"https:\/\/jp2doc.pl\/it\/","logo":{"@type":"ImageObject","inLanguage":"it-IT","@id":"https:\/\/jp2doc.pl\/it\/#\/schema\/logo\/image\/","url":"https:\/\/jp2doc.pl\/it\/wp-content\/uploads\/sites\/3\/2017\/03\/cropped-logo.png","contentUrl":"https:\/\/jp2doc.pl\/it\/wp-content\/uploads\/sites\/3\/2017\/03\/cropped-logo.png","width":115,"height":115,"caption":"Centro di Documentazione e Studio del Pontificato di Giovanni Paolo II a Roma"},"image":{"@id":"https:\/\/jp2doc.pl\/it\/#\/schema\/logo\/image\/"}},{"@type":"Person","@id":"https:\/\/jp2doc.pl\/it\/#\/schema\/person\/6110109e80abb51f6fac4824777eabfe","name":"juliasercanka","image":{"@type":"ImageObject","inLanguage":"it-IT","@id":"https:\/\/jp2doc.pl\/it\/#\/schema\/person\/image\/","url":"https:\/\/secure.gravatar.com\/avatar\/266a66e864556e22d55d61b6b10c97fab9060767b738564bcd109f3997e372bc?s=96&d=mm&r=g","contentUrl":"https:\/\/secure.gravatar.com\/avatar\/266a66e864556e22d55d61b6b10c97fab9060767b738564bcd109f3997e372bc?s=96&d=mm&r=g","caption":"juliasercanka"},"url":"https:\/\/jp2doc.pl\/it\/author\/juliasercanka\/"}]}},"_links":{"self":[{"href":"https:\/\/jp2doc.pl\/it\/wp-json\/wp\/v2\/posts\/3022","targetHints":{"allow":["GET"]}}],"collection":[{"href":"https:\/\/jp2doc.pl\/it\/wp-json\/wp\/v2\/posts"}],"about":[{"href":"https:\/\/jp2doc.pl\/it\/wp-json\/wp\/v2\/types\/post"}],"author":[{"embeddable":true,"href":"https:\/\/jp2doc.pl\/it\/wp-json\/wp\/v2\/users\/5"}],"replies":[{"embeddable":true,"href":"https:\/\/jp2doc.pl\/it\/wp-json\/wp\/v2\/comments?post=3022"}],"version-history":[{"count":1,"href":"https:\/\/jp2doc.pl\/it\/wp-json\/wp\/v2\/posts\/3022\/revisions"}],"predecessor-version":[{"id":3023,"href":"https:\/\/jp2doc.pl\/it\/wp-json\/wp\/v2\/posts\/3022\/revisions\/3023"}],"wp:featuredmedia":[{"embeddable":true,"href":"https:\/\/jp2doc.pl\/it\/wp-json\/wp\/v2\/media\/2016"}],"wp:attachment":[{"href":"https:\/\/jp2doc.pl\/it\/wp-json\/wp\/v2\/media?parent=3022"}],"wp:term":[{"taxonomy":"category","embeddable":true,"href":"https:\/\/jp2doc.pl\/it\/wp-json\/wp\/v2\/categories?post=3022"},{"taxonomy":"post_tag","embeddable":true,"href":"https:\/\/jp2doc.pl\/it\/wp-json\/wp\/v2\/tags?post=3022"}],"curies":[{"name":"wp","href":"https:\/\/api.w.org\/{rel}","templated":true}]}}