{"id":3034,"date":"2023-10-07T19:51:39","date_gmt":"2023-10-07T17:51:39","guid":{"rendered":"https:\/\/jp2doc.pl\/it\/?p=3034"},"modified":"2023-10-07T19:51:40","modified_gmt":"2023-10-07T17:51:40","slug":"uomo-di-poca-fede-perche-hai-dubitato","status":"publish","type":"post","link":"https:\/\/jp2doc.pl\/it\/2023\/10\/07\/uomo-di-poca-fede-perche-hai-dubitato\/","title":{"rendered":"Uomo di poca fede, perch\u00e9 hai dubitato?"},"content":{"rendered":"\n<p><\/p>\n\n\n\n<p>La religione cristiana \u00e8 una religione della fede. Se la rivelazione \u00e8 l\u2019autocomunicazione di Dio, la fede \u00e8 la risposta umana alla rivelazione. Come la definizione di \u201ccredere\u201d da parte di San Tommaso d\u2019Aquino, \u00abcredere \u00e8 un atto dell\u2019intelletto che aderisce alla verit\u00e0 divina sotto il comando della volont\u00e0 mossa da Dio mediante la grazie\u00bb (<em>Credere est actus intellectus assentientis veritati divinae ex imperio voluntatis a Deo motae per gratiam<\/em>, Sum. II-II, 2,9). Nel Vangelo di questa domenica, quando Dio chiama Pietro per camminare sull\u2019acqua, Pietro dapprima ha fede all\u2019invito di Ges\u00f9, quindi obedisce subito; per\u00f2 questa fede ancora non \u00e8 forte, perci\u00f2, quando incontra il vento, lui ha paura, e subito chiama Ges\u00f9 per salvarlo. In quel contesto, Ges\u00f9 diceva: \u00abUomo di poca fede, perch\u00e9 hai dubitato?\u00bb.<\/p>\n\n\n\n<p>\u00c8 vero che lo stato d\u2019animo di Pietro \u00e8 simile a ciascuno di noi. Nella nostra vita quotidiana, quante volte abbiamo la paura, il dubbio verso la nostra fede cattolica, soprattutto nel momento del vento, del test. Quindi, anche la domanda che Ges\u00f9 faceva, \u00e8 rivolta per tutti noi, perch\u00e9 siamo anche noi \u201cuomini di poca fede\u201d. Tuttavia, la manifestazione della divinit\u00e0 di Ges\u00f9 Cristo ristabilisce sempre la fede che ci \u00e8 donata a noi, come quando Ges\u00f9 veniva incontro a Pietro mentre lui cadeva nella paura e nei dubbi.<\/p>\n\n\n\n<p>Pertanto, la fede \u00e8 una grazia incondizionata. \u00c8 la nostra risposta verso la rivelazione, ma questa risposta \u00e8 costituita e motivata da noi e contemporaneamente anche dallo Spirito Santo. Dio sapeva che l\u2019uomo ha poca fede, perci\u00f2 di tanto in tanto cerca i modi per confortarlo e aiutarlo. \u201cIl vento\u201d non \u00e8 totalmente negativo, perch\u00e9 ogni tanto grazie al vento, la nostra fede cresce. La fede \u00e8 come un albero: nasce come un seme, poi cresce sotto il sole e sotto la pioggia finch\u00e9 diventa una pianta forte e in salute. Il nutrimento della fede \u00e8 di sole e anche di pioggia, come la relazione; a volte l\u2019approfondimento non avviene soltanto nella tranquillit\u00e0, ma anche nei conflitti, quelli che offrono uno spazio per cercare di dialogare pi\u00f9 profondamente. In questo senso la pazienza, per lasciare che la fede nasca e cresca, \u00e8 significativa e decisiva per tutti. Basta vedere Santa Monica, quando suo figlio \u00e8 ancora fuori dalla giusta via, lei non perdeva mai la sua pazienza e la preghiera. L\u2019attesa \u00e8 un altro nome dell\u2019amore e anche un sinonimo della fede. Ges\u00f9 non aveva lasciato Pietro quando lo vedeva con poca fede, ma invece lo ha aiutato per accompagnarlo a crescere e nutrirlo. Anche per noi, meglio pazientemente dare sufficiente tempo e spazio per s\u00e9 e per gli altri.<\/p>\n\n\n\n<p>\u00abTu puoi, fratello mio, non credere in Dio, ma Dio non cesser\u00e0 mai di credere in te\u00bb &#8211; Padre Pio.<\/p>\n\n\n\n<p><strong>Sophia Lilin Wu<\/strong> \u2013 studentessa della Pontificia Universit\u00e0 Gregoriana, professoressa della Universit\u00e0 degli Studi \u201cGabriele d\u2019Annunzio\u201d Chieti-Pescara.<\/p>\n","protected":false},"excerpt":{"rendered":"<p>XIX Domenica del Tempo Ordinario<\/p>\n","protected":false},"author":5,"featured_media":2233,"comment_status":"open","ping_status":"open","sticky":false,"template":"","format":"standard","meta":{"_acf_changed":false,"_exactmetrics_skip_tracking":false,"_exactmetrics_sitenote_active":false,"_exactmetrics_sitenote_note":"","_exactmetrics_sitenote_category":0,"footnotes":""},"categories":[4,13,14],"tags":[],"class_list":["post-3034","post","type-post","status-publish","format-standard","has-post-thumbnail","hentry","category-blog","category-strona-glowna-najnowsze","category-strona-glowna-slider"],"acf":[],"yoast_head":"<!-- This site is optimized with the Yoast SEO plugin v26.2 - https:\/\/yoast.com\/wordpress\/plugins\/seo\/ -->\n<title>Uomo di poca fede, perch\u00e9 hai dubitato? - Centro di Documentazione e Studio del Pontificato di Giovanni Paolo II a Roma<\/title>\n<meta name=\"robots\" content=\"index, follow, max-snippet:-1, max-image-preview:large, max-video-preview:-1\" \/>\n<link rel=\"canonical\" href=\"https:\/\/jp2doc.pl\/it\/2023\/10\/07\/uomo-di-poca-fede-perche-hai-dubitato\/\" \/>\n<meta property=\"og:locale\" content=\"it_IT\" \/>\n<meta property=\"og:type\" content=\"article\" \/>\n<meta property=\"og:title\" content=\"Uomo di poca fede, perch\u00e9 hai dubitato? - Centro di Documentazione e Studio del Pontificato di Giovanni Paolo II a Roma\" \/>\n<meta property=\"og:description\" content=\"XIX Domenica del Tempo Ordinario\" \/>\n<meta property=\"og:url\" content=\"https:\/\/jp2doc.pl\/it\/2023\/10\/07\/uomo-di-poca-fede-perche-hai-dubitato\/\" \/>\n<meta property=\"og:site_name\" content=\"Centro di Documentazione e Studio del Pontificato di Giovanni Paolo II a Roma\" \/>\n<meta property=\"article:published_time\" content=\"2023-10-07T17:51:39+00:00\" \/>\n<meta property=\"article:modified_time\" content=\"2023-10-07T17:51:40+00:00\" \/>\n<meta property=\"og:image\" content=\"https:\/\/jp2doc.pl\/it\/wp-content\/uploads\/sites\/3\/2019\/02\/0976453.jpg\" \/>\n\t<meta property=\"og:image:width\" content=\"2048\" \/>\n\t<meta property=\"og:image:height\" content=\"1152\" \/>\n\t<meta property=\"og:image:type\" content=\"image\/jpeg\" \/>\n<meta name=\"author\" content=\"juliasercanka\" \/>\n<meta name=\"twitter:card\" content=\"summary_large_image\" \/>\n<meta name=\"twitter:label1\" content=\"Scritto da\" \/>\n\t<meta name=\"twitter:data1\" content=\"juliasercanka\" \/>\n\t<meta name=\"twitter:label2\" content=\"Tempo di lettura stimato\" \/>\n\t<meta name=\"twitter:data2\" content=\"3 minuti\" \/>\n<script type=\"application\/ld+json\" class=\"yoast-schema-graph\">{\"@context\":\"https:\/\/schema.org\",\"@graph\":[{\"@type\":\"Article\",\"@id\":\"https:\/\/jp2doc.pl\/it\/2023\/10\/07\/uomo-di-poca-fede-perche-hai-dubitato\/#article\",\"isPartOf\":{\"@id\":\"https:\/\/jp2doc.pl\/it\/2023\/10\/07\/uomo-di-poca-fede-perche-hai-dubitato\/\"},\"author\":{\"name\":\"juliasercanka\",\"@id\":\"https:\/\/jp2doc.pl\/it\/#\/schema\/person\/6110109e80abb51f6fac4824777eabfe\"},\"headline\":\"Uomo di poca fede, perch\u00e9 hai dubitato?\",\"datePublished\":\"2023-10-07T17:51:39+00:00\",\"dateModified\":\"2023-10-07T17:51:40+00:00\",\"mainEntityOfPage\":{\"@id\":\"https:\/\/jp2doc.pl\/it\/2023\/10\/07\/uomo-di-poca-fede-perche-hai-dubitato\/\"},\"wordCount\":473,\"commentCount\":0,\"publisher\":{\"@id\":\"https:\/\/jp2doc.pl\/it\/#organization\"},\"image\":{\"@id\":\"https:\/\/jp2doc.pl\/it\/2023\/10\/07\/uomo-di-poca-fede-perche-hai-dubitato\/#primaryimage\"},\"thumbnailUrl\":\"https:\/\/jp2doc.pl\/it\/wp-content\/uploads\/sites\/3\/2019\/02\/0976453.jpg\",\"articleSection\":[\"Blog\",\"Strona g\u0142\u00f3wna - najnowsze\",\"Strona g\u0142\u00f3wna - slider\"],\"inLanguage\":\"it-IT\",\"potentialAction\":[{\"@type\":\"CommentAction\",\"name\":\"Comment\",\"target\":[\"https:\/\/jp2doc.pl\/it\/2023\/10\/07\/uomo-di-poca-fede-perche-hai-dubitato\/#respond\"]}]},{\"@type\":\"WebPage\",\"@id\":\"https:\/\/jp2doc.pl\/it\/2023\/10\/07\/uomo-di-poca-fede-perche-hai-dubitato\/\",\"url\":\"https:\/\/jp2doc.pl\/it\/2023\/10\/07\/uomo-di-poca-fede-perche-hai-dubitato\/\",\"name\":\"Uomo di poca fede, perch\u00e9 hai dubitato? - Centro di Documentazione e Studio del Pontificato di Giovanni Paolo II a Roma\",\"isPartOf\":{\"@id\":\"https:\/\/jp2doc.pl\/it\/#website\"},\"primaryImageOfPage\":{\"@id\":\"https:\/\/jp2doc.pl\/it\/2023\/10\/07\/uomo-di-poca-fede-perche-hai-dubitato\/#primaryimage\"},\"image\":{\"@id\":\"https:\/\/jp2doc.pl\/it\/2023\/10\/07\/uomo-di-poca-fede-perche-hai-dubitato\/#primaryimage\"},\"thumbnailUrl\":\"https:\/\/jp2doc.pl\/it\/wp-content\/uploads\/sites\/3\/2019\/02\/0976453.jpg\",\"datePublished\":\"2023-10-07T17:51:39+00:00\",\"dateModified\":\"2023-10-07T17:51:40+00:00\",\"breadcrumb\":{\"@id\":\"https:\/\/jp2doc.pl\/it\/2023\/10\/07\/uomo-di-poca-fede-perche-hai-dubitato\/#breadcrumb\"},\"inLanguage\":\"it-IT\",\"potentialAction\":[{\"@type\":\"ReadAction\",\"target\":[\"https:\/\/jp2doc.pl\/it\/2023\/10\/07\/uomo-di-poca-fede-perche-hai-dubitato\/\"]}]},{\"@type\":\"ImageObject\",\"inLanguage\":\"it-IT\",\"@id\":\"https:\/\/jp2doc.pl\/it\/2023\/10\/07\/uomo-di-poca-fede-perche-hai-dubitato\/#primaryimage\",\"url\":\"https:\/\/jp2doc.pl\/it\/wp-content\/uploads\/sites\/3\/2019\/02\/0976453.jpg\",\"contentUrl\":\"https:\/\/jp2doc.pl\/it\/wp-content\/uploads\/sites\/3\/2019\/02\/0976453.jpg\",\"width\":2048,\"height\":1152},{\"@type\":\"BreadcrumbList\",\"@id\":\"https:\/\/jp2doc.pl\/it\/2023\/10\/07\/uomo-di-poca-fede-perche-hai-dubitato\/#breadcrumb\",\"itemListElement\":[{\"@type\":\"ListItem\",\"position\":1,\"name\":\"Home\",\"item\":\"https:\/\/jp2doc.pl\/it\/\"},{\"@type\":\"ListItem\",\"position\":2,\"name\":\"Uomo di poca fede, perch\u00e9 hai dubitato?\"}]},{\"@type\":\"WebSite\",\"@id\":\"https:\/\/jp2doc.pl\/it\/#website\",\"url\":\"https:\/\/jp2doc.pl\/it\/\",\"name\":\"Centro di Documentazione e Studio del Pontificato di Giovanni Paolo II a Roma\",\"description\":\"\",\"publisher\":{\"@id\":\"https:\/\/jp2doc.pl\/it\/#organization\"},\"potentialAction\":[{\"@type\":\"SearchAction\",\"target\":{\"@type\":\"EntryPoint\",\"urlTemplate\":\"https:\/\/jp2doc.pl\/it\/?s={search_term_string}\"},\"query-input\":{\"@type\":\"PropertyValueSpecification\",\"valueRequired\":true,\"valueName\":\"search_term_string\"}}],\"inLanguage\":\"it-IT\"},{\"@type\":\"Organization\",\"@id\":\"https:\/\/jp2doc.pl\/it\/#organization\",\"name\":\"Centro di Documentazione e Studio del Pontificato di Giovanni Paolo II a Roma\",\"url\":\"https:\/\/jp2doc.pl\/it\/\",\"logo\":{\"@type\":\"ImageObject\",\"inLanguage\":\"it-IT\",\"@id\":\"https:\/\/jp2doc.pl\/it\/#\/schema\/logo\/image\/\",\"url\":\"https:\/\/jp2doc.pl\/it\/wp-content\/uploads\/sites\/3\/2017\/03\/cropped-logo.png\",\"contentUrl\":\"https:\/\/jp2doc.pl\/it\/wp-content\/uploads\/sites\/3\/2017\/03\/cropped-logo.png\",\"width\":115,\"height\":115,\"caption\":\"Centro di Documentazione e Studio del Pontificato di Giovanni Paolo II a Roma\"},\"image\":{\"@id\":\"https:\/\/jp2doc.pl\/it\/#\/schema\/logo\/image\/\"}},{\"@type\":\"Person\",\"@id\":\"https:\/\/jp2doc.pl\/it\/#\/schema\/person\/6110109e80abb51f6fac4824777eabfe\",\"name\":\"juliasercanka\",\"image\":{\"@type\":\"ImageObject\",\"inLanguage\":\"it-IT\",\"@id\":\"https:\/\/jp2doc.pl\/it\/#\/schema\/person\/image\/\",\"url\":\"https:\/\/secure.gravatar.com\/avatar\/266a66e864556e22d55d61b6b10c97fab9060767b738564bcd109f3997e372bc?s=96&d=mm&r=g\",\"contentUrl\":\"https:\/\/secure.gravatar.com\/avatar\/266a66e864556e22d55d61b6b10c97fab9060767b738564bcd109f3997e372bc?s=96&d=mm&r=g\",\"caption\":\"juliasercanka\"},\"url\":\"https:\/\/jp2doc.pl\/it\/author\/juliasercanka\/\"}]}<\/script>\n<!-- \/ Yoast SEO plugin. -->","yoast_head_json":{"title":"Uomo di poca fede, perch\u00e9 hai dubitato? - Centro di Documentazione e Studio del Pontificato di Giovanni Paolo II a Roma","robots":{"index":"index","follow":"follow","max-snippet":"max-snippet:-1","max-image-preview":"max-image-preview:large","max-video-preview":"max-video-preview:-1"},"canonical":"https:\/\/jp2doc.pl\/it\/2023\/10\/07\/uomo-di-poca-fede-perche-hai-dubitato\/","og_locale":"it_IT","og_type":"article","og_title":"Uomo di poca fede, perch\u00e9 hai dubitato? - Centro di Documentazione e Studio del Pontificato di Giovanni Paolo II a Roma","og_description":"XIX Domenica del Tempo Ordinario","og_url":"https:\/\/jp2doc.pl\/it\/2023\/10\/07\/uomo-di-poca-fede-perche-hai-dubitato\/","og_site_name":"Centro di Documentazione e Studio del Pontificato di Giovanni Paolo II a Roma","article_published_time":"2023-10-07T17:51:39+00:00","article_modified_time":"2023-10-07T17:51:40+00:00","og_image":[{"width":2048,"height":1152,"url":"https:\/\/jp2doc.pl\/it\/wp-content\/uploads\/sites\/3\/2019\/02\/0976453.jpg","type":"image\/jpeg"}],"author":"juliasercanka","twitter_card":"summary_large_image","twitter_misc":{"Scritto da":"juliasercanka","Tempo di lettura stimato":"3 minuti"},"schema":{"@context":"https:\/\/schema.org","@graph":[{"@type":"Article","@id":"https:\/\/jp2doc.pl\/it\/2023\/10\/07\/uomo-di-poca-fede-perche-hai-dubitato\/#article","isPartOf":{"@id":"https:\/\/jp2doc.pl\/it\/2023\/10\/07\/uomo-di-poca-fede-perche-hai-dubitato\/"},"author":{"name":"juliasercanka","@id":"https:\/\/jp2doc.pl\/it\/#\/schema\/person\/6110109e80abb51f6fac4824777eabfe"},"headline":"Uomo di poca fede, perch\u00e9 hai dubitato?","datePublished":"2023-10-07T17:51:39+00:00","dateModified":"2023-10-07T17:51:40+00:00","mainEntityOfPage":{"@id":"https:\/\/jp2doc.pl\/it\/2023\/10\/07\/uomo-di-poca-fede-perche-hai-dubitato\/"},"wordCount":473,"commentCount":0,"publisher":{"@id":"https:\/\/jp2doc.pl\/it\/#organization"},"image":{"@id":"https:\/\/jp2doc.pl\/it\/2023\/10\/07\/uomo-di-poca-fede-perche-hai-dubitato\/#primaryimage"},"thumbnailUrl":"https:\/\/jp2doc.pl\/it\/wp-content\/uploads\/sites\/3\/2019\/02\/0976453.jpg","articleSection":["Blog","Strona g\u0142\u00f3wna - najnowsze","Strona g\u0142\u00f3wna - slider"],"inLanguage":"it-IT","potentialAction":[{"@type":"CommentAction","name":"Comment","target":["https:\/\/jp2doc.pl\/it\/2023\/10\/07\/uomo-di-poca-fede-perche-hai-dubitato\/#respond"]}]},{"@type":"WebPage","@id":"https:\/\/jp2doc.pl\/it\/2023\/10\/07\/uomo-di-poca-fede-perche-hai-dubitato\/","url":"https:\/\/jp2doc.pl\/it\/2023\/10\/07\/uomo-di-poca-fede-perche-hai-dubitato\/","name":"Uomo di poca fede, perch\u00e9 hai dubitato? - Centro di Documentazione e Studio del Pontificato di Giovanni Paolo II a Roma","isPartOf":{"@id":"https:\/\/jp2doc.pl\/it\/#website"},"primaryImageOfPage":{"@id":"https:\/\/jp2doc.pl\/it\/2023\/10\/07\/uomo-di-poca-fede-perche-hai-dubitato\/#primaryimage"},"image":{"@id":"https:\/\/jp2doc.pl\/it\/2023\/10\/07\/uomo-di-poca-fede-perche-hai-dubitato\/#primaryimage"},"thumbnailUrl":"https:\/\/jp2doc.pl\/it\/wp-content\/uploads\/sites\/3\/2019\/02\/0976453.jpg","datePublished":"2023-10-07T17:51:39+00:00","dateModified":"2023-10-07T17:51:40+00:00","breadcrumb":{"@id":"https:\/\/jp2doc.pl\/it\/2023\/10\/07\/uomo-di-poca-fede-perche-hai-dubitato\/#breadcrumb"},"inLanguage":"it-IT","potentialAction":[{"@type":"ReadAction","target":["https:\/\/jp2doc.pl\/it\/2023\/10\/07\/uomo-di-poca-fede-perche-hai-dubitato\/"]}]},{"@type":"ImageObject","inLanguage":"it-IT","@id":"https:\/\/jp2doc.pl\/it\/2023\/10\/07\/uomo-di-poca-fede-perche-hai-dubitato\/#primaryimage","url":"https:\/\/jp2doc.pl\/it\/wp-content\/uploads\/sites\/3\/2019\/02\/0976453.jpg","contentUrl":"https:\/\/jp2doc.pl\/it\/wp-content\/uploads\/sites\/3\/2019\/02\/0976453.jpg","width":2048,"height":1152},{"@type":"BreadcrumbList","@id":"https:\/\/jp2doc.pl\/it\/2023\/10\/07\/uomo-di-poca-fede-perche-hai-dubitato\/#breadcrumb","itemListElement":[{"@type":"ListItem","position":1,"name":"Home","item":"https:\/\/jp2doc.pl\/it\/"},{"@type":"ListItem","position":2,"name":"Uomo di poca fede, perch\u00e9 hai dubitato?"}]},{"@type":"WebSite","@id":"https:\/\/jp2doc.pl\/it\/#website","url":"https:\/\/jp2doc.pl\/it\/","name":"Centro di Documentazione e Studio del Pontificato di Giovanni Paolo II a Roma","description":"","publisher":{"@id":"https:\/\/jp2doc.pl\/it\/#organization"},"potentialAction":[{"@type":"SearchAction","target":{"@type":"EntryPoint","urlTemplate":"https:\/\/jp2doc.pl\/it\/?s={search_term_string}"},"query-input":{"@type":"PropertyValueSpecification","valueRequired":true,"valueName":"search_term_string"}}],"inLanguage":"it-IT"},{"@type":"Organization","@id":"https:\/\/jp2doc.pl\/it\/#organization","name":"Centro di Documentazione e Studio del Pontificato di Giovanni Paolo II a Roma","url":"https:\/\/jp2doc.pl\/it\/","logo":{"@type":"ImageObject","inLanguage":"it-IT","@id":"https:\/\/jp2doc.pl\/it\/#\/schema\/logo\/image\/","url":"https:\/\/jp2doc.pl\/it\/wp-content\/uploads\/sites\/3\/2017\/03\/cropped-logo.png","contentUrl":"https:\/\/jp2doc.pl\/it\/wp-content\/uploads\/sites\/3\/2017\/03\/cropped-logo.png","width":115,"height":115,"caption":"Centro di Documentazione e Studio del Pontificato di Giovanni Paolo II a Roma"},"image":{"@id":"https:\/\/jp2doc.pl\/it\/#\/schema\/logo\/image\/"}},{"@type":"Person","@id":"https:\/\/jp2doc.pl\/it\/#\/schema\/person\/6110109e80abb51f6fac4824777eabfe","name":"juliasercanka","image":{"@type":"ImageObject","inLanguage":"it-IT","@id":"https:\/\/jp2doc.pl\/it\/#\/schema\/person\/image\/","url":"https:\/\/secure.gravatar.com\/avatar\/266a66e864556e22d55d61b6b10c97fab9060767b738564bcd109f3997e372bc?s=96&d=mm&r=g","contentUrl":"https:\/\/secure.gravatar.com\/avatar\/266a66e864556e22d55d61b6b10c97fab9060767b738564bcd109f3997e372bc?s=96&d=mm&r=g","caption":"juliasercanka"},"url":"https:\/\/jp2doc.pl\/it\/author\/juliasercanka\/"}]}},"_links":{"self":[{"href":"https:\/\/jp2doc.pl\/it\/wp-json\/wp\/v2\/posts\/3034","targetHints":{"allow":["GET"]}}],"collection":[{"href":"https:\/\/jp2doc.pl\/it\/wp-json\/wp\/v2\/posts"}],"about":[{"href":"https:\/\/jp2doc.pl\/it\/wp-json\/wp\/v2\/types\/post"}],"author":[{"embeddable":true,"href":"https:\/\/jp2doc.pl\/it\/wp-json\/wp\/v2\/users\/5"}],"replies":[{"embeddable":true,"href":"https:\/\/jp2doc.pl\/it\/wp-json\/wp\/v2\/comments?post=3034"}],"version-history":[{"count":1,"href":"https:\/\/jp2doc.pl\/it\/wp-json\/wp\/v2\/posts\/3034\/revisions"}],"predecessor-version":[{"id":3035,"href":"https:\/\/jp2doc.pl\/it\/wp-json\/wp\/v2\/posts\/3034\/revisions\/3035"}],"wp:featuredmedia":[{"embeddable":true,"href":"https:\/\/jp2doc.pl\/it\/wp-json\/wp\/v2\/media\/2233"}],"wp:attachment":[{"href":"https:\/\/jp2doc.pl\/it\/wp-json\/wp\/v2\/media?parent=3034"}],"wp:term":[{"taxonomy":"category","embeddable":true,"href":"https:\/\/jp2doc.pl\/it\/wp-json\/wp\/v2\/categories?post=3034"},{"taxonomy":"post_tag","embeddable":true,"href":"https:\/\/jp2doc.pl\/it\/wp-json\/wp\/v2\/tags?post=3034"}],"curies":[{"name":"wp","href":"https:\/\/api.w.org\/{rel}","templated":true}]}}