{"id":3077,"date":"2023-12-31T10:57:30","date_gmt":"2023-12-31T09:57:30","guid":{"rendered":"https:\/\/jp2doc.pl\/it\/?p=3077"},"modified":"2023-12-31T10:57:32","modified_gmt":"2023-12-31T09:57:32","slug":"comunione-nel-te-deum","status":"publish","type":"post","link":"https:\/\/jp2doc.pl\/it\/2023\/12\/31\/comunione-nel-te-deum\/","title":{"rendered":"Comunione nel Te Deum"},"content":{"rendered":"\n<p>Quando un anno trascorre fino alla fine, ossia il 31 dicembre, siamo di nuovo a cantare il <em>Te Deum<\/em> nei vespri. Un inno per il ringraziamento e il ringraziamento \u00e8 una confermazione della benedizione. Per noi, come gli uomini, soprattutto \u00e8 da ringraziare Dio che ci ha dato la vita attraverso i nostri genitori e la vita stessa \u00e8 un mistero; lo stesso anche la nostra famiglia di origine. Dio vuole che uomo viva nella compagnia, perch\u00e9 non \u00e8 bene che viva da solo. Dio aveva creato la donna per essere accanto all\u2019uomo, e allo stesso tempo aveva anche creato la famiglia \u2013 un segno visibile della comunione e del mistero della Trinit\u00e0.<\/p>\n\n\n\n<p>La festa della Santa Famiglia alla fine dell\u2019anno ci induce uno sguardo e una riflessione verso la nostra famiglia, laddove siamo nati, cresciuti e nutriti. Secondo la prima e la seconda lettura, si vede che i figli sono doni dal Signore e anche un simbolo della grazia. Abram era triste di essere senza figli quando, gi\u00e0 nella et\u00e0 della vecchiaia, pensava di lasciare tutta la sua eredita al suo domestico. Tuttavia, in questa situazione, Dio \u00e8 intervenuto e ha annunciato la promessa che i discendenti di Abram saranno numerosi come le stelle nel cielo. Bench\u00e9 sembrasse essere impossibile, ma con la fede, Abram va avanti, partendo dalla sua patria, sa fino in fondo di non dipendere pi\u00f9 da s\u00e9 stesso, ma segue la chiamata del Signore con la piena fiducia del cuore. \u00abPer fede, anche Sara, sebbene fuori dell\u2019et\u00e0, ricevette la possibilit\u00e0 di diventare madre, perch\u00e9 ritenne degno di fede colui che glielo aveva promesso\u00bb. Dio vuole che la famiglia possa essere benedetta e si compia la promessa, finch\u00e9 diventare un luogo della grazia su grazia.<\/p>\n\n\n\n<p>Nella religione indiana, quando uno aveva la benedizione dai suoi genitori, la sua vita sarebbe stata protetta e sicura, lo stesso si vede anche nella tradizione dell\u2019Antico Testamento, nella scena di Isacco che d\u00e0 la sua benedizione ai suoi figli. La benedizione del padre \u00e8 cos\u00ec efficace nonostante Giacobbe abbia rubato la primogenitura da suo fratello Esa\u00f9 (Gen. 27). Noi, quando abbiamo ricevuto la benedizione dai nostri genitori, siamo sicuri, come nella Trinit\u00e0, con la benedizione del Padre e del Figlio, si incarna e si realizza tutta la sua missione con pace e sicurezza.<\/p>\n\n\n\n<p>San Giovanni Paolo II disse, la santa famiglia \u00e8 una \u201cicona del gruppo\u201d<a href=\"#_ftn1\">[1]<\/a> del Santo Natale. Nel momento di cantare il <em>Te Deum<\/em>, preghiamo verso la santa famiglia, che possa essere la protezione per ogni famiglia sia ora sia nell\u2019anno nuovo: Buon Anno 2024!<\/p>\n\n\n\n<p><strong>Sophia Lilin Wu<\/strong> &#8211; Dottorando di Pontifici\u00e0 Universit\u00e0 Gregoriana.<\/p>\n\n\n\n<p><em>Fot. Tyler Nix\/Unsplash.com<\/em><\/p>\n\n\n\n<hr class=\"wp-block-separator\"\/>\n\n\n\n<p><a href=\"#_ftnref1\">[1]<\/a> Cf. Giovanni Paolo II, Angelus nella Festa della Santa Famiglia di Nazaret, Castel Gandolfo, domenica, 29 dicembre 1996. <a href=\"https:\/\/www.vatican.va\/content\/john-paul-ii\/it\/angelus\/1996\/documents\/hf_jp-ii_ang_19961229.html\">https:\/\/www.vatican.va\/content\/john-paul-ii\/it\/angelus\/1996\/documents\/hf_jp-ii_ang_19961229.html<\/a> (accesso: 30. 12. 2023).<\/p>\n","protected":false},"excerpt":{"rendered":"<p>Festa della Santa Famiglia<\/p>\n","protected":false},"author":5,"featured_media":3078,"comment_status":"open","ping_status":"open","sticky":false,"template":"","format":"standard","meta":{"_acf_changed":false,"_exactmetrics_skip_tracking":false,"_exactmetrics_sitenote_active":false,"_exactmetrics_sitenote_note":"","_exactmetrics_sitenote_category":0,"footnotes":""},"categories":[4,13,14],"tags":[],"class_list":["post-3077","post","type-post","status-publish","format-standard","has-post-thumbnail","hentry","category-blog","category-strona-glowna-najnowsze","category-strona-glowna-slider"],"acf":[],"yoast_head":"<!-- This site is optimized with the Yoast SEO plugin v26.2 - https:\/\/yoast.com\/wordpress\/plugins\/seo\/ -->\n<title>Comunione nel Te Deum - Centro di Documentazione e Studio del Pontificato di Giovanni Paolo II a Roma<\/title>\n<meta name=\"robots\" content=\"index, follow, max-snippet:-1, max-image-preview:large, max-video-preview:-1\" \/>\n<link rel=\"canonical\" href=\"https:\/\/jp2doc.pl\/it\/2023\/12\/31\/comunione-nel-te-deum\/\" \/>\n<meta property=\"og:locale\" content=\"it_IT\" \/>\n<meta property=\"og:type\" content=\"article\" \/>\n<meta property=\"og:title\" content=\"Comunione nel Te Deum - Centro di Documentazione e Studio del Pontificato di Giovanni Paolo II a Roma\" \/>\n<meta property=\"og:description\" content=\"Festa della Santa Famiglia\" \/>\n<meta property=\"og:url\" content=\"https:\/\/jp2doc.pl\/it\/2023\/12\/31\/comunione-nel-te-deum\/\" \/>\n<meta property=\"og:site_name\" content=\"Centro di Documentazione e Studio del Pontificato di Giovanni Paolo II a Roma\" \/>\n<meta property=\"article:published_time\" content=\"2023-12-31T09:57:30+00:00\" \/>\n<meta property=\"article:modified_time\" content=\"2023-12-31T09:57:32+00:00\" \/>\n<meta property=\"og:image\" content=\"https:\/\/jp2doc.pl\/it\/wp-content\/uploads\/sites\/3\/2023\/12\/tyler-nix-V3dHmb1MOXM-unsplash.jpg\" \/>\n\t<meta property=\"og:image:width\" content=\"1920\" \/>\n\t<meta property=\"og:image:height\" content=\"1280\" \/>\n\t<meta property=\"og:image:type\" content=\"image\/jpeg\" \/>\n<meta name=\"author\" content=\"juliasercanka\" \/>\n<meta name=\"twitter:card\" content=\"summary_large_image\" \/>\n<meta name=\"twitter:label1\" content=\"Scritto da\" \/>\n\t<meta name=\"twitter:data1\" content=\"juliasercanka\" \/>\n\t<meta name=\"twitter:label2\" content=\"Tempo di lettura stimato\" \/>\n\t<meta name=\"twitter:data2\" content=\"3 minuti\" \/>\n<script type=\"application\/ld+json\" class=\"yoast-schema-graph\">{\"@context\":\"https:\/\/schema.org\",\"@graph\":[{\"@type\":\"Article\",\"@id\":\"https:\/\/jp2doc.pl\/it\/2023\/12\/31\/comunione-nel-te-deum\/#article\",\"isPartOf\":{\"@id\":\"https:\/\/jp2doc.pl\/it\/2023\/12\/31\/comunione-nel-te-deum\/\"},\"author\":{\"name\":\"juliasercanka\",\"@id\":\"https:\/\/jp2doc.pl\/it\/#\/schema\/person\/6110109e80abb51f6fac4824777eabfe\"},\"headline\":\"Comunione nel Te Deum\",\"datePublished\":\"2023-12-31T09:57:30+00:00\",\"dateModified\":\"2023-12-31T09:57:32+00:00\",\"mainEntityOfPage\":{\"@id\":\"https:\/\/jp2doc.pl\/it\/2023\/12\/31\/comunione-nel-te-deum\/\"},\"wordCount\":469,\"commentCount\":0,\"publisher\":{\"@id\":\"https:\/\/jp2doc.pl\/it\/#organization\"},\"image\":{\"@id\":\"https:\/\/jp2doc.pl\/it\/2023\/12\/31\/comunione-nel-te-deum\/#primaryimage\"},\"thumbnailUrl\":\"https:\/\/jp2doc.pl\/it\/wp-content\/uploads\/sites\/3\/2023\/12\/tyler-nix-V3dHmb1MOXM-unsplash.jpg\",\"articleSection\":[\"Blog\",\"Strona g\u0142\u00f3wna - najnowsze\",\"Strona g\u0142\u00f3wna - slider\"],\"inLanguage\":\"it-IT\",\"potentialAction\":[{\"@type\":\"CommentAction\",\"name\":\"Comment\",\"target\":[\"https:\/\/jp2doc.pl\/it\/2023\/12\/31\/comunione-nel-te-deum\/#respond\"]}]},{\"@type\":\"WebPage\",\"@id\":\"https:\/\/jp2doc.pl\/it\/2023\/12\/31\/comunione-nel-te-deum\/\",\"url\":\"https:\/\/jp2doc.pl\/it\/2023\/12\/31\/comunione-nel-te-deum\/\",\"name\":\"Comunione nel Te Deum - Centro di Documentazione e Studio del Pontificato di Giovanni Paolo II a Roma\",\"isPartOf\":{\"@id\":\"https:\/\/jp2doc.pl\/it\/#website\"},\"primaryImageOfPage\":{\"@id\":\"https:\/\/jp2doc.pl\/it\/2023\/12\/31\/comunione-nel-te-deum\/#primaryimage\"},\"image\":{\"@id\":\"https:\/\/jp2doc.pl\/it\/2023\/12\/31\/comunione-nel-te-deum\/#primaryimage\"},\"thumbnailUrl\":\"https:\/\/jp2doc.pl\/it\/wp-content\/uploads\/sites\/3\/2023\/12\/tyler-nix-V3dHmb1MOXM-unsplash.jpg\",\"datePublished\":\"2023-12-31T09:57:30+00:00\",\"dateModified\":\"2023-12-31T09:57:32+00:00\",\"breadcrumb\":{\"@id\":\"https:\/\/jp2doc.pl\/it\/2023\/12\/31\/comunione-nel-te-deum\/#breadcrumb\"},\"inLanguage\":\"it-IT\",\"potentialAction\":[{\"@type\":\"ReadAction\",\"target\":[\"https:\/\/jp2doc.pl\/it\/2023\/12\/31\/comunione-nel-te-deum\/\"]}]},{\"@type\":\"ImageObject\",\"inLanguage\":\"it-IT\",\"@id\":\"https:\/\/jp2doc.pl\/it\/2023\/12\/31\/comunione-nel-te-deum\/#primaryimage\",\"url\":\"https:\/\/jp2doc.pl\/it\/wp-content\/uploads\/sites\/3\/2023\/12\/tyler-nix-V3dHmb1MOXM-unsplash.jpg\",\"contentUrl\":\"https:\/\/jp2doc.pl\/it\/wp-content\/uploads\/sites\/3\/2023\/12\/tyler-nix-V3dHmb1MOXM-unsplash.jpg\",\"width\":1920,\"height\":1280},{\"@type\":\"BreadcrumbList\",\"@id\":\"https:\/\/jp2doc.pl\/it\/2023\/12\/31\/comunione-nel-te-deum\/#breadcrumb\",\"itemListElement\":[{\"@type\":\"ListItem\",\"position\":1,\"name\":\"Home\",\"item\":\"https:\/\/jp2doc.pl\/it\/\"},{\"@type\":\"ListItem\",\"position\":2,\"name\":\"Comunione nel Te Deum\"}]},{\"@type\":\"WebSite\",\"@id\":\"https:\/\/jp2doc.pl\/it\/#website\",\"url\":\"https:\/\/jp2doc.pl\/it\/\",\"name\":\"Centro di Documentazione e Studio del Pontificato di Giovanni Paolo II a Roma\",\"description\":\"\",\"publisher\":{\"@id\":\"https:\/\/jp2doc.pl\/it\/#organization\"},\"potentialAction\":[{\"@type\":\"SearchAction\",\"target\":{\"@type\":\"EntryPoint\",\"urlTemplate\":\"https:\/\/jp2doc.pl\/it\/?s={search_term_string}\"},\"query-input\":{\"@type\":\"PropertyValueSpecification\",\"valueRequired\":true,\"valueName\":\"search_term_string\"}}],\"inLanguage\":\"it-IT\"},{\"@type\":\"Organization\",\"@id\":\"https:\/\/jp2doc.pl\/it\/#organization\",\"name\":\"Centro di Documentazione e Studio del Pontificato di Giovanni Paolo II a Roma\",\"url\":\"https:\/\/jp2doc.pl\/it\/\",\"logo\":{\"@type\":\"ImageObject\",\"inLanguage\":\"it-IT\",\"@id\":\"https:\/\/jp2doc.pl\/it\/#\/schema\/logo\/image\/\",\"url\":\"https:\/\/jp2doc.pl\/it\/wp-content\/uploads\/sites\/3\/2017\/03\/cropped-logo.png\",\"contentUrl\":\"https:\/\/jp2doc.pl\/it\/wp-content\/uploads\/sites\/3\/2017\/03\/cropped-logo.png\",\"width\":115,\"height\":115,\"caption\":\"Centro di Documentazione e Studio del Pontificato di Giovanni Paolo II a Roma\"},\"image\":{\"@id\":\"https:\/\/jp2doc.pl\/it\/#\/schema\/logo\/image\/\"}},{\"@type\":\"Person\",\"@id\":\"https:\/\/jp2doc.pl\/it\/#\/schema\/person\/6110109e80abb51f6fac4824777eabfe\",\"name\":\"juliasercanka\",\"image\":{\"@type\":\"ImageObject\",\"inLanguage\":\"it-IT\",\"@id\":\"https:\/\/jp2doc.pl\/it\/#\/schema\/person\/image\/\",\"url\":\"https:\/\/secure.gravatar.com\/avatar\/266a66e864556e22d55d61b6b10c97fab9060767b738564bcd109f3997e372bc?s=96&d=mm&r=g\",\"contentUrl\":\"https:\/\/secure.gravatar.com\/avatar\/266a66e864556e22d55d61b6b10c97fab9060767b738564bcd109f3997e372bc?s=96&d=mm&r=g\",\"caption\":\"juliasercanka\"},\"url\":\"https:\/\/jp2doc.pl\/it\/author\/juliasercanka\/\"}]}<\/script>\n<!-- \/ Yoast SEO plugin. -->","yoast_head_json":{"title":"Comunione nel Te Deum - Centro di Documentazione e Studio del Pontificato di Giovanni Paolo II a Roma","robots":{"index":"index","follow":"follow","max-snippet":"max-snippet:-1","max-image-preview":"max-image-preview:large","max-video-preview":"max-video-preview:-1"},"canonical":"https:\/\/jp2doc.pl\/it\/2023\/12\/31\/comunione-nel-te-deum\/","og_locale":"it_IT","og_type":"article","og_title":"Comunione nel Te Deum - Centro di Documentazione e Studio del Pontificato di Giovanni Paolo II a Roma","og_description":"Festa della Santa Famiglia","og_url":"https:\/\/jp2doc.pl\/it\/2023\/12\/31\/comunione-nel-te-deum\/","og_site_name":"Centro di Documentazione e Studio del Pontificato di Giovanni Paolo II a Roma","article_published_time":"2023-12-31T09:57:30+00:00","article_modified_time":"2023-12-31T09:57:32+00:00","og_image":[{"width":1920,"height":1280,"url":"https:\/\/jp2doc.pl\/it\/wp-content\/uploads\/sites\/3\/2023\/12\/tyler-nix-V3dHmb1MOXM-unsplash.jpg","type":"image\/jpeg"}],"author":"juliasercanka","twitter_card":"summary_large_image","twitter_misc":{"Scritto da":"juliasercanka","Tempo di lettura stimato":"3 minuti"},"schema":{"@context":"https:\/\/schema.org","@graph":[{"@type":"Article","@id":"https:\/\/jp2doc.pl\/it\/2023\/12\/31\/comunione-nel-te-deum\/#article","isPartOf":{"@id":"https:\/\/jp2doc.pl\/it\/2023\/12\/31\/comunione-nel-te-deum\/"},"author":{"name":"juliasercanka","@id":"https:\/\/jp2doc.pl\/it\/#\/schema\/person\/6110109e80abb51f6fac4824777eabfe"},"headline":"Comunione nel Te Deum","datePublished":"2023-12-31T09:57:30+00:00","dateModified":"2023-12-31T09:57:32+00:00","mainEntityOfPage":{"@id":"https:\/\/jp2doc.pl\/it\/2023\/12\/31\/comunione-nel-te-deum\/"},"wordCount":469,"commentCount":0,"publisher":{"@id":"https:\/\/jp2doc.pl\/it\/#organization"},"image":{"@id":"https:\/\/jp2doc.pl\/it\/2023\/12\/31\/comunione-nel-te-deum\/#primaryimage"},"thumbnailUrl":"https:\/\/jp2doc.pl\/it\/wp-content\/uploads\/sites\/3\/2023\/12\/tyler-nix-V3dHmb1MOXM-unsplash.jpg","articleSection":["Blog","Strona g\u0142\u00f3wna - najnowsze","Strona g\u0142\u00f3wna - slider"],"inLanguage":"it-IT","potentialAction":[{"@type":"CommentAction","name":"Comment","target":["https:\/\/jp2doc.pl\/it\/2023\/12\/31\/comunione-nel-te-deum\/#respond"]}]},{"@type":"WebPage","@id":"https:\/\/jp2doc.pl\/it\/2023\/12\/31\/comunione-nel-te-deum\/","url":"https:\/\/jp2doc.pl\/it\/2023\/12\/31\/comunione-nel-te-deum\/","name":"Comunione nel Te Deum - Centro di Documentazione e Studio del Pontificato di Giovanni Paolo II a Roma","isPartOf":{"@id":"https:\/\/jp2doc.pl\/it\/#website"},"primaryImageOfPage":{"@id":"https:\/\/jp2doc.pl\/it\/2023\/12\/31\/comunione-nel-te-deum\/#primaryimage"},"image":{"@id":"https:\/\/jp2doc.pl\/it\/2023\/12\/31\/comunione-nel-te-deum\/#primaryimage"},"thumbnailUrl":"https:\/\/jp2doc.pl\/it\/wp-content\/uploads\/sites\/3\/2023\/12\/tyler-nix-V3dHmb1MOXM-unsplash.jpg","datePublished":"2023-12-31T09:57:30+00:00","dateModified":"2023-12-31T09:57:32+00:00","breadcrumb":{"@id":"https:\/\/jp2doc.pl\/it\/2023\/12\/31\/comunione-nel-te-deum\/#breadcrumb"},"inLanguage":"it-IT","potentialAction":[{"@type":"ReadAction","target":["https:\/\/jp2doc.pl\/it\/2023\/12\/31\/comunione-nel-te-deum\/"]}]},{"@type":"ImageObject","inLanguage":"it-IT","@id":"https:\/\/jp2doc.pl\/it\/2023\/12\/31\/comunione-nel-te-deum\/#primaryimage","url":"https:\/\/jp2doc.pl\/it\/wp-content\/uploads\/sites\/3\/2023\/12\/tyler-nix-V3dHmb1MOXM-unsplash.jpg","contentUrl":"https:\/\/jp2doc.pl\/it\/wp-content\/uploads\/sites\/3\/2023\/12\/tyler-nix-V3dHmb1MOXM-unsplash.jpg","width":1920,"height":1280},{"@type":"BreadcrumbList","@id":"https:\/\/jp2doc.pl\/it\/2023\/12\/31\/comunione-nel-te-deum\/#breadcrumb","itemListElement":[{"@type":"ListItem","position":1,"name":"Home","item":"https:\/\/jp2doc.pl\/it\/"},{"@type":"ListItem","position":2,"name":"Comunione nel Te Deum"}]},{"@type":"WebSite","@id":"https:\/\/jp2doc.pl\/it\/#website","url":"https:\/\/jp2doc.pl\/it\/","name":"Centro di Documentazione e Studio del Pontificato di Giovanni Paolo II a Roma","description":"","publisher":{"@id":"https:\/\/jp2doc.pl\/it\/#organization"},"potentialAction":[{"@type":"SearchAction","target":{"@type":"EntryPoint","urlTemplate":"https:\/\/jp2doc.pl\/it\/?s={search_term_string}"},"query-input":{"@type":"PropertyValueSpecification","valueRequired":true,"valueName":"search_term_string"}}],"inLanguage":"it-IT"},{"@type":"Organization","@id":"https:\/\/jp2doc.pl\/it\/#organization","name":"Centro di Documentazione e Studio del Pontificato di Giovanni Paolo II a Roma","url":"https:\/\/jp2doc.pl\/it\/","logo":{"@type":"ImageObject","inLanguage":"it-IT","@id":"https:\/\/jp2doc.pl\/it\/#\/schema\/logo\/image\/","url":"https:\/\/jp2doc.pl\/it\/wp-content\/uploads\/sites\/3\/2017\/03\/cropped-logo.png","contentUrl":"https:\/\/jp2doc.pl\/it\/wp-content\/uploads\/sites\/3\/2017\/03\/cropped-logo.png","width":115,"height":115,"caption":"Centro di Documentazione e Studio del Pontificato di Giovanni Paolo II a Roma"},"image":{"@id":"https:\/\/jp2doc.pl\/it\/#\/schema\/logo\/image\/"}},{"@type":"Person","@id":"https:\/\/jp2doc.pl\/it\/#\/schema\/person\/6110109e80abb51f6fac4824777eabfe","name":"juliasercanka","image":{"@type":"ImageObject","inLanguage":"it-IT","@id":"https:\/\/jp2doc.pl\/it\/#\/schema\/person\/image\/","url":"https:\/\/secure.gravatar.com\/avatar\/266a66e864556e22d55d61b6b10c97fab9060767b738564bcd109f3997e372bc?s=96&d=mm&r=g","contentUrl":"https:\/\/secure.gravatar.com\/avatar\/266a66e864556e22d55d61b6b10c97fab9060767b738564bcd109f3997e372bc?s=96&d=mm&r=g","caption":"juliasercanka"},"url":"https:\/\/jp2doc.pl\/it\/author\/juliasercanka\/"}]}},"_links":{"self":[{"href":"https:\/\/jp2doc.pl\/it\/wp-json\/wp\/v2\/posts\/3077","targetHints":{"allow":["GET"]}}],"collection":[{"href":"https:\/\/jp2doc.pl\/it\/wp-json\/wp\/v2\/posts"}],"about":[{"href":"https:\/\/jp2doc.pl\/it\/wp-json\/wp\/v2\/types\/post"}],"author":[{"embeddable":true,"href":"https:\/\/jp2doc.pl\/it\/wp-json\/wp\/v2\/users\/5"}],"replies":[{"embeddable":true,"href":"https:\/\/jp2doc.pl\/it\/wp-json\/wp\/v2\/comments?post=3077"}],"version-history":[{"count":1,"href":"https:\/\/jp2doc.pl\/it\/wp-json\/wp\/v2\/posts\/3077\/revisions"}],"predecessor-version":[{"id":3079,"href":"https:\/\/jp2doc.pl\/it\/wp-json\/wp\/v2\/posts\/3077\/revisions\/3079"}],"wp:featuredmedia":[{"embeddable":true,"href":"https:\/\/jp2doc.pl\/it\/wp-json\/wp\/v2\/media\/3078"}],"wp:attachment":[{"href":"https:\/\/jp2doc.pl\/it\/wp-json\/wp\/v2\/media?parent=3077"}],"wp:term":[{"taxonomy":"category","embeddable":true,"href":"https:\/\/jp2doc.pl\/it\/wp-json\/wp\/v2\/categories?post=3077"},{"taxonomy":"post_tag","embeddable":true,"href":"https:\/\/jp2doc.pl\/it\/wp-json\/wp\/v2\/tags?post=3077"}],"curies":[{"name":"wp","href":"https:\/\/api.w.org\/{rel}","templated":true}]}}