{"id":3225,"date":"2024-07-13T16:44:04","date_gmt":"2024-07-13T14:44:04","guid":{"rendered":"https:\/\/jp2doc.pl\/it\/?p=3225"},"modified":"2024-07-13T17:21:21","modified_gmt":"2024-07-13T15:21:21","slug":"lo-scapolare-e-linsegnamento-di-giovanni-paolo-ii","status":"publish","type":"post","link":"https:\/\/jp2doc.pl\/it\/2024\/07\/13\/lo-scapolare-e-linsegnamento-di-giovanni-paolo-ii\/","title":{"rendered":"Lo Scapolare e l\u2019insegnamento di Giovanni Paolo II"},"content":{"rendered":"\n<p>Qual \u00e8 stato il contributo di Papa Giovanni Paolo II alla diffusione della devozione alla Madonna dello Scapolare?<\/p>\n\n\n\n<p>All&#8217;inizio vale la pena ricordare che don Karol Wojtyla, quando lavorava come vicario nella parrocchia di San Floriano a Cracovia tra il 1949 e il 1951, si occupava anche dei malati. Organizzava per loro dei ritiri, ai quali invitava il carmelitano padre Rudolf, per consacrare i malati portati in chiesa e imporre lo scapolare. Da parte sua, Wojtyla incoraggi\u00f2 i malati: \u201cIndossate sempre il santo scapolare. Io porto sempre lo scapolare e ho tratto molto bene da questa devozione\u201d. La verit\u00e0 espressa nelle parole di quel giovane sacerdote avrebbe trovato conferma nella sua stessa vita.<\/p>\n\n\n\n<p>Una grazia particolare \u00e8 stata sottolineata tanti anni fa dal suo segretario personale, don Stanislao Dziwisz. Egli ha affermato che l\u2019uscita dalla malattia, causata da complicazioni legate all\u2019attentato alla vita del Papa, \u00e8 avvenuta proprio nella festa della Madonna dello Scapolare, il 16 luglio 1981.\u00a0<\/p>\n\n\n\n<p><strong>Totus marianus est Carmelus<\/strong><\/p>\n\n\n\n<p>\u00c8 certamente importante sottolineare che il contributo di Karol Wojtyla &#8211; Giovanni Paolo II allo sviluppo della devozione dello scapolare \u00e8 stato quello di incoraggiare i fedeli a unirsi alla confraternita e ad ampliare il serbatoio spirituale della grazia attraverso la preghiera e la testimonianza di vita. Il motto episcopale e papale \u201cTotus Tuus ego sum\u201d ricorda il motto dell\u2019Ordine Carmelitano \u201cTotus marianus est Carmelus\u201d.&nbsp;<\/p>\n\n\n\n<p>Nel suo discorso al Capitolo generale dei Carmelitani, ha detto: \u201cC\u2019\u00e8 un elemento cristologico e mariano molto forte e profondamente radicato nel vostro Ordine: seguire Cristo imitando Maria. Vi auguro di conservare questi tesori, di approfondirli e di rinnovarli&#8230;\u201d (Citt\u00e0 del Vaticano, 24 settembre 1983). Queste parole ricordano la confessione di Giovanni Paolo II sullo sviluppo della sua devozione mariana. Egli scopr\u00ec, leggendo il&nbsp;<em>Trattato della perfetta devozione alla Madre di Dio<\/em>&nbsp;di San Luigi Grignon de Monfort, che la devozione mariana \u00e8 essenzialmente e completamente legata a Cristo. Non lo oscura, ma al contrario porta a un legame pi\u00f9 profondo tra il cristiano e il Salvatore.&nbsp;<\/p>\n\n\n\n<p><strong>Vivere come Maria<\/strong><\/p>\n\n\n\n<p>La \u201cdevozione dello Scapolare carmelitano\u201d \u00e8 stata classificata come una di quelle forme di piet\u00e0 che illuminano la mente con \u201cun insegnamento soprannaturale\u201d e \u201crafforzano lo spirito nella pratica della vita cristiana\u201d. Giovanni Paolo II ha sottolineato che la devozione dello scapolare si distingue per la sua \u201csemplicit\u00e0\u201d, \u00e8 \u201ccomprensibile a tutti\u201d e pu\u00f2 essere facilmente diffusa tra i fedeli. Ha affermato che la cosa importante di questa devozione \u00e8 che ci ricorda che il fine della nostra vita \u00e8 la salvezza eterna e che ci assicura l\u2019intercessione di Maria (Adamello, 16 luglio 1988).&nbsp;<\/p>\n\n\n\n<p>Interessante \u00e8 anche il riferimento al Monte Carmelo, simbolo biblico di grazia, benedizione e bellezza. Su questo monte i carmelitani eressero il primo monastero dedicato alla Madonna, nella quale vedevano un modello per la realizzazione di tutte le virt\u00f9 cristiane. In lei vedevano anche un modello di contemplazione di Dio e di \u201cascolto attento e meditazione della parola di Dio\u201d, nonch\u00e9 di obbedienza alla Sua volont\u00e0 nella vita quotidiana. Quindi, la devozione allo scapolare significa \u2013 ha spiegato Giovanni Paolo II durante la preghiera dell\u2019Angelus del 24 luglio 1988 \u2013 l\u2019incorporazione alla spiritualit\u00e0 carmelitana, l\u2019ingresso nel cammino di perfezione cristiana sotto la guida di Maria e la partecipazione ai beni spirituali dell\u2019intera famiglia carmelitana. \u201cAttraverso lo scapolare, i devoti di Maria del Monte Carmelo esprimono il desiderio di plasmare la propria vita sulla base del suo esempio di Madre, Protettrice, Sorella, Vergine Pia, accogliendo con cuore puro la parola di Dio e dedicandosi all\u2019ardente servizio dei fratelli\u201d.&nbsp;<\/p>\n\n\n\n<p><strong>Un profilo essenziale della fede cristiana<\/strong><\/p>\n\n\n\n<p>Nel 2001 ricorreva il 750\u00b0 anniversario della consegna dello scapolare a San Simone Stock. In occasione di questo giubileo, Giovanni Paolo II ha pubblicato un messaggio speciale, indirizzato ai Superiori Generali dei due rami dell\u2019Ordine Carmelitano e datato 25 marzo 2001. Ci\u00f2 che traspare da questo messaggio \u00e8 la saggezza e l\u2019esperienza, nonch\u00e9 il legame personale di Giovanni Paolo II con lo scapolare.&nbsp;<\/p>\n\n\n\n<p>\u00c8 degno di nota il fatto che nella spiritualit\u00e0 carmelitana Maria non \u00e8 solo un modello da imitare, ma anche, come nota il Papa, una \u201cdolce presenza\u201d di Colui nel quale, come Madre e Sorella, possiamo confidare profondamente. Il Santo Padre ha poi sottolineato il legame tra la devozione associata allo scapolare e la consacrazione al Cuore Immacolato di Maria. <\/p>\n\n\n\n<p>\u201cQuesta profonda vita mariana, che si esprime nella preghiera fiduciosa, nell\u2019adorazione ammirata e nell\u2019imitazione diligente, porta a comprendere che la forma pi\u00f9 autentica di devozione alla Beata Vergine Maria, espressa nell\u2019umile segno dello Scapolare, \u00e8 la consacrazione al suo Cuore Immacolato. In questo modo, si realizza nel cuore una sempre maggiore comunione e intimit\u00e0 con la Beata Vergine Maria, come un nuovo modo di vivere per Dio e di continuare qui sulla terra l\u2019amore del Figlio Ges\u00f9 per la sua Madre Maria\u201d. (n. 4). <\/p>\n\n\n\n<p>Giovanni Paolo II ha visto che la piet\u00e0 dello scapolare non riflette solo la spiritualit\u00e0 mariana carmelitana, ma anche il profilo essenziale della fede cristiana, cio\u00e8 la vita di Cristo e della Chiesa unita allo sviluppo integrale dell\u2019uomo e della comunit\u00e0. Vale la pena citare un ampio passaggio di questo messaggio:&nbsp;<\/p>\n\n\n\n<p>\u201cIl segno dello scapolare contiene una sintesi suggestiva della spiritualit\u00e0 mariana che anima la piet\u00e0 dei credenti, stimolando la loro sensibilit\u00e0 alla presenza amorevole di Maria Madre nella loro vita. Lo scapolare \u00e8 in sostanza un \u00ababito\u00bb. Chi lo riceve \u00e8 incorporato o associato pi\u00f9 o meno intimamente all\u2019Ordine del Carmelo [&#8230;]. Il segno dello scapolare evoca due verit\u00e0: una parla della protezione costante della Beata Vergine Maria, e non solo nel cammino della vita, ma anche nel momento del passaggio verso la pienezza della gloria eterna; l\u2019altra \u00e8 la consapevolezza che la devozione a Lei non pu\u00f2 limitarsi alle preghiere e agli omaggi che le vengono tributati in occasioni specifiche, ma deve costituire un \u00ababito\u00bb, cio\u00e8 dare una direzione costante alla condotta cristiana, basata sulla preghiera e sulla vita interiore attraverso l\u2019adesione frequente ai sacramenti e a specifiche opere di carit\u00e0 nei confronti del corpo e dell\u2019anima. In questo modo, lo scapolare diventa un segno dell\u2019\u00aballeanza\u00bb e della reciproca comunione tra Maria e i fedeli: esso, infatti, esprime concretamente il dono che Ges\u00f9 ha fatto a Giovanni, e attraverso di lui a tutti noi, di sua Madre sulla Croce, e ricorda l\u2019affidamento dell\u2019amato Apostolo e di noi a colei che egli ha istituito come nostra Madre spirituale\u201d (n. 5).<\/p>\n\n\n\n<p><strong>Conclusione<\/strong><\/p>\n\n\n\n<p>La devozione associata allo scapolare sottolinea la superiorit\u00e0 della vita spirituale su quella temporale e la necessit\u00e0 della preghiera. Sottolinea il ruolo della grazia e il tesoro spirituale della preghiera di cui tutti beneficiano. Lo scapolare \u00e8 un segno di fiducia in Dio, nella Madonna. \u00c8 un\u2019espressione di fede nell\u2019azione di Dio e nel ruolo dell\u2019intercessione dei santi, soprattutto della Madre di Cristo.&nbsp;<\/p>\n\n\n\n<p>Giovanni Paolo II ha unito l\u2019insegnamento sulla devozione alla Madonna associata allo scapolare alla sua testimonianza personale di fedelt\u00e0 all\u2019uso dello scapolare, che \u00e8 stato la sua forza spirituale:<\/p>\n\n\n\n<p>\u00abAnch\u2019io ho portato lo scapolare carmelitano sul mio cuore per molto tempo. Con amore per la comune Madre celeste, della cui protezione faccio costante esperienza, vi auguro [&#8230;] di crescere nell\u2019amore per Lei e rafforzare nel mondo la presenza di questa Donna del silenzio e della preghiera, invocata come Madre della misericordia, Madre della speranza e della grazia\u00bb.<\/p>\n\n\n\n<p><strong>Andrzej Dobrzy\u0144ski<\/strong><\/p>\n\n\n\n<p>foto: Centro di Documentazione e Studio del Pontificato GP2, Roma<\/p>\n","protected":false},"excerpt":{"rendered":"<p>Riflessione<\/p>\n","protected":false},"author":6,"featured_media":3227,"comment_status":"open","ping_status":"open","sticky":false,"template":"","format":"standard","meta":{"_acf_changed":false,"_exactmetrics_skip_tracking":false,"_exactmetrics_sitenote_active":false,"_exactmetrics_sitenote_note":"","_exactmetrics_sitenote_category":0,"footnotes":""},"categories":[2,4,13,14],"tags":[],"class_list":["post-3225","post","type-post","status-publish","format-standard","has-post-thumbnail","hentry","category-articoli","category-blog","category-strona-glowna-najnowsze","category-strona-glowna-slider"],"acf":[],"yoast_head":"<!-- This site is optimized with the Yoast SEO plugin v26.2 - https:\/\/yoast.com\/wordpress\/plugins\/seo\/ -->\n<title>Lo Scapolare e l\u2019insegnamento di Giovanni Paolo II - Centro di Documentazione e Studio del Pontificato di Giovanni Paolo II a Roma<\/title>\n<meta name=\"description\" content=\"Riflessione\" \/>\n<meta name=\"robots\" content=\"index, follow, max-snippet:-1, max-image-preview:large, max-video-preview:-1\" \/>\n<link rel=\"canonical\" href=\"https:\/\/jp2doc.pl\/it\/2024\/07\/13\/lo-scapolare-e-linsegnamento-di-giovanni-paolo-ii\/\" \/>\n<meta property=\"og:locale\" content=\"it_IT\" \/>\n<meta property=\"og:type\" content=\"article\" \/>\n<meta property=\"og:title\" content=\"Lo Scapolare e l\u2019insegnamento di Giovanni Paolo II - Centro di Documentazione e Studio del Pontificato di Giovanni Paolo II a Roma\" \/>\n<meta property=\"og:description\" content=\"Riflessione\" \/>\n<meta property=\"og:url\" content=\"https:\/\/jp2doc.pl\/it\/2024\/07\/13\/lo-scapolare-e-linsegnamento-di-giovanni-paolo-ii\/\" \/>\n<meta property=\"og:site_name\" content=\"Centro di Documentazione e Studio del Pontificato di Giovanni Paolo II a Roma\" \/>\n<meta property=\"article:published_time\" content=\"2024-07-13T14:44:04+00:00\" \/>\n<meta property=\"article:modified_time\" content=\"2024-07-13T15:21:21+00:00\" \/>\n<meta property=\"og:image\" content=\"https:\/\/jp2doc.pl\/it\/wp-content\/uploads\/sites\/3\/2024\/07\/Zbiory4.jpg\" \/>\n\t<meta property=\"og:image:width\" content=\"774\" \/>\n\t<meta property=\"og:image:height\" content=\"994\" \/>\n\t<meta property=\"og:image:type\" content=\"image\/jpeg\" \/>\n<meta name=\"author\" content=\"adobrzynski\" \/>\n<meta name=\"twitter:card\" content=\"summary_large_image\" \/>\n<meta name=\"twitter:label1\" content=\"Scritto da\" \/>\n\t<meta name=\"twitter:data1\" content=\"adobrzynski\" \/>\n\t<meta name=\"twitter:label2\" content=\"Tempo di lettura stimato\" \/>\n\t<meta name=\"twitter:data2\" content=\"7 minuti\" \/>\n<script type=\"application\/ld+json\" class=\"yoast-schema-graph\">{\"@context\":\"https:\/\/schema.org\",\"@graph\":[{\"@type\":\"Article\",\"@id\":\"https:\/\/jp2doc.pl\/it\/2024\/07\/13\/lo-scapolare-e-linsegnamento-di-giovanni-paolo-ii\/#article\",\"isPartOf\":{\"@id\":\"https:\/\/jp2doc.pl\/it\/2024\/07\/13\/lo-scapolare-e-linsegnamento-di-giovanni-paolo-ii\/\"},\"author\":{\"name\":\"adobrzynski\",\"@id\":\"https:\/\/jp2doc.pl\/it\/#\/schema\/person\/f1a6804b6b9f176835bf67cba35c4212\"},\"headline\":\"Lo Scapolare e l\u2019insegnamento di Giovanni Paolo II\",\"datePublished\":\"2024-07-13T14:44:04+00:00\",\"dateModified\":\"2024-07-13T15:21:21+00:00\",\"mainEntityOfPage\":{\"@id\":\"https:\/\/jp2doc.pl\/it\/2024\/07\/13\/lo-scapolare-e-linsegnamento-di-giovanni-paolo-ii\/\"},\"wordCount\":1234,\"commentCount\":0,\"publisher\":{\"@id\":\"https:\/\/jp2doc.pl\/it\/#organization\"},\"image\":{\"@id\":\"https:\/\/jp2doc.pl\/it\/2024\/07\/13\/lo-scapolare-e-linsegnamento-di-giovanni-paolo-ii\/#primaryimage\"},\"thumbnailUrl\":\"https:\/\/jp2doc.pl\/it\/wp-content\/uploads\/sites\/3\/2024\/07\/Zbiory4.jpg\",\"articleSection\":[\"Articoli\",\"Blog\",\"Strona g\u0142\u00f3wna - najnowsze\",\"Strona g\u0142\u00f3wna - slider\"],\"inLanguage\":\"it-IT\",\"potentialAction\":[{\"@type\":\"CommentAction\",\"name\":\"Comment\",\"target\":[\"https:\/\/jp2doc.pl\/it\/2024\/07\/13\/lo-scapolare-e-linsegnamento-di-giovanni-paolo-ii\/#respond\"]}]},{\"@type\":\"WebPage\",\"@id\":\"https:\/\/jp2doc.pl\/it\/2024\/07\/13\/lo-scapolare-e-linsegnamento-di-giovanni-paolo-ii\/\",\"url\":\"https:\/\/jp2doc.pl\/it\/2024\/07\/13\/lo-scapolare-e-linsegnamento-di-giovanni-paolo-ii\/\",\"name\":\"Lo Scapolare e l\u2019insegnamento di Giovanni Paolo II - Centro di Documentazione e Studio del Pontificato di Giovanni Paolo II a Roma\",\"isPartOf\":{\"@id\":\"https:\/\/jp2doc.pl\/it\/#website\"},\"primaryImageOfPage\":{\"@id\":\"https:\/\/jp2doc.pl\/it\/2024\/07\/13\/lo-scapolare-e-linsegnamento-di-giovanni-paolo-ii\/#primaryimage\"},\"image\":{\"@id\":\"https:\/\/jp2doc.pl\/it\/2024\/07\/13\/lo-scapolare-e-linsegnamento-di-giovanni-paolo-ii\/#primaryimage\"},\"thumbnailUrl\":\"https:\/\/jp2doc.pl\/it\/wp-content\/uploads\/sites\/3\/2024\/07\/Zbiory4.jpg\",\"datePublished\":\"2024-07-13T14:44:04+00:00\",\"dateModified\":\"2024-07-13T15:21:21+00:00\",\"description\":\"Riflessione\",\"breadcrumb\":{\"@id\":\"https:\/\/jp2doc.pl\/it\/2024\/07\/13\/lo-scapolare-e-linsegnamento-di-giovanni-paolo-ii\/#breadcrumb\"},\"inLanguage\":\"it-IT\",\"potentialAction\":[{\"@type\":\"ReadAction\",\"target\":[\"https:\/\/jp2doc.pl\/it\/2024\/07\/13\/lo-scapolare-e-linsegnamento-di-giovanni-paolo-ii\/\"]}]},{\"@type\":\"ImageObject\",\"inLanguage\":\"it-IT\",\"@id\":\"https:\/\/jp2doc.pl\/it\/2024\/07\/13\/lo-scapolare-e-linsegnamento-di-giovanni-paolo-ii\/#primaryimage\",\"url\":\"https:\/\/jp2doc.pl\/it\/wp-content\/uploads\/sites\/3\/2024\/07\/Zbiory4.jpg\",\"contentUrl\":\"https:\/\/jp2doc.pl\/it\/wp-content\/uploads\/sites\/3\/2024\/07\/Zbiory4.jpg\",\"width\":774,\"height\":994},{\"@type\":\"BreadcrumbList\",\"@id\":\"https:\/\/jp2doc.pl\/it\/2024\/07\/13\/lo-scapolare-e-linsegnamento-di-giovanni-paolo-ii\/#breadcrumb\",\"itemListElement\":[{\"@type\":\"ListItem\",\"position\":1,\"name\":\"Home\",\"item\":\"https:\/\/jp2doc.pl\/it\/\"},{\"@type\":\"ListItem\",\"position\":2,\"name\":\"Lo Scapolare e l\u2019insegnamento di Giovanni Paolo II\"}]},{\"@type\":\"WebSite\",\"@id\":\"https:\/\/jp2doc.pl\/it\/#website\",\"url\":\"https:\/\/jp2doc.pl\/it\/\",\"name\":\"Centro di Documentazione e Studio del Pontificato di Giovanni Paolo II a Roma\",\"description\":\"\",\"publisher\":{\"@id\":\"https:\/\/jp2doc.pl\/it\/#organization\"},\"potentialAction\":[{\"@type\":\"SearchAction\",\"target\":{\"@type\":\"EntryPoint\",\"urlTemplate\":\"https:\/\/jp2doc.pl\/it\/?s={search_term_string}\"},\"query-input\":{\"@type\":\"PropertyValueSpecification\",\"valueRequired\":true,\"valueName\":\"search_term_string\"}}],\"inLanguage\":\"it-IT\"},{\"@type\":\"Organization\",\"@id\":\"https:\/\/jp2doc.pl\/it\/#organization\",\"name\":\"Centro di Documentazione e Studio del Pontificato di Giovanni Paolo II a Roma\",\"url\":\"https:\/\/jp2doc.pl\/it\/\",\"logo\":{\"@type\":\"ImageObject\",\"inLanguage\":\"it-IT\",\"@id\":\"https:\/\/jp2doc.pl\/it\/#\/schema\/logo\/image\/\",\"url\":\"https:\/\/jp2doc.pl\/it\/wp-content\/uploads\/sites\/3\/2017\/03\/cropped-logo.png\",\"contentUrl\":\"https:\/\/jp2doc.pl\/it\/wp-content\/uploads\/sites\/3\/2017\/03\/cropped-logo.png\",\"width\":115,\"height\":115,\"caption\":\"Centro di Documentazione e Studio del Pontificato di Giovanni Paolo II a Roma\"},\"image\":{\"@id\":\"https:\/\/jp2doc.pl\/it\/#\/schema\/logo\/image\/\"}},{\"@type\":\"Person\",\"@id\":\"https:\/\/jp2doc.pl\/it\/#\/schema\/person\/f1a6804b6b9f176835bf67cba35c4212\",\"name\":\"adobrzynski\",\"image\":{\"@type\":\"ImageObject\",\"inLanguage\":\"it-IT\",\"@id\":\"https:\/\/jp2doc.pl\/it\/#\/schema\/person\/image\/\",\"url\":\"https:\/\/secure.gravatar.com\/avatar\/6e7eb2a67f64535320a8aa3d72bc5f83c9e81f3ad1797c6abee2e7c78ed2252a?s=96&d=mm&r=g\",\"contentUrl\":\"https:\/\/secure.gravatar.com\/avatar\/6e7eb2a67f64535320a8aa3d72bc5f83c9e81f3ad1797c6abee2e7c78ed2252a?s=96&d=mm&r=g\",\"caption\":\"adobrzynski\"},\"url\":\"https:\/\/jp2doc.pl\/it\/author\/adobrzynski\/\"}]}<\/script>\n<!-- \/ Yoast SEO plugin. -->","yoast_head_json":{"title":"Lo Scapolare e l\u2019insegnamento di Giovanni Paolo II - Centro di Documentazione e Studio del Pontificato di Giovanni Paolo II a Roma","description":"Riflessione","robots":{"index":"index","follow":"follow","max-snippet":"max-snippet:-1","max-image-preview":"max-image-preview:large","max-video-preview":"max-video-preview:-1"},"canonical":"https:\/\/jp2doc.pl\/it\/2024\/07\/13\/lo-scapolare-e-linsegnamento-di-giovanni-paolo-ii\/","og_locale":"it_IT","og_type":"article","og_title":"Lo Scapolare e l\u2019insegnamento di Giovanni Paolo II - Centro di Documentazione e Studio del Pontificato di Giovanni Paolo II a Roma","og_description":"Riflessione","og_url":"https:\/\/jp2doc.pl\/it\/2024\/07\/13\/lo-scapolare-e-linsegnamento-di-giovanni-paolo-ii\/","og_site_name":"Centro di Documentazione e Studio del Pontificato di Giovanni Paolo II a Roma","article_published_time":"2024-07-13T14:44:04+00:00","article_modified_time":"2024-07-13T15:21:21+00:00","og_image":[{"width":774,"height":994,"url":"https:\/\/jp2doc.pl\/it\/wp-content\/uploads\/sites\/3\/2024\/07\/Zbiory4.jpg","type":"image\/jpeg"}],"author":"adobrzynski","twitter_card":"summary_large_image","twitter_misc":{"Scritto da":"adobrzynski","Tempo di lettura stimato":"7 minuti"},"schema":{"@context":"https:\/\/schema.org","@graph":[{"@type":"Article","@id":"https:\/\/jp2doc.pl\/it\/2024\/07\/13\/lo-scapolare-e-linsegnamento-di-giovanni-paolo-ii\/#article","isPartOf":{"@id":"https:\/\/jp2doc.pl\/it\/2024\/07\/13\/lo-scapolare-e-linsegnamento-di-giovanni-paolo-ii\/"},"author":{"name":"adobrzynski","@id":"https:\/\/jp2doc.pl\/it\/#\/schema\/person\/f1a6804b6b9f176835bf67cba35c4212"},"headline":"Lo Scapolare e l\u2019insegnamento di Giovanni Paolo II","datePublished":"2024-07-13T14:44:04+00:00","dateModified":"2024-07-13T15:21:21+00:00","mainEntityOfPage":{"@id":"https:\/\/jp2doc.pl\/it\/2024\/07\/13\/lo-scapolare-e-linsegnamento-di-giovanni-paolo-ii\/"},"wordCount":1234,"commentCount":0,"publisher":{"@id":"https:\/\/jp2doc.pl\/it\/#organization"},"image":{"@id":"https:\/\/jp2doc.pl\/it\/2024\/07\/13\/lo-scapolare-e-linsegnamento-di-giovanni-paolo-ii\/#primaryimage"},"thumbnailUrl":"https:\/\/jp2doc.pl\/it\/wp-content\/uploads\/sites\/3\/2024\/07\/Zbiory4.jpg","articleSection":["Articoli","Blog","Strona g\u0142\u00f3wna - najnowsze","Strona g\u0142\u00f3wna - slider"],"inLanguage":"it-IT","potentialAction":[{"@type":"CommentAction","name":"Comment","target":["https:\/\/jp2doc.pl\/it\/2024\/07\/13\/lo-scapolare-e-linsegnamento-di-giovanni-paolo-ii\/#respond"]}]},{"@type":"WebPage","@id":"https:\/\/jp2doc.pl\/it\/2024\/07\/13\/lo-scapolare-e-linsegnamento-di-giovanni-paolo-ii\/","url":"https:\/\/jp2doc.pl\/it\/2024\/07\/13\/lo-scapolare-e-linsegnamento-di-giovanni-paolo-ii\/","name":"Lo Scapolare e l\u2019insegnamento di Giovanni Paolo II - Centro di Documentazione e Studio del Pontificato di Giovanni Paolo II a Roma","isPartOf":{"@id":"https:\/\/jp2doc.pl\/it\/#website"},"primaryImageOfPage":{"@id":"https:\/\/jp2doc.pl\/it\/2024\/07\/13\/lo-scapolare-e-linsegnamento-di-giovanni-paolo-ii\/#primaryimage"},"image":{"@id":"https:\/\/jp2doc.pl\/it\/2024\/07\/13\/lo-scapolare-e-linsegnamento-di-giovanni-paolo-ii\/#primaryimage"},"thumbnailUrl":"https:\/\/jp2doc.pl\/it\/wp-content\/uploads\/sites\/3\/2024\/07\/Zbiory4.jpg","datePublished":"2024-07-13T14:44:04+00:00","dateModified":"2024-07-13T15:21:21+00:00","description":"Riflessione","breadcrumb":{"@id":"https:\/\/jp2doc.pl\/it\/2024\/07\/13\/lo-scapolare-e-linsegnamento-di-giovanni-paolo-ii\/#breadcrumb"},"inLanguage":"it-IT","potentialAction":[{"@type":"ReadAction","target":["https:\/\/jp2doc.pl\/it\/2024\/07\/13\/lo-scapolare-e-linsegnamento-di-giovanni-paolo-ii\/"]}]},{"@type":"ImageObject","inLanguage":"it-IT","@id":"https:\/\/jp2doc.pl\/it\/2024\/07\/13\/lo-scapolare-e-linsegnamento-di-giovanni-paolo-ii\/#primaryimage","url":"https:\/\/jp2doc.pl\/it\/wp-content\/uploads\/sites\/3\/2024\/07\/Zbiory4.jpg","contentUrl":"https:\/\/jp2doc.pl\/it\/wp-content\/uploads\/sites\/3\/2024\/07\/Zbiory4.jpg","width":774,"height":994},{"@type":"BreadcrumbList","@id":"https:\/\/jp2doc.pl\/it\/2024\/07\/13\/lo-scapolare-e-linsegnamento-di-giovanni-paolo-ii\/#breadcrumb","itemListElement":[{"@type":"ListItem","position":1,"name":"Home","item":"https:\/\/jp2doc.pl\/it\/"},{"@type":"ListItem","position":2,"name":"Lo Scapolare e l\u2019insegnamento di Giovanni Paolo II"}]},{"@type":"WebSite","@id":"https:\/\/jp2doc.pl\/it\/#website","url":"https:\/\/jp2doc.pl\/it\/","name":"Centro di Documentazione e Studio del Pontificato di Giovanni Paolo II a Roma","description":"","publisher":{"@id":"https:\/\/jp2doc.pl\/it\/#organization"},"potentialAction":[{"@type":"SearchAction","target":{"@type":"EntryPoint","urlTemplate":"https:\/\/jp2doc.pl\/it\/?s={search_term_string}"},"query-input":{"@type":"PropertyValueSpecification","valueRequired":true,"valueName":"search_term_string"}}],"inLanguage":"it-IT"},{"@type":"Organization","@id":"https:\/\/jp2doc.pl\/it\/#organization","name":"Centro di Documentazione e Studio del Pontificato di Giovanni Paolo II a Roma","url":"https:\/\/jp2doc.pl\/it\/","logo":{"@type":"ImageObject","inLanguage":"it-IT","@id":"https:\/\/jp2doc.pl\/it\/#\/schema\/logo\/image\/","url":"https:\/\/jp2doc.pl\/it\/wp-content\/uploads\/sites\/3\/2017\/03\/cropped-logo.png","contentUrl":"https:\/\/jp2doc.pl\/it\/wp-content\/uploads\/sites\/3\/2017\/03\/cropped-logo.png","width":115,"height":115,"caption":"Centro di Documentazione e Studio del Pontificato di Giovanni Paolo II a Roma"},"image":{"@id":"https:\/\/jp2doc.pl\/it\/#\/schema\/logo\/image\/"}},{"@type":"Person","@id":"https:\/\/jp2doc.pl\/it\/#\/schema\/person\/f1a6804b6b9f176835bf67cba35c4212","name":"adobrzynski","image":{"@type":"ImageObject","inLanguage":"it-IT","@id":"https:\/\/jp2doc.pl\/it\/#\/schema\/person\/image\/","url":"https:\/\/secure.gravatar.com\/avatar\/6e7eb2a67f64535320a8aa3d72bc5f83c9e81f3ad1797c6abee2e7c78ed2252a?s=96&d=mm&r=g","contentUrl":"https:\/\/secure.gravatar.com\/avatar\/6e7eb2a67f64535320a8aa3d72bc5f83c9e81f3ad1797c6abee2e7c78ed2252a?s=96&d=mm&r=g","caption":"adobrzynski"},"url":"https:\/\/jp2doc.pl\/it\/author\/adobrzynski\/"}]}},"_links":{"self":[{"href":"https:\/\/jp2doc.pl\/it\/wp-json\/wp\/v2\/posts\/3225","targetHints":{"allow":["GET"]}}],"collection":[{"href":"https:\/\/jp2doc.pl\/it\/wp-json\/wp\/v2\/posts"}],"about":[{"href":"https:\/\/jp2doc.pl\/it\/wp-json\/wp\/v2\/types\/post"}],"author":[{"embeddable":true,"href":"https:\/\/jp2doc.pl\/it\/wp-json\/wp\/v2\/users\/6"}],"replies":[{"embeddable":true,"href":"https:\/\/jp2doc.pl\/it\/wp-json\/wp\/v2\/comments?post=3225"}],"version-history":[{"count":5,"href":"https:\/\/jp2doc.pl\/it\/wp-json\/wp\/v2\/posts\/3225\/revisions"}],"predecessor-version":[{"id":3235,"href":"https:\/\/jp2doc.pl\/it\/wp-json\/wp\/v2\/posts\/3225\/revisions\/3235"}],"wp:featuredmedia":[{"embeddable":true,"href":"https:\/\/jp2doc.pl\/it\/wp-json\/wp\/v2\/media\/3227"}],"wp:attachment":[{"href":"https:\/\/jp2doc.pl\/it\/wp-json\/wp\/v2\/media?parent=3225"}],"wp:term":[{"taxonomy":"category","embeddable":true,"href":"https:\/\/jp2doc.pl\/it\/wp-json\/wp\/v2\/categories?post=3225"},{"taxonomy":"post_tag","embeddable":true,"href":"https:\/\/jp2doc.pl\/it\/wp-json\/wp\/v2\/tags?post=3225"}],"curies":[{"name":"wp","href":"https:\/\/api.w.org\/{rel}","templated":true}]}}