{"id":850,"date":"2017-03-11T13:58:24","date_gmt":"2017-03-11T12:58:24","guid":{"rendered":"http:\/\/jp2doc.pl\/it\/?p=850"},"modified":"2017-04-01T13:59:43","modified_gmt":"2017-04-01T11:59:43","slug":"egli-ci-ha-salvati-e-ci-ha-chiamati","status":"publish","type":"post","link":"https:\/\/jp2doc.pl\/it\/2017\/03\/11\/egli-ci-ha-salvati-e-ci-ha-chiamati\/","title":{"rendered":"&#8220;Egli ci ha salvati e ci ha chiamati&#8230;&#8221;"},"content":{"rendered":"<p><i>Rif.: Gn 12,1-4a; Sal 32\/33,4-5.18-20.22; 2Tm 1,8b-10; Mt 17,1-9<\/p>\n<p><\/i>\u201cVattene dalla tua terra\u2026 e dalla casa di tuo padre, verso la terra che io ti indicher\u00f2\u201d La voce di Dio scuote Abr\u00e0m, \u00e8 un Dio che Abr\u00e0m non conosce e che lo invita a lasciare la sicurezza della casa paterna, degli affetti, degli affari per intraprendere l\u2019ignoto cammino di un\u2019avventura senza nome n\u00e9 meta. \u201cAllora Abram part\u00ec\u201d Il \u201cs\u00ec\u201d di Abramo d\u00e0 il via al progetto salvifico di Dio che il \u201cs\u00ec\u201d di Cristo porter\u00e0 a compimento. Tra queste due tappe fondamentali si inserisce il nostro cammino quaresimale che, al pari di Abramo, richiede un taglio netto con le proprie certezze per seguire solo Dio e la sua volont\u00e0 a volte dura ed incomprensibile. Un cammino fatto sulle orme di Cristo che abbandon\u00f2 la sua gloria e venne, in obbedienza al Padre, a sollevarci dal nostro peccato.<\/p>\n<p><img loading=\"lazy\" decoding=\"async\" width=\"560\" height=\"417\" class=\"aligncenter size-full wp-image-851\" src=\"http:\/\/jp2doc.pl\/it\/wp-content\/uploads\/sites\/3\/2017\/04\/58c3bd3a04b88Przechwytywaniemm.jpg\" alt=\"\" \/><\/p>\n<p>L\u2019evento della Trasfigurazione ci mostra il momento in cui Ges\u00f9 riafferma a Mos\u00e8 ed Elia, apparsi a conversare con Lui, il suo assenso al Padre. Simbolicamente essi rappresentano la Legge e i Profeti, ad indicare che quanto Cristo sta per compiere \u00e8 in continuit\u00e0, anzi \u00e8 il culmine di quanto annunciato da tutta la Scrittura prima della sua venuta su questa terra. Il glorioso aspetto di Ges\u00f9 \u00e8 inoltre rivelazione della nostra futura sorte: quale la sua gloria tale sar\u00e0 la nostra. Cos\u00ec idealmente scopriamo che, se le Tentazioni della scorsa domenica ci hanno ricordato che unico rimedio alla fragilit\u00e0 umana \u00e8 la Parola di Dio, oggi la Trasfigurazione ci esorta a rimanere fedeli e ci rammenta che ogni sacrificio sar\u00e0 ricompensato da ci\u00f2 che ci attende: entrare in comunione con Dio e contemplare la sua gloria, quella stessa che oggi illumina il Salvatore. Come Pietro siamo tentati\u00a0 di fermarci e sostare dinanzi al Signore che anticipa la gloria della Risurrezione, ma Ges\u00f9 stesso ci rincuora: \u201calzatevi e non temete\u201d questo non \u00e8 il momento di fermarsi, ma quello di andare, \u00e8 necessario infatti percorrere un ultimo tratto di strada, alzare lo sguardo e, senza paura, guardare la Croce che si staglia all\u2019orizzonte. Noi comprendiamo che il cammino di Quaresima e tutto il cammino di questa nostra vita \u00e8 avvolto nel mistero luminoso e oscuro della croce di Cristo e delle nostre croci e se, a stento, intravediamo la luce della Pasqua, Ges\u00f9 \u00e8 accanto a noi nella discesa verso la normalit\u00e0, nell\u2019aridit\u00e0 delle tentazioni, nella fatica quotidiana di aggrapparsi ai momenti luminosi per continuare a credere e sperare che la Trasfigurazione sia il luminoso segno del Padre che ci attende nel \u201cFiglio prediletto, nel quale si \u00e8 compiaciuto\u201d.<\/p>\n<p>E\u2019 tempo di andare, \u00e8 il tempo in cui Ges\u00f9 passer\u00e0 dalla Trasfigurazione gloriosa a quella dolorosa della Croce e poi ancora a quella luminosa della Risurrezione e infine a quella misteriosa e reale dell\u2019Eucaristia e con essa nutrir\u00e0 la nostra fede e render\u00e0 pi\u00f9 forte la speranza.<\/p>\n<p>Quaresima \u00e8, allora, il tempo forte che ci scuote dal torpore e ci invita al distacco da ogni affetto e legame, come fu per Abramo (I lett.), per andare l\u00e0 dove Dio ci chiama \u201csecondo il suo progetto e la sua grazia\u201d (II lett.). E\u2019 tempo di scendere dal monte e seguire il Maestro, certi che in Lui anche noi saremo trasfigurati e l\u00e0 dove c\u2019\u00e8 fragilit\u00e0, sofferenza e morte nascer\u00e0 la Vita.<\/p>\n","protected":false},"excerpt":{"rendered":"<p>Rif.: Gn 12,1-4a; Sal 32\/33,4-5.18-20.22; 2Tm 1,8b-10; Mt 17,1-9 \u201cVattene dalla tua terra\u2026 e dalla casa di tuo padre, verso la terra che io ti indicher\u00f2\u201d La voce di Dio scuote Abr\u00e0m, \u00e8 un Dio che Abr\u00e0m non conosce e che lo invita a lasciare la sicurezza della casa paterna, degli affetti, degli affari per [&hellip;]<\/p>\n","protected":false},"author":3,"featured_media":0,"comment_status":"open","ping_status":"open","sticky":false,"template":"","format":"standard","meta":{"_acf_changed":false,"_exactmetrics_skip_tracking":false,"_exactmetrics_sitenote_active":false,"_exactmetrics_sitenote_note":"","_exactmetrics_sitenote_category":0,"footnotes":""},"categories":[4],"tags":[],"class_list":["post-850","post","type-post","status-publish","format-standard","hentry","category-blog"],"acf":[],"yoast_head":"<!-- This site is optimized with the Yoast SEO plugin v26.2 - https:\/\/yoast.com\/wordpress\/plugins\/seo\/ -->\n<title>&quot;Egli ci ha salvati e ci ha chiamati...&quot; - Centro di Documentazione e Studio del Pontificato di Giovanni Paolo II a Roma<\/title>\n<meta name=\"robots\" content=\"index, follow, max-snippet:-1, max-image-preview:large, max-video-preview:-1\" \/>\n<link rel=\"canonical\" href=\"https:\/\/jp2doc.pl\/it\/2017\/03\/11\/egli-ci-ha-salvati-e-ci-ha-chiamati\/\" \/>\n<meta property=\"og:locale\" content=\"it_IT\" \/>\n<meta property=\"og:type\" content=\"article\" \/>\n<meta property=\"og:title\" content=\"&quot;Egli ci ha salvati e ci ha chiamati...&quot; - Centro di Documentazione e Studio del Pontificato di Giovanni Paolo II a Roma\" \/>\n<meta property=\"og:description\" content=\"Rif.: Gn 12,1-4a; Sal 32\/33,4-5.18-20.22; 2Tm 1,8b-10; Mt 17,1-9 \u201cVattene dalla tua terra\u2026 e dalla casa di tuo padre, verso la terra che io ti indicher\u00f2\u201d La voce di Dio scuote Abr\u00e0m, \u00e8 un Dio che Abr\u00e0m non conosce e che lo invita a lasciare la sicurezza della casa paterna, degli affetti, degli affari per [&hellip;]\" \/>\n<meta property=\"og:url\" content=\"https:\/\/jp2doc.pl\/it\/2017\/03\/11\/egli-ci-ha-salvati-e-ci-ha-chiamati\/\" \/>\n<meta property=\"og:site_name\" content=\"Centro di Documentazione e Studio del Pontificato di Giovanni Paolo II a Roma\" \/>\n<meta property=\"article:published_time\" content=\"2017-03-11T12:58:24+00:00\" \/>\n<meta property=\"article:modified_time\" content=\"2017-04-01T11:59:43+00:00\" \/>\n<meta property=\"og:image\" content=\"http:\/\/jp2doc.pl\/it\/wp-content\/uploads\/sites\/3\/2017\/04\/58c3bd3a04b88Przechwytywaniemm.jpg\" \/>\n<meta name=\"author\" content=\"Anna Nogawczyk\" \/>\n<meta name=\"twitter:card\" content=\"summary_large_image\" \/>\n<meta name=\"twitter:label1\" content=\"Scritto da\" \/>\n\t<meta name=\"twitter:data1\" content=\"Anna Nogawczyk\" \/>\n\t<meta name=\"twitter:label2\" content=\"Tempo di lettura stimato\" \/>\n\t<meta name=\"twitter:data2\" content=\"3 minuti\" \/>\n<script type=\"application\/ld+json\" class=\"yoast-schema-graph\">{\"@context\":\"https:\/\/schema.org\",\"@graph\":[{\"@type\":\"Article\",\"@id\":\"https:\/\/jp2doc.pl\/it\/2017\/03\/11\/egli-ci-ha-salvati-e-ci-ha-chiamati\/#article\",\"isPartOf\":{\"@id\":\"https:\/\/jp2doc.pl\/it\/2017\/03\/11\/egli-ci-ha-salvati-e-ci-ha-chiamati\/\"},\"author\":{\"name\":\"Anna Nogawczyk\",\"@id\":\"https:\/\/jp2doc.pl\/it\/#\/schema\/person\/ecb3008f6674a8ed2f0cffc842168b87\"},\"headline\":\"&#8220;Egli ci ha salvati e ci ha chiamati&#8230;&#8221;\",\"datePublished\":\"2017-03-11T12:58:24+00:00\",\"dateModified\":\"2017-04-01T11:59:43+00:00\",\"mainEntityOfPage\":{\"@id\":\"https:\/\/jp2doc.pl\/it\/2017\/03\/11\/egli-ci-ha-salvati-e-ci-ha-chiamati\/\"},\"wordCount\":563,\"commentCount\":0,\"publisher\":{\"@id\":\"https:\/\/jp2doc.pl\/it\/#organization\"},\"image\":{\"@id\":\"https:\/\/jp2doc.pl\/it\/2017\/03\/11\/egli-ci-ha-salvati-e-ci-ha-chiamati\/#primaryimage\"},\"thumbnailUrl\":\"http:\/\/jp2doc.pl\/it\/wp-content\/uploads\/sites\/3\/2017\/04\/58c3bd3a04b88Przechwytywaniemm.jpg\",\"articleSection\":[\"Blog\"],\"inLanguage\":\"it-IT\",\"potentialAction\":[{\"@type\":\"CommentAction\",\"name\":\"Comment\",\"target\":[\"https:\/\/jp2doc.pl\/it\/2017\/03\/11\/egli-ci-ha-salvati-e-ci-ha-chiamati\/#respond\"]}]},{\"@type\":\"WebPage\",\"@id\":\"https:\/\/jp2doc.pl\/it\/2017\/03\/11\/egli-ci-ha-salvati-e-ci-ha-chiamati\/\",\"url\":\"https:\/\/jp2doc.pl\/it\/2017\/03\/11\/egli-ci-ha-salvati-e-ci-ha-chiamati\/\",\"name\":\"\\\"Egli ci ha salvati e ci ha chiamati...\\\" - Centro di Documentazione e Studio del Pontificato di Giovanni Paolo II a Roma\",\"isPartOf\":{\"@id\":\"https:\/\/jp2doc.pl\/it\/#website\"},\"primaryImageOfPage\":{\"@id\":\"https:\/\/jp2doc.pl\/it\/2017\/03\/11\/egli-ci-ha-salvati-e-ci-ha-chiamati\/#primaryimage\"},\"image\":{\"@id\":\"https:\/\/jp2doc.pl\/it\/2017\/03\/11\/egli-ci-ha-salvati-e-ci-ha-chiamati\/#primaryimage\"},\"thumbnailUrl\":\"http:\/\/jp2doc.pl\/it\/wp-content\/uploads\/sites\/3\/2017\/04\/58c3bd3a04b88Przechwytywaniemm.jpg\",\"datePublished\":\"2017-03-11T12:58:24+00:00\",\"dateModified\":\"2017-04-01T11:59:43+00:00\",\"breadcrumb\":{\"@id\":\"https:\/\/jp2doc.pl\/it\/2017\/03\/11\/egli-ci-ha-salvati-e-ci-ha-chiamati\/#breadcrumb\"},\"inLanguage\":\"it-IT\",\"potentialAction\":[{\"@type\":\"ReadAction\",\"target\":[\"https:\/\/jp2doc.pl\/it\/2017\/03\/11\/egli-ci-ha-salvati-e-ci-ha-chiamati\/\"]}]},{\"@type\":\"ImageObject\",\"inLanguage\":\"it-IT\",\"@id\":\"https:\/\/jp2doc.pl\/it\/2017\/03\/11\/egli-ci-ha-salvati-e-ci-ha-chiamati\/#primaryimage\",\"url\":\"http:\/\/jp2doc.pl\/it\/wp-content\/uploads\/sites\/3\/2017\/04\/58c3bd3a04b88Przechwytywaniemm.jpg\",\"contentUrl\":\"http:\/\/jp2doc.pl\/it\/wp-content\/uploads\/sites\/3\/2017\/04\/58c3bd3a04b88Przechwytywaniemm.jpg\"},{\"@type\":\"BreadcrumbList\",\"@id\":\"https:\/\/jp2doc.pl\/it\/2017\/03\/11\/egli-ci-ha-salvati-e-ci-ha-chiamati\/#breadcrumb\",\"itemListElement\":[{\"@type\":\"ListItem\",\"position\":1,\"name\":\"Home\",\"item\":\"https:\/\/jp2doc.pl\/it\/\"},{\"@type\":\"ListItem\",\"position\":2,\"name\":\"&#8220;Egli ci ha salvati e ci ha chiamati&#8230;&#8221;\"}]},{\"@type\":\"WebSite\",\"@id\":\"https:\/\/jp2doc.pl\/it\/#website\",\"url\":\"https:\/\/jp2doc.pl\/it\/\",\"name\":\"Centro di Documentazione e Studio del Pontificato di Giovanni Paolo II a Roma\",\"description\":\"\",\"publisher\":{\"@id\":\"https:\/\/jp2doc.pl\/it\/#organization\"},\"potentialAction\":[{\"@type\":\"SearchAction\",\"target\":{\"@type\":\"EntryPoint\",\"urlTemplate\":\"https:\/\/jp2doc.pl\/it\/?s={search_term_string}\"},\"query-input\":{\"@type\":\"PropertyValueSpecification\",\"valueRequired\":true,\"valueName\":\"search_term_string\"}}],\"inLanguage\":\"it-IT\"},{\"@type\":\"Organization\",\"@id\":\"https:\/\/jp2doc.pl\/it\/#organization\",\"name\":\"Centro di Documentazione e Studio del Pontificato di Giovanni Paolo II a Roma\",\"url\":\"https:\/\/jp2doc.pl\/it\/\",\"logo\":{\"@type\":\"ImageObject\",\"inLanguage\":\"it-IT\",\"@id\":\"https:\/\/jp2doc.pl\/it\/#\/schema\/logo\/image\/\",\"url\":\"https:\/\/jp2doc.pl\/it\/wp-content\/uploads\/sites\/3\/2017\/03\/cropped-logo.png\",\"contentUrl\":\"https:\/\/jp2doc.pl\/it\/wp-content\/uploads\/sites\/3\/2017\/03\/cropped-logo.png\",\"width\":115,\"height\":115,\"caption\":\"Centro di Documentazione e Studio del Pontificato di Giovanni Paolo II a Roma\"},\"image\":{\"@id\":\"https:\/\/jp2doc.pl\/it\/#\/schema\/logo\/image\/\"}},{\"@type\":\"Person\",\"@id\":\"https:\/\/jp2doc.pl\/it\/#\/schema\/person\/ecb3008f6674a8ed2f0cffc842168b87\",\"name\":\"Anna Nogawczyk\",\"image\":{\"@type\":\"ImageObject\",\"inLanguage\":\"it-IT\",\"@id\":\"https:\/\/jp2doc.pl\/it\/#\/schema\/person\/image\/\",\"url\":\"https:\/\/secure.gravatar.com\/avatar\/7f49c0a3455a5f39b9815332b5595517d52774cc8803ff595476ca8543d405f2?s=96&d=mm&r=g\",\"contentUrl\":\"https:\/\/secure.gravatar.com\/avatar\/7f49c0a3455a5f39b9815332b5595517d52774cc8803ff595476ca8543d405f2?s=96&d=mm&r=g\",\"caption\":\"Anna Nogawczyk\"},\"url\":\"https:\/\/jp2doc.pl\/it\/author\/ania-nogawczyk\/\"}]}<\/script>\n<!-- \/ Yoast SEO plugin. -->","yoast_head_json":{"title":"\"Egli ci ha salvati e ci ha chiamati...\" - Centro di Documentazione e Studio del Pontificato di Giovanni Paolo II a Roma","robots":{"index":"index","follow":"follow","max-snippet":"max-snippet:-1","max-image-preview":"max-image-preview:large","max-video-preview":"max-video-preview:-1"},"canonical":"https:\/\/jp2doc.pl\/it\/2017\/03\/11\/egli-ci-ha-salvati-e-ci-ha-chiamati\/","og_locale":"it_IT","og_type":"article","og_title":"\"Egli ci ha salvati e ci ha chiamati...\" - Centro di Documentazione e Studio del Pontificato di Giovanni Paolo II a Roma","og_description":"Rif.: Gn 12,1-4a; Sal 32\/33,4-5.18-20.22; 2Tm 1,8b-10; Mt 17,1-9 \u201cVattene dalla tua terra\u2026 e dalla casa di tuo padre, verso la terra che io ti indicher\u00f2\u201d La voce di Dio scuote Abr\u00e0m, \u00e8 un Dio che Abr\u00e0m non conosce e che lo invita a lasciare la sicurezza della casa paterna, degli affetti, degli affari per [&hellip;]","og_url":"https:\/\/jp2doc.pl\/it\/2017\/03\/11\/egli-ci-ha-salvati-e-ci-ha-chiamati\/","og_site_name":"Centro di Documentazione e Studio del Pontificato di Giovanni Paolo II a Roma","article_published_time":"2017-03-11T12:58:24+00:00","article_modified_time":"2017-04-01T11:59:43+00:00","og_image":[{"url":"http:\/\/jp2doc.pl\/it\/wp-content\/uploads\/sites\/3\/2017\/04\/58c3bd3a04b88Przechwytywaniemm.jpg","type":"","width":"","height":""}],"author":"Anna Nogawczyk","twitter_card":"summary_large_image","twitter_misc":{"Scritto da":"Anna Nogawczyk","Tempo di lettura stimato":"3 minuti"},"schema":{"@context":"https:\/\/schema.org","@graph":[{"@type":"Article","@id":"https:\/\/jp2doc.pl\/it\/2017\/03\/11\/egli-ci-ha-salvati-e-ci-ha-chiamati\/#article","isPartOf":{"@id":"https:\/\/jp2doc.pl\/it\/2017\/03\/11\/egli-ci-ha-salvati-e-ci-ha-chiamati\/"},"author":{"name":"Anna Nogawczyk","@id":"https:\/\/jp2doc.pl\/it\/#\/schema\/person\/ecb3008f6674a8ed2f0cffc842168b87"},"headline":"&#8220;Egli ci ha salvati e ci ha chiamati&#8230;&#8221;","datePublished":"2017-03-11T12:58:24+00:00","dateModified":"2017-04-01T11:59:43+00:00","mainEntityOfPage":{"@id":"https:\/\/jp2doc.pl\/it\/2017\/03\/11\/egli-ci-ha-salvati-e-ci-ha-chiamati\/"},"wordCount":563,"commentCount":0,"publisher":{"@id":"https:\/\/jp2doc.pl\/it\/#organization"},"image":{"@id":"https:\/\/jp2doc.pl\/it\/2017\/03\/11\/egli-ci-ha-salvati-e-ci-ha-chiamati\/#primaryimage"},"thumbnailUrl":"http:\/\/jp2doc.pl\/it\/wp-content\/uploads\/sites\/3\/2017\/04\/58c3bd3a04b88Przechwytywaniemm.jpg","articleSection":["Blog"],"inLanguage":"it-IT","potentialAction":[{"@type":"CommentAction","name":"Comment","target":["https:\/\/jp2doc.pl\/it\/2017\/03\/11\/egli-ci-ha-salvati-e-ci-ha-chiamati\/#respond"]}]},{"@type":"WebPage","@id":"https:\/\/jp2doc.pl\/it\/2017\/03\/11\/egli-ci-ha-salvati-e-ci-ha-chiamati\/","url":"https:\/\/jp2doc.pl\/it\/2017\/03\/11\/egli-ci-ha-salvati-e-ci-ha-chiamati\/","name":"\"Egli ci ha salvati e ci ha chiamati...\" - Centro di Documentazione e Studio del Pontificato di Giovanni Paolo II a Roma","isPartOf":{"@id":"https:\/\/jp2doc.pl\/it\/#website"},"primaryImageOfPage":{"@id":"https:\/\/jp2doc.pl\/it\/2017\/03\/11\/egli-ci-ha-salvati-e-ci-ha-chiamati\/#primaryimage"},"image":{"@id":"https:\/\/jp2doc.pl\/it\/2017\/03\/11\/egli-ci-ha-salvati-e-ci-ha-chiamati\/#primaryimage"},"thumbnailUrl":"http:\/\/jp2doc.pl\/it\/wp-content\/uploads\/sites\/3\/2017\/04\/58c3bd3a04b88Przechwytywaniemm.jpg","datePublished":"2017-03-11T12:58:24+00:00","dateModified":"2017-04-01T11:59:43+00:00","breadcrumb":{"@id":"https:\/\/jp2doc.pl\/it\/2017\/03\/11\/egli-ci-ha-salvati-e-ci-ha-chiamati\/#breadcrumb"},"inLanguage":"it-IT","potentialAction":[{"@type":"ReadAction","target":["https:\/\/jp2doc.pl\/it\/2017\/03\/11\/egli-ci-ha-salvati-e-ci-ha-chiamati\/"]}]},{"@type":"ImageObject","inLanguage":"it-IT","@id":"https:\/\/jp2doc.pl\/it\/2017\/03\/11\/egli-ci-ha-salvati-e-ci-ha-chiamati\/#primaryimage","url":"http:\/\/jp2doc.pl\/it\/wp-content\/uploads\/sites\/3\/2017\/04\/58c3bd3a04b88Przechwytywaniemm.jpg","contentUrl":"http:\/\/jp2doc.pl\/it\/wp-content\/uploads\/sites\/3\/2017\/04\/58c3bd3a04b88Przechwytywaniemm.jpg"},{"@type":"BreadcrumbList","@id":"https:\/\/jp2doc.pl\/it\/2017\/03\/11\/egli-ci-ha-salvati-e-ci-ha-chiamati\/#breadcrumb","itemListElement":[{"@type":"ListItem","position":1,"name":"Home","item":"https:\/\/jp2doc.pl\/it\/"},{"@type":"ListItem","position":2,"name":"&#8220;Egli ci ha salvati e ci ha chiamati&#8230;&#8221;"}]},{"@type":"WebSite","@id":"https:\/\/jp2doc.pl\/it\/#website","url":"https:\/\/jp2doc.pl\/it\/","name":"Centro di Documentazione e Studio del Pontificato di Giovanni Paolo II a Roma","description":"","publisher":{"@id":"https:\/\/jp2doc.pl\/it\/#organization"},"potentialAction":[{"@type":"SearchAction","target":{"@type":"EntryPoint","urlTemplate":"https:\/\/jp2doc.pl\/it\/?s={search_term_string}"},"query-input":{"@type":"PropertyValueSpecification","valueRequired":true,"valueName":"search_term_string"}}],"inLanguage":"it-IT"},{"@type":"Organization","@id":"https:\/\/jp2doc.pl\/it\/#organization","name":"Centro di Documentazione e Studio del Pontificato di Giovanni Paolo II a Roma","url":"https:\/\/jp2doc.pl\/it\/","logo":{"@type":"ImageObject","inLanguage":"it-IT","@id":"https:\/\/jp2doc.pl\/it\/#\/schema\/logo\/image\/","url":"https:\/\/jp2doc.pl\/it\/wp-content\/uploads\/sites\/3\/2017\/03\/cropped-logo.png","contentUrl":"https:\/\/jp2doc.pl\/it\/wp-content\/uploads\/sites\/3\/2017\/03\/cropped-logo.png","width":115,"height":115,"caption":"Centro di Documentazione e Studio del Pontificato di Giovanni Paolo II a Roma"},"image":{"@id":"https:\/\/jp2doc.pl\/it\/#\/schema\/logo\/image\/"}},{"@type":"Person","@id":"https:\/\/jp2doc.pl\/it\/#\/schema\/person\/ecb3008f6674a8ed2f0cffc842168b87","name":"Anna Nogawczyk","image":{"@type":"ImageObject","inLanguage":"it-IT","@id":"https:\/\/jp2doc.pl\/it\/#\/schema\/person\/image\/","url":"https:\/\/secure.gravatar.com\/avatar\/7f49c0a3455a5f39b9815332b5595517d52774cc8803ff595476ca8543d405f2?s=96&d=mm&r=g","contentUrl":"https:\/\/secure.gravatar.com\/avatar\/7f49c0a3455a5f39b9815332b5595517d52774cc8803ff595476ca8543d405f2?s=96&d=mm&r=g","caption":"Anna Nogawczyk"},"url":"https:\/\/jp2doc.pl\/it\/author\/ania-nogawczyk\/"}]}},"_links":{"self":[{"href":"https:\/\/jp2doc.pl\/it\/wp-json\/wp\/v2\/posts\/850","targetHints":{"allow":["GET"]}}],"collection":[{"href":"https:\/\/jp2doc.pl\/it\/wp-json\/wp\/v2\/posts"}],"about":[{"href":"https:\/\/jp2doc.pl\/it\/wp-json\/wp\/v2\/types\/post"}],"author":[{"embeddable":true,"href":"https:\/\/jp2doc.pl\/it\/wp-json\/wp\/v2\/users\/3"}],"replies":[{"embeddable":true,"href":"https:\/\/jp2doc.pl\/it\/wp-json\/wp\/v2\/comments?post=850"}],"version-history":[{"count":1,"href":"https:\/\/jp2doc.pl\/it\/wp-json\/wp\/v2\/posts\/850\/revisions"}],"predecessor-version":[{"id":852,"href":"https:\/\/jp2doc.pl\/it\/wp-json\/wp\/v2\/posts\/850\/revisions\/852"}],"wp:attachment":[{"href":"https:\/\/jp2doc.pl\/it\/wp-json\/wp\/v2\/media?parent=850"}],"wp:term":[{"taxonomy":"category","embeddable":true,"href":"https:\/\/jp2doc.pl\/it\/wp-json\/wp\/v2\/categories?post=850"},{"taxonomy":"post_tag","embeddable":true,"href":"https:\/\/jp2doc.pl\/it\/wp-json\/wp\/v2\/tags?post=850"}],"curies":[{"name":"wp","href":"https:\/\/api.w.org\/{rel}","templated":true}]}}