{"id":856,"date":"2017-02-25T08:16:07","date_gmt":"2017-02-25T07:16:07","guid":{"rendered":"http:\/\/jp2doc.pl\/it\/?p=856"},"modified":"2017-04-02T08:17:17","modified_gmt":"2017-04-02T06:17:17","slug":"solo-in-dio-e-la-mia-speranza","status":"publish","type":"post","link":"https:\/\/jp2doc.pl\/it\/2017\/02\/25\/solo-in-dio-e-la-mia-speranza\/","title":{"rendered":"&#8220;Solo in Dio \u00e8 la mia speranza&#8221;"},"content":{"rendered":"<p><i>Rif.: Is 49,14-15; Sal 61\/62,2-3.6-9; 1Cor 4,1-5; Mt 6,24-34<\/i><\/p>\n<p>\u201cIo non ti dimenticher\u00f2 mai\u201d \u2013 il profeta Isaia si rivolge al popolo che, afflitto dall&#8217;esilio, pensa di essere stato dimenticato da Dio. Dio non dimentica, pi\u00f9 affettuoso di una madre, Egli non pu\u00f2 trascurare le sue creature, il vincolo di amore stipulato con esse \u00e8 \u201cviscerale\u201d ed eterno. Quasi in risposta alle parole del profeta, il salmista ribadisce la sua fiducia in Dio: \u00e8 in Lui che l&#8217;anima trova riposo e ristoro, da Dio trae forza e riparo e ancor di pi\u00f9 \u00e8 da Lui che attinge speranza.<\/p>\n<p>Ed \u00e8 proprio la speranza il tema fondamentale sulla quale vertono le letture di questa splendida liturgia che, a ridosso della Quaresima, sembra prepararci ad essa. Nelle domeniche scorse abbiamo visto come Dio si china sul popolo con amore perenne, dono di amore fu anche la Legge che a Lui ci guida, con amore essa va osservata e vissuta, con amore essa chiama a pregare non solo per i fratelli, ma anche per i nemici (domenica scorsa). Legge che nel suo compimento ci porta ad avere per gli altri gli stessi sentimenti che Dio ha per noi. Ed \u00e8 per questo Amore, che in Cristo si incarna e nello Spirito Santo ci viene donato, che il credente si affida a Dio con tutto se stesso, senza timori e senza riserve, fidando in questo amore e aggrappandosi ad esso. Il fedele sa che ogni richiesta \u00e8 inutile, Dio ci vede, Dio ci conosce, Dio ci \u00e8 vicino! <img loading=\"lazy\" decoding=\"async\" width=\"560\" height=\"374\" class=\"aligncenter size-full wp-image-857\" src=\"http:\/\/jp2doc.pl\/it\/wp-content\/uploads\/sites\/3\/2017\/04\/58b152e733ddaqyann54giri-ben-white-973x650.jpg\" alt=\"\" \/><\/p>\n<p>E&#8217; con questa speranza, con questa certezza che Ges\u00f9 oggi ci chiama a vivere in modo diverso ogni giorno della nostra vita. Le pene, le afflizioni, i sacrifici, non mancheranno: nuovo giorno, nuova pena, ma tutta la vita ha una meta, un traguardo verso il quale ci dirigiamo e dove incontreremo Dio, dove Egli si mostrer\u00e0 cos\u00ec come \u00e8 madre amorosa che attende i suoi figli. Le nostre preoccupazioni sono un fardello che non possiamo n\u00e9 risolvere, n\u00e9 eliminare, esse sono connaturali al nostro limite, alla nostra debole naturalit\u00e0. Nell&#8217;orizzonte della nostra vita sorge allora, luminosa, la speranza, virt\u00f9 che nasce dalla fede e si accompagna all&#8217;amore. La vita va vissuta con impegno, al meglio delle nostre possibilit\u00e0, essa \u00e8 invito a collaborare con l&#8217;opera divina, ma, al di l\u00e0 del nostro impegno, \u00e8 Dio a donarci forza e a venirci incontro. Insomma vivere \u00e8 suonare una melodia a quattro mani, le nostre e quelle di Dio, solo allora non vi saranno stonature e la musica delizier\u00e0 il nostro orecchio, commuover\u00e0 il nostro cuore, addolcir\u00e0 i nostri giorni, mitigher\u00e0 fatica e preoccupazioni, perch\u00e9 nel momento in cui saremo stanchi sar\u00e0 Dio a suonare per noi.<\/p>\n<p>E&#8217; con queste disposizioni che Ges\u00f9 ci accompagna nel periodo di Quaresima che stiamo per iniziare, durante il quale la riflessione della Parola ci sar\u00e0 di aiuto e conforto e la preghiera segner\u00e0 una nuova intimit\u00e0 con il \u201cPadre Santo che vede e provvede a tutte le sue creature\u201d (Colletta II).<\/p>\n","protected":false},"excerpt":{"rendered":"<p>Rif.: Is 49,14-15; Sal 61\/62,2-3.6-9; 1Cor 4,1-5; Mt 6,24-34 \u201cIo non ti dimenticher\u00f2 mai\u201d \u2013 il profeta Isaia si rivolge al popolo che, afflitto dall&#8217;esilio, pensa di essere stato dimenticato da Dio. Dio non dimentica, pi\u00f9 affettuoso di una madre, Egli non pu\u00f2 trascurare le sue creature, il vincolo di amore stipulato con esse \u00e8 [&hellip;]<\/p>\n","protected":false},"author":3,"featured_media":0,"comment_status":"open","ping_status":"open","sticky":false,"template":"","format":"standard","meta":{"_acf_changed":false,"_exactmetrics_skip_tracking":false,"_exactmetrics_sitenote_active":false,"_exactmetrics_sitenote_note":"","_exactmetrics_sitenote_category":0,"footnotes":""},"categories":[4],"tags":[],"class_list":["post-856","post","type-post","status-publish","format-standard","hentry","category-blog"],"acf":[],"yoast_head":"<!-- This site is optimized with the Yoast SEO plugin v26.2 - https:\/\/yoast.com\/wordpress\/plugins\/seo\/ -->\n<title>&quot;Solo in Dio \u00e8 la mia speranza&quot; - Centro di Documentazione e Studio del Pontificato di Giovanni Paolo II a Roma<\/title>\n<meta name=\"robots\" content=\"index, follow, max-snippet:-1, max-image-preview:large, max-video-preview:-1\" \/>\n<link rel=\"canonical\" href=\"https:\/\/jp2doc.pl\/it\/2017\/02\/25\/solo-in-dio-e-la-mia-speranza\/\" \/>\n<meta property=\"og:locale\" content=\"it_IT\" \/>\n<meta property=\"og:type\" content=\"article\" \/>\n<meta property=\"og:title\" content=\"&quot;Solo in Dio \u00e8 la mia speranza&quot; - Centro di Documentazione e Studio del Pontificato di Giovanni Paolo II a Roma\" \/>\n<meta property=\"og:description\" content=\"Rif.: Is 49,14-15; Sal 61\/62,2-3.6-9; 1Cor 4,1-5; Mt 6,24-34 \u201cIo non ti dimenticher\u00f2 mai\u201d \u2013 il profeta Isaia si rivolge al popolo che, afflitto dall&#8217;esilio, pensa di essere stato dimenticato da Dio. Dio non dimentica, pi\u00f9 affettuoso di una madre, Egli non pu\u00f2 trascurare le sue creature, il vincolo di amore stipulato con esse \u00e8 [&hellip;]\" \/>\n<meta property=\"og:url\" content=\"https:\/\/jp2doc.pl\/it\/2017\/02\/25\/solo-in-dio-e-la-mia-speranza\/\" \/>\n<meta property=\"og:site_name\" content=\"Centro di Documentazione e Studio del Pontificato di Giovanni Paolo II a Roma\" \/>\n<meta property=\"article:published_time\" content=\"2017-02-25T07:16:07+00:00\" \/>\n<meta property=\"article:modified_time\" content=\"2017-04-02T06:17:17+00:00\" \/>\n<meta property=\"og:image\" content=\"http:\/\/jp2doc.pl\/it\/wp-content\/uploads\/sites\/3\/2017\/04\/58b152e733ddaqyann54giri-ben-white-973x650.jpg\" \/>\n<meta name=\"author\" content=\"Anna Nogawczyk\" \/>\n<meta name=\"twitter:card\" content=\"summary_large_image\" \/>\n<meta name=\"twitter:label1\" content=\"Scritto da\" \/>\n\t<meta name=\"twitter:data1\" content=\"Anna Nogawczyk\" \/>\n\t<meta name=\"twitter:label2\" content=\"Tempo di lettura stimato\" \/>\n\t<meta name=\"twitter:data2\" content=\"2 minuti\" \/>\n<script type=\"application\/ld+json\" class=\"yoast-schema-graph\">{\"@context\":\"https:\/\/schema.org\",\"@graph\":[{\"@type\":\"Article\",\"@id\":\"https:\/\/jp2doc.pl\/it\/2017\/02\/25\/solo-in-dio-e-la-mia-speranza\/#article\",\"isPartOf\":{\"@id\":\"https:\/\/jp2doc.pl\/it\/2017\/02\/25\/solo-in-dio-e-la-mia-speranza\/\"},\"author\":{\"name\":\"Anna Nogawczyk\",\"@id\":\"https:\/\/jp2doc.pl\/it\/#\/schema\/person\/ecb3008f6674a8ed2f0cffc842168b87\"},\"headline\":\"&#8220;Solo in Dio \u00e8 la mia speranza&#8221;\",\"datePublished\":\"2017-02-25T07:16:07+00:00\",\"dateModified\":\"2017-04-02T06:17:17+00:00\",\"mainEntityOfPage\":{\"@id\":\"https:\/\/jp2doc.pl\/it\/2017\/02\/25\/solo-in-dio-e-la-mia-speranza\/\"},\"wordCount\":500,\"commentCount\":0,\"publisher\":{\"@id\":\"https:\/\/jp2doc.pl\/it\/#organization\"},\"image\":{\"@id\":\"https:\/\/jp2doc.pl\/it\/2017\/02\/25\/solo-in-dio-e-la-mia-speranza\/#primaryimage\"},\"thumbnailUrl\":\"http:\/\/jp2doc.pl\/it\/wp-content\/uploads\/sites\/3\/2017\/04\/58b152e733ddaqyann54giri-ben-white-973x650.jpg\",\"articleSection\":[\"Blog\"],\"inLanguage\":\"it-IT\",\"potentialAction\":[{\"@type\":\"CommentAction\",\"name\":\"Comment\",\"target\":[\"https:\/\/jp2doc.pl\/it\/2017\/02\/25\/solo-in-dio-e-la-mia-speranza\/#respond\"]}]},{\"@type\":\"WebPage\",\"@id\":\"https:\/\/jp2doc.pl\/it\/2017\/02\/25\/solo-in-dio-e-la-mia-speranza\/\",\"url\":\"https:\/\/jp2doc.pl\/it\/2017\/02\/25\/solo-in-dio-e-la-mia-speranza\/\",\"name\":\"\\\"Solo in Dio \u00e8 la mia speranza\\\" - Centro di Documentazione e Studio del Pontificato di Giovanni Paolo II a Roma\",\"isPartOf\":{\"@id\":\"https:\/\/jp2doc.pl\/it\/#website\"},\"primaryImageOfPage\":{\"@id\":\"https:\/\/jp2doc.pl\/it\/2017\/02\/25\/solo-in-dio-e-la-mia-speranza\/#primaryimage\"},\"image\":{\"@id\":\"https:\/\/jp2doc.pl\/it\/2017\/02\/25\/solo-in-dio-e-la-mia-speranza\/#primaryimage\"},\"thumbnailUrl\":\"http:\/\/jp2doc.pl\/it\/wp-content\/uploads\/sites\/3\/2017\/04\/58b152e733ddaqyann54giri-ben-white-973x650.jpg\",\"datePublished\":\"2017-02-25T07:16:07+00:00\",\"dateModified\":\"2017-04-02T06:17:17+00:00\",\"breadcrumb\":{\"@id\":\"https:\/\/jp2doc.pl\/it\/2017\/02\/25\/solo-in-dio-e-la-mia-speranza\/#breadcrumb\"},\"inLanguage\":\"it-IT\",\"potentialAction\":[{\"@type\":\"ReadAction\",\"target\":[\"https:\/\/jp2doc.pl\/it\/2017\/02\/25\/solo-in-dio-e-la-mia-speranza\/\"]}]},{\"@type\":\"ImageObject\",\"inLanguage\":\"it-IT\",\"@id\":\"https:\/\/jp2doc.pl\/it\/2017\/02\/25\/solo-in-dio-e-la-mia-speranza\/#primaryimage\",\"url\":\"http:\/\/jp2doc.pl\/it\/wp-content\/uploads\/sites\/3\/2017\/04\/58b152e733ddaqyann54giri-ben-white-973x650.jpg\",\"contentUrl\":\"http:\/\/jp2doc.pl\/it\/wp-content\/uploads\/sites\/3\/2017\/04\/58b152e733ddaqyann54giri-ben-white-973x650.jpg\"},{\"@type\":\"BreadcrumbList\",\"@id\":\"https:\/\/jp2doc.pl\/it\/2017\/02\/25\/solo-in-dio-e-la-mia-speranza\/#breadcrumb\",\"itemListElement\":[{\"@type\":\"ListItem\",\"position\":1,\"name\":\"Home\",\"item\":\"https:\/\/jp2doc.pl\/it\/\"},{\"@type\":\"ListItem\",\"position\":2,\"name\":\"&#8220;Solo in Dio \u00e8 la mia speranza&#8221;\"}]},{\"@type\":\"WebSite\",\"@id\":\"https:\/\/jp2doc.pl\/it\/#website\",\"url\":\"https:\/\/jp2doc.pl\/it\/\",\"name\":\"Centro di Documentazione e Studio del Pontificato di Giovanni Paolo II a Roma\",\"description\":\"\",\"publisher\":{\"@id\":\"https:\/\/jp2doc.pl\/it\/#organization\"},\"potentialAction\":[{\"@type\":\"SearchAction\",\"target\":{\"@type\":\"EntryPoint\",\"urlTemplate\":\"https:\/\/jp2doc.pl\/it\/?s={search_term_string}\"},\"query-input\":{\"@type\":\"PropertyValueSpecification\",\"valueRequired\":true,\"valueName\":\"search_term_string\"}}],\"inLanguage\":\"it-IT\"},{\"@type\":\"Organization\",\"@id\":\"https:\/\/jp2doc.pl\/it\/#organization\",\"name\":\"Centro di Documentazione e Studio del Pontificato di Giovanni Paolo II a Roma\",\"url\":\"https:\/\/jp2doc.pl\/it\/\",\"logo\":{\"@type\":\"ImageObject\",\"inLanguage\":\"it-IT\",\"@id\":\"https:\/\/jp2doc.pl\/it\/#\/schema\/logo\/image\/\",\"url\":\"https:\/\/jp2doc.pl\/it\/wp-content\/uploads\/sites\/3\/2017\/03\/cropped-logo.png\",\"contentUrl\":\"https:\/\/jp2doc.pl\/it\/wp-content\/uploads\/sites\/3\/2017\/03\/cropped-logo.png\",\"width\":115,\"height\":115,\"caption\":\"Centro di Documentazione e Studio del Pontificato di Giovanni Paolo II a Roma\"},\"image\":{\"@id\":\"https:\/\/jp2doc.pl\/it\/#\/schema\/logo\/image\/\"}},{\"@type\":\"Person\",\"@id\":\"https:\/\/jp2doc.pl\/it\/#\/schema\/person\/ecb3008f6674a8ed2f0cffc842168b87\",\"name\":\"Anna Nogawczyk\",\"image\":{\"@type\":\"ImageObject\",\"inLanguage\":\"it-IT\",\"@id\":\"https:\/\/jp2doc.pl\/it\/#\/schema\/person\/image\/\",\"url\":\"https:\/\/secure.gravatar.com\/avatar\/7f49c0a3455a5f39b9815332b5595517d52774cc8803ff595476ca8543d405f2?s=96&d=mm&r=g\",\"contentUrl\":\"https:\/\/secure.gravatar.com\/avatar\/7f49c0a3455a5f39b9815332b5595517d52774cc8803ff595476ca8543d405f2?s=96&d=mm&r=g\",\"caption\":\"Anna Nogawczyk\"},\"url\":\"https:\/\/jp2doc.pl\/it\/author\/ania-nogawczyk\/\"}]}<\/script>\n<!-- \/ Yoast SEO plugin. -->","yoast_head_json":{"title":"\"Solo in Dio \u00e8 la mia speranza\" - Centro di Documentazione e Studio del Pontificato di Giovanni Paolo II a Roma","robots":{"index":"index","follow":"follow","max-snippet":"max-snippet:-1","max-image-preview":"max-image-preview:large","max-video-preview":"max-video-preview:-1"},"canonical":"https:\/\/jp2doc.pl\/it\/2017\/02\/25\/solo-in-dio-e-la-mia-speranza\/","og_locale":"it_IT","og_type":"article","og_title":"\"Solo in Dio \u00e8 la mia speranza\" - Centro di Documentazione e Studio del Pontificato di Giovanni Paolo II a Roma","og_description":"Rif.: Is 49,14-15; Sal 61\/62,2-3.6-9; 1Cor 4,1-5; Mt 6,24-34 \u201cIo non ti dimenticher\u00f2 mai\u201d \u2013 il profeta Isaia si rivolge al popolo che, afflitto dall&#8217;esilio, pensa di essere stato dimenticato da Dio. Dio non dimentica, pi\u00f9 affettuoso di una madre, Egli non pu\u00f2 trascurare le sue creature, il vincolo di amore stipulato con esse \u00e8 [&hellip;]","og_url":"https:\/\/jp2doc.pl\/it\/2017\/02\/25\/solo-in-dio-e-la-mia-speranza\/","og_site_name":"Centro di Documentazione e Studio del Pontificato di Giovanni Paolo II a Roma","article_published_time":"2017-02-25T07:16:07+00:00","article_modified_time":"2017-04-02T06:17:17+00:00","og_image":[{"url":"http:\/\/jp2doc.pl\/it\/wp-content\/uploads\/sites\/3\/2017\/04\/58b152e733ddaqyann54giri-ben-white-973x650.jpg","type":"","width":"","height":""}],"author":"Anna Nogawczyk","twitter_card":"summary_large_image","twitter_misc":{"Scritto da":"Anna Nogawczyk","Tempo di lettura stimato":"2 minuti"},"schema":{"@context":"https:\/\/schema.org","@graph":[{"@type":"Article","@id":"https:\/\/jp2doc.pl\/it\/2017\/02\/25\/solo-in-dio-e-la-mia-speranza\/#article","isPartOf":{"@id":"https:\/\/jp2doc.pl\/it\/2017\/02\/25\/solo-in-dio-e-la-mia-speranza\/"},"author":{"name":"Anna Nogawczyk","@id":"https:\/\/jp2doc.pl\/it\/#\/schema\/person\/ecb3008f6674a8ed2f0cffc842168b87"},"headline":"&#8220;Solo in Dio \u00e8 la mia speranza&#8221;","datePublished":"2017-02-25T07:16:07+00:00","dateModified":"2017-04-02T06:17:17+00:00","mainEntityOfPage":{"@id":"https:\/\/jp2doc.pl\/it\/2017\/02\/25\/solo-in-dio-e-la-mia-speranza\/"},"wordCount":500,"commentCount":0,"publisher":{"@id":"https:\/\/jp2doc.pl\/it\/#organization"},"image":{"@id":"https:\/\/jp2doc.pl\/it\/2017\/02\/25\/solo-in-dio-e-la-mia-speranza\/#primaryimage"},"thumbnailUrl":"http:\/\/jp2doc.pl\/it\/wp-content\/uploads\/sites\/3\/2017\/04\/58b152e733ddaqyann54giri-ben-white-973x650.jpg","articleSection":["Blog"],"inLanguage":"it-IT","potentialAction":[{"@type":"CommentAction","name":"Comment","target":["https:\/\/jp2doc.pl\/it\/2017\/02\/25\/solo-in-dio-e-la-mia-speranza\/#respond"]}]},{"@type":"WebPage","@id":"https:\/\/jp2doc.pl\/it\/2017\/02\/25\/solo-in-dio-e-la-mia-speranza\/","url":"https:\/\/jp2doc.pl\/it\/2017\/02\/25\/solo-in-dio-e-la-mia-speranza\/","name":"\"Solo in Dio \u00e8 la mia speranza\" - Centro di Documentazione e Studio del Pontificato di Giovanni Paolo II a Roma","isPartOf":{"@id":"https:\/\/jp2doc.pl\/it\/#website"},"primaryImageOfPage":{"@id":"https:\/\/jp2doc.pl\/it\/2017\/02\/25\/solo-in-dio-e-la-mia-speranza\/#primaryimage"},"image":{"@id":"https:\/\/jp2doc.pl\/it\/2017\/02\/25\/solo-in-dio-e-la-mia-speranza\/#primaryimage"},"thumbnailUrl":"http:\/\/jp2doc.pl\/it\/wp-content\/uploads\/sites\/3\/2017\/04\/58b152e733ddaqyann54giri-ben-white-973x650.jpg","datePublished":"2017-02-25T07:16:07+00:00","dateModified":"2017-04-02T06:17:17+00:00","breadcrumb":{"@id":"https:\/\/jp2doc.pl\/it\/2017\/02\/25\/solo-in-dio-e-la-mia-speranza\/#breadcrumb"},"inLanguage":"it-IT","potentialAction":[{"@type":"ReadAction","target":["https:\/\/jp2doc.pl\/it\/2017\/02\/25\/solo-in-dio-e-la-mia-speranza\/"]}]},{"@type":"ImageObject","inLanguage":"it-IT","@id":"https:\/\/jp2doc.pl\/it\/2017\/02\/25\/solo-in-dio-e-la-mia-speranza\/#primaryimage","url":"http:\/\/jp2doc.pl\/it\/wp-content\/uploads\/sites\/3\/2017\/04\/58b152e733ddaqyann54giri-ben-white-973x650.jpg","contentUrl":"http:\/\/jp2doc.pl\/it\/wp-content\/uploads\/sites\/3\/2017\/04\/58b152e733ddaqyann54giri-ben-white-973x650.jpg"},{"@type":"BreadcrumbList","@id":"https:\/\/jp2doc.pl\/it\/2017\/02\/25\/solo-in-dio-e-la-mia-speranza\/#breadcrumb","itemListElement":[{"@type":"ListItem","position":1,"name":"Home","item":"https:\/\/jp2doc.pl\/it\/"},{"@type":"ListItem","position":2,"name":"&#8220;Solo in Dio \u00e8 la mia speranza&#8221;"}]},{"@type":"WebSite","@id":"https:\/\/jp2doc.pl\/it\/#website","url":"https:\/\/jp2doc.pl\/it\/","name":"Centro di Documentazione e Studio del Pontificato di Giovanni Paolo II a Roma","description":"","publisher":{"@id":"https:\/\/jp2doc.pl\/it\/#organization"},"potentialAction":[{"@type":"SearchAction","target":{"@type":"EntryPoint","urlTemplate":"https:\/\/jp2doc.pl\/it\/?s={search_term_string}"},"query-input":{"@type":"PropertyValueSpecification","valueRequired":true,"valueName":"search_term_string"}}],"inLanguage":"it-IT"},{"@type":"Organization","@id":"https:\/\/jp2doc.pl\/it\/#organization","name":"Centro di Documentazione e Studio del Pontificato di Giovanni Paolo II a Roma","url":"https:\/\/jp2doc.pl\/it\/","logo":{"@type":"ImageObject","inLanguage":"it-IT","@id":"https:\/\/jp2doc.pl\/it\/#\/schema\/logo\/image\/","url":"https:\/\/jp2doc.pl\/it\/wp-content\/uploads\/sites\/3\/2017\/03\/cropped-logo.png","contentUrl":"https:\/\/jp2doc.pl\/it\/wp-content\/uploads\/sites\/3\/2017\/03\/cropped-logo.png","width":115,"height":115,"caption":"Centro di Documentazione e Studio del Pontificato di Giovanni Paolo II a Roma"},"image":{"@id":"https:\/\/jp2doc.pl\/it\/#\/schema\/logo\/image\/"}},{"@type":"Person","@id":"https:\/\/jp2doc.pl\/it\/#\/schema\/person\/ecb3008f6674a8ed2f0cffc842168b87","name":"Anna Nogawczyk","image":{"@type":"ImageObject","inLanguage":"it-IT","@id":"https:\/\/jp2doc.pl\/it\/#\/schema\/person\/image\/","url":"https:\/\/secure.gravatar.com\/avatar\/7f49c0a3455a5f39b9815332b5595517d52774cc8803ff595476ca8543d405f2?s=96&d=mm&r=g","contentUrl":"https:\/\/secure.gravatar.com\/avatar\/7f49c0a3455a5f39b9815332b5595517d52774cc8803ff595476ca8543d405f2?s=96&d=mm&r=g","caption":"Anna Nogawczyk"},"url":"https:\/\/jp2doc.pl\/it\/author\/ania-nogawczyk\/"}]}},"_links":{"self":[{"href":"https:\/\/jp2doc.pl\/it\/wp-json\/wp\/v2\/posts\/856","targetHints":{"allow":["GET"]}}],"collection":[{"href":"https:\/\/jp2doc.pl\/it\/wp-json\/wp\/v2\/posts"}],"about":[{"href":"https:\/\/jp2doc.pl\/it\/wp-json\/wp\/v2\/types\/post"}],"author":[{"embeddable":true,"href":"https:\/\/jp2doc.pl\/it\/wp-json\/wp\/v2\/users\/3"}],"replies":[{"embeddable":true,"href":"https:\/\/jp2doc.pl\/it\/wp-json\/wp\/v2\/comments?post=856"}],"version-history":[{"count":1,"href":"https:\/\/jp2doc.pl\/it\/wp-json\/wp\/v2\/posts\/856\/revisions"}],"predecessor-version":[{"id":858,"href":"https:\/\/jp2doc.pl\/it\/wp-json\/wp\/v2\/posts\/856\/revisions\/858"}],"wp:attachment":[{"href":"https:\/\/jp2doc.pl\/it\/wp-json\/wp\/v2\/media?parent=856"}],"wp:term":[{"taxonomy":"category","embeddable":true,"href":"https:\/\/jp2doc.pl\/it\/wp-json\/wp\/v2\/categories?post=856"},{"taxonomy":"post_tag","embeddable":true,"href":"https:\/\/jp2doc.pl\/it\/wp-json\/wp\/v2\/tags?post=856"}],"curies":[{"name":"wp","href":"https:\/\/api.w.org\/{rel}","templated":true}]}}