{"id":871,"date":"2017-01-20T08:43:09","date_gmt":"2017-01-20T07:43:09","guid":{"rendered":"http:\/\/jp2doc.pl\/it\/?p=871"},"modified":"2017-04-02T08:44:30","modified_gmt":"2017-04-02T06:44:30","slug":"cantate-al-signore-da-tutta-la-terra","status":"publish","type":"post","link":"https:\/\/jp2doc.pl\/it\/2017\/01\/20\/cantate-al-signore-da-tutta-la-terra\/","title":{"rendered":"&#8220;Cantate al Signore da tutta la terra&#8221;"},"content":{"rendered":"<p><i>Ref.: Is 8,23b-9,3; Sal 26; 1Cor 1,10-13.17; Mt 4,12-23<\/i><\/p>\n<p>Il Battista \u00e8 stato arrestato, la sua missione termina qui, ora \u00e8 il tempo di Cristo che lascia la sua casa paterna e si stabilisce nella terra di Galilea, una regione che, come tutte le terre che guardano il mare, accoglie genti di diversa provenienza.<\/p>\n<p>A contatto con questa varia umanit\u00e0, era inevitabile che gli ebrei locali assorbissero dagli stranieri usanze e credenze che andavano ad inquinare la purezza della fede. Galilea delle genti! A questa terra di genti raccogliticce si guardava con disprezzo, ma \u00e8 l\u00e0 che Ges\u00f9 sceglie di abitare, e di l\u00e0 parte il suo messaggio, a sottolineare che Egli \u00e8 venuto proprio per i peccatori, i lontani, i disprezzati, perch\u00e9 la luce \u00e8 necessaria l\u00e0 dove il buio \u00e8 pi\u00f9 fitto. Ed \u00e8 da questa terra, avvolta dalle tenebre dell\u2019ignoranza e del peccato, che Ges\u00f9 fa partire il suo annuncio, simile in tutto a quello del Battista: \u201cConvertitevi, perch\u00e9 il regno dei cieli \u00e8 vicino\u201d. Inizia cos\u00ec la missione terrena di Cristo con la predicazione e l&#8217;insegnamento perch\u00e9 il primo atto di carit\u00e0 \u00e8 proprio la parola che dona speranza, consola, sostiene, consiglia, annuncia il Regno e diventa invito. Invito a seguirlo che Pietro e Andrea, Giacomo e Giovanni accolgono prontamente lasciandosi alle spalle lavoro ed affetti.<\/p>\n<p><img loading=\"lazy\" decoding=\"async\" width=\"560\" height=\"420\" class=\"aligncenter size-full wp-image-872\" src=\"http:\/\/jp2doc.pl\/it\/wp-content\/uploads\/sites\/3\/2017\/04\/58824bde0395bvpxee7s-my4-hudson-hintze.jpg\" alt=\"\" \/><\/p>\n<p>Vocazione, conversione e sequela sono un unico atto con il quale l\u2019uomo risponde alla chiamata di Dio che si presenta improvviso ed inatteso. Come Ges\u00f9 si era presentato al Giordano confuso tra la folla, cos\u00ec Egli ancora oggi si manifesta a ciascuno nelle normali occupazioni della vita quotidiana, straordinario nell\u2019ordinario, il suo invito ci chiama: \u201cVenite dietro a me\u201d. Parole che fanno cadere le antiche certezze e la preoccupazione del futuro, come una nuova luce si fa strada cambiando il colore delle cose e degli affetti cos\u00ec si \u00e8 disposti a lasciare tutto, perch\u00e9 tutto appare diverso e nulla \u00e8 pi\u00f9 importante di quell\u2019invito. La conversione \u00e8 tutta qui, nell\u2019accorgersi di Cristo che passa e nel desiderio di non volere che si allontani e allora non si pu\u00f2 far altro che mettersi in cammino dietro di Lui e ricalcare le sue orme per seguirlo non si sa bene dove, n\u00e9 perch\u00e9, ma seguirlo diventa la cosa pi\u00f9 importante. Solo seguendolo sentiamo di appartenergli ogni giorno un po\u2019 di pi\u00f9, impariamo a fidarci ciecamente della sua guida, comprendiamo che l\u2019ignoto cammino diviene l\u2019unica strada per conoscere la sua volont\u00e0\u2026<\/p>\n<p>Un assenso silenzioso, ma immediato, caratterizza la risposta dei primi quattro Apostoli, le reti cadono sulla sabbia, una nuova vita li attende: essi saranno \u201cpescatori di uomini\u201d, hanno ascoltato una voce e l\u2019hanno seguita e quella diverr\u00e0 la loro stessa voce che annuncia agli uomini che l\u2019Uomo Crocifisso e Risorto \u00e8 il Dio venuto a portare al mondo luce e salvezza, ed essi hanno visto e creduto in Lui!<\/p>\n","protected":false},"excerpt":{"rendered":"<p>Ref.: Is 8,23b-9,3; Sal 26; 1Cor 1,10-13.17; Mt 4,12-23 Il Battista \u00e8 stato arrestato, la sua missione termina qui, ora \u00e8 il tempo di Cristo che lascia la sua casa paterna e si stabilisce nella terra di Galilea, una regione che, come tutte le terre che guardano il mare, accoglie genti di diversa provenienza. A [&hellip;]<\/p>\n","protected":false},"author":3,"featured_media":0,"comment_status":"open","ping_status":"open","sticky":false,"template":"","format":"standard","meta":{"_acf_changed":false,"_exactmetrics_skip_tracking":false,"_exactmetrics_sitenote_active":false,"_exactmetrics_sitenote_note":"","_exactmetrics_sitenote_category":0,"footnotes":""},"categories":[4],"tags":[],"class_list":["post-871","post","type-post","status-publish","format-standard","hentry","category-blog"],"acf":[],"yoast_head":"<!-- This site is optimized with the Yoast SEO plugin v26.2 - https:\/\/yoast.com\/wordpress\/plugins\/seo\/ -->\n<title>&quot;Cantate al Signore da tutta la terra&quot; - Centro di Documentazione e Studio del Pontificato di Giovanni Paolo II a Roma<\/title>\n<meta name=\"robots\" content=\"index, follow, max-snippet:-1, max-image-preview:large, max-video-preview:-1\" \/>\n<link rel=\"canonical\" href=\"https:\/\/jp2doc.pl\/it\/2017\/01\/20\/cantate-al-signore-da-tutta-la-terra\/\" \/>\n<meta property=\"og:locale\" content=\"it_IT\" \/>\n<meta property=\"og:type\" content=\"article\" \/>\n<meta property=\"og:title\" content=\"&quot;Cantate al Signore da tutta la terra&quot; - Centro di Documentazione e Studio del Pontificato di Giovanni Paolo II a Roma\" \/>\n<meta property=\"og:description\" content=\"Ref.: Is 8,23b-9,3; Sal 26; 1Cor 1,10-13.17; Mt 4,12-23 Il Battista \u00e8 stato arrestato, la sua missione termina qui, ora \u00e8 il tempo di Cristo che lascia la sua casa paterna e si stabilisce nella terra di Galilea, una regione che, come tutte le terre che guardano il mare, accoglie genti di diversa provenienza. A [&hellip;]\" \/>\n<meta property=\"og:url\" content=\"https:\/\/jp2doc.pl\/it\/2017\/01\/20\/cantate-al-signore-da-tutta-la-terra\/\" \/>\n<meta property=\"og:site_name\" content=\"Centro di Documentazione e Studio del Pontificato di Giovanni Paolo II a Roma\" \/>\n<meta property=\"article:published_time\" content=\"2017-01-20T07:43:09+00:00\" \/>\n<meta property=\"article:modified_time\" content=\"2017-04-02T06:44:30+00:00\" \/>\n<meta property=\"og:image\" content=\"http:\/\/jp2doc.pl\/it\/wp-content\/uploads\/sites\/3\/2017\/04\/58824bde0395bvpxee7s-my4-hudson-hintze.jpg\" \/>\n<meta name=\"author\" content=\"Anna Nogawczyk\" \/>\n<meta name=\"twitter:card\" content=\"summary_large_image\" \/>\n<meta name=\"twitter:label1\" content=\"Scritto da\" \/>\n\t<meta name=\"twitter:data1\" content=\"Anna Nogawczyk\" \/>\n\t<meta name=\"twitter:label2\" content=\"Tempo di lettura stimato\" \/>\n\t<meta name=\"twitter:data2\" content=\"2 minuti\" \/>\n<script type=\"application\/ld+json\" class=\"yoast-schema-graph\">{\"@context\":\"https:\/\/schema.org\",\"@graph\":[{\"@type\":\"Article\",\"@id\":\"https:\/\/jp2doc.pl\/it\/2017\/01\/20\/cantate-al-signore-da-tutta-la-terra\/#article\",\"isPartOf\":{\"@id\":\"https:\/\/jp2doc.pl\/it\/2017\/01\/20\/cantate-al-signore-da-tutta-la-terra\/\"},\"author\":{\"name\":\"Anna Nogawczyk\",\"@id\":\"https:\/\/jp2doc.pl\/it\/#\/schema\/person\/ecb3008f6674a8ed2f0cffc842168b87\"},\"headline\":\"&#8220;Cantate al Signore da tutta la terra&#8221;\",\"datePublished\":\"2017-01-20T07:43:09+00:00\",\"dateModified\":\"2017-04-02T06:44:30+00:00\",\"mainEntityOfPage\":{\"@id\":\"https:\/\/jp2doc.pl\/it\/2017\/01\/20\/cantate-al-signore-da-tutta-la-terra\/\"},\"wordCount\":480,\"commentCount\":0,\"publisher\":{\"@id\":\"https:\/\/jp2doc.pl\/it\/#organization\"},\"image\":{\"@id\":\"https:\/\/jp2doc.pl\/it\/2017\/01\/20\/cantate-al-signore-da-tutta-la-terra\/#primaryimage\"},\"thumbnailUrl\":\"http:\/\/jp2doc.pl\/it\/wp-content\/uploads\/sites\/3\/2017\/04\/58824bde0395bvpxee7s-my4-hudson-hintze.jpg\",\"articleSection\":[\"Blog\"],\"inLanguage\":\"it-IT\",\"potentialAction\":[{\"@type\":\"CommentAction\",\"name\":\"Comment\",\"target\":[\"https:\/\/jp2doc.pl\/it\/2017\/01\/20\/cantate-al-signore-da-tutta-la-terra\/#respond\"]}]},{\"@type\":\"WebPage\",\"@id\":\"https:\/\/jp2doc.pl\/it\/2017\/01\/20\/cantate-al-signore-da-tutta-la-terra\/\",\"url\":\"https:\/\/jp2doc.pl\/it\/2017\/01\/20\/cantate-al-signore-da-tutta-la-terra\/\",\"name\":\"\\\"Cantate al Signore da tutta la terra\\\" - Centro di Documentazione e Studio del Pontificato di Giovanni Paolo II a Roma\",\"isPartOf\":{\"@id\":\"https:\/\/jp2doc.pl\/it\/#website\"},\"primaryImageOfPage\":{\"@id\":\"https:\/\/jp2doc.pl\/it\/2017\/01\/20\/cantate-al-signore-da-tutta-la-terra\/#primaryimage\"},\"image\":{\"@id\":\"https:\/\/jp2doc.pl\/it\/2017\/01\/20\/cantate-al-signore-da-tutta-la-terra\/#primaryimage\"},\"thumbnailUrl\":\"http:\/\/jp2doc.pl\/it\/wp-content\/uploads\/sites\/3\/2017\/04\/58824bde0395bvpxee7s-my4-hudson-hintze.jpg\",\"datePublished\":\"2017-01-20T07:43:09+00:00\",\"dateModified\":\"2017-04-02T06:44:30+00:00\",\"breadcrumb\":{\"@id\":\"https:\/\/jp2doc.pl\/it\/2017\/01\/20\/cantate-al-signore-da-tutta-la-terra\/#breadcrumb\"},\"inLanguage\":\"it-IT\",\"potentialAction\":[{\"@type\":\"ReadAction\",\"target\":[\"https:\/\/jp2doc.pl\/it\/2017\/01\/20\/cantate-al-signore-da-tutta-la-terra\/\"]}]},{\"@type\":\"ImageObject\",\"inLanguage\":\"it-IT\",\"@id\":\"https:\/\/jp2doc.pl\/it\/2017\/01\/20\/cantate-al-signore-da-tutta-la-terra\/#primaryimage\",\"url\":\"http:\/\/jp2doc.pl\/it\/wp-content\/uploads\/sites\/3\/2017\/04\/58824bde0395bvpxee7s-my4-hudson-hintze.jpg\",\"contentUrl\":\"http:\/\/jp2doc.pl\/it\/wp-content\/uploads\/sites\/3\/2017\/04\/58824bde0395bvpxee7s-my4-hudson-hintze.jpg\"},{\"@type\":\"BreadcrumbList\",\"@id\":\"https:\/\/jp2doc.pl\/it\/2017\/01\/20\/cantate-al-signore-da-tutta-la-terra\/#breadcrumb\",\"itemListElement\":[{\"@type\":\"ListItem\",\"position\":1,\"name\":\"Home\",\"item\":\"https:\/\/jp2doc.pl\/it\/\"},{\"@type\":\"ListItem\",\"position\":2,\"name\":\"&#8220;Cantate al Signore da tutta la terra&#8221;\"}]},{\"@type\":\"WebSite\",\"@id\":\"https:\/\/jp2doc.pl\/it\/#website\",\"url\":\"https:\/\/jp2doc.pl\/it\/\",\"name\":\"Centro di Documentazione e Studio del Pontificato di Giovanni Paolo II a Roma\",\"description\":\"\",\"publisher\":{\"@id\":\"https:\/\/jp2doc.pl\/it\/#organization\"},\"potentialAction\":[{\"@type\":\"SearchAction\",\"target\":{\"@type\":\"EntryPoint\",\"urlTemplate\":\"https:\/\/jp2doc.pl\/it\/?s={search_term_string}\"},\"query-input\":{\"@type\":\"PropertyValueSpecification\",\"valueRequired\":true,\"valueName\":\"search_term_string\"}}],\"inLanguage\":\"it-IT\"},{\"@type\":\"Organization\",\"@id\":\"https:\/\/jp2doc.pl\/it\/#organization\",\"name\":\"Centro di Documentazione e Studio del Pontificato di Giovanni Paolo II a Roma\",\"url\":\"https:\/\/jp2doc.pl\/it\/\",\"logo\":{\"@type\":\"ImageObject\",\"inLanguage\":\"it-IT\",\"@id\":\"https:\/\/jp2doc.pl\/it\/#\/schema\/logo\/image\/\",\"url\":\"https:\/\/jp2doc.pl\/it\/wp-content\/uploads\/sites\/3\/2017\/03\/cropped-logo.png\",\"contentUrl\":\"https:\/\/jp2doc.pl\/it\/wp-content\/uploads\/sites\/3\/2017\/03\/cropped-logo.png\",\"width\":115,\"height\":115,\"caption\":\"Centro di Documentazione e Studio del Pontificato di Giovanni Paolo II a Roma\"},\"image\":{\"@id\":\"https:\/\/jp2doc.pl\/it\/#\/schema\/logo\/image\/\"}},{\"@type\":\"Person\",\"@id\":\"https:\/\/jp2doc.pl\/it\/#\/schema\/person\/ecb3008f6674a8ed2f0cffc842168b87\",\"name\":\"Anna Nogawczyk\",\"image\":{\"@type\":\"ImageObject\",\"inLanguage\":\"it-IT\",\"@id\":\"https:\/\/jp2doc.pl\/it\/#\/schema\/person\/image\/\",\"url\":\"https:\/\/secure.gravatar.com\/avatar\/7f49c0a3455a5f39b9815332b5595517d52774cc8803ff595476ca8543d405f2?s=96&d=mm&r=g\",\"contentUrl\":\"https:\/\/secure.gravatar.com\/avatar\/7f49c0a3455a5f39b9815332b5595517d52774cc8803ff595476ca8543d405f2?s=96&d=mm&r=g\",\"caption\":\"Anna Nogawczyk\"},\"url\":\"https:\/\/jp2doc.pl\/it\/author\/ania-nogawczyk\/\"}]}<\/script>\n<!-- \/ Yoast SEO plugin. -->","yoast_head_json":{"title":"\"Cantate al Signore da tutta la terra\" - Centro di Documentazione e Studio del Pontificato di Giovanni Paolo II a Roma","robots":{"index":"index","follow":"follow","max-snippet":"max-snippet:-1","max-image-preview":"max-image-preview:large","max-video-preview":"max-video-preview:-1"},"canonical":"https:\/\/jp2doc.pl\/it\/2017\/01\/20\/cantate-al-signore-da-tutta-la-terra\/","og_locale":"it_IT","og_type":"article","og_title":"\"Cantate al Signore da tutta la terra\" - Centro di Documentazione e Studio del Pontificato di Giovanni Paolo II a Roma","og_description":"Ref.: Is 8,23b-9,3; Sal 26; 1Cor 1,10-13.17; Mt 4,12-23 Il Battista \u00e8 stato arrestato, la sua missione termina qui, ora \u00e8 il tempo di Cristo che lascia la sua casa paterna e si stabilisce nella terra di Galilea, una regione che, come tutte le terre che guardano il mare, accoglie genti di diversa provenienza. A [&hellip;]","og_url":"https:\/\/jp2doc.pl\/it\/2017\/01\/20\/cantate-al-signore-da-tutta-la-terra\/","og_site_name":"Centro di Documentazione e Studio del Pontificato di Giovanni Paolo II a Roma","article_published_time":"2017-01-20T07:43:09+00:00","article_modified_time":"2017-04-02T06:44:30+00:00","og_image":[{"url":"http:\/\/jp2doc.pl\/it\/wp-content\/uploads\/sites\/3\/2017\/04\/58824bde0395bvpxee7s-my4-hudson-hintze.jpg","type":"","width":"","height":""}],"author":"Anna Nogawczyk","twitter_card":"summary_large_image","twitter_misc":{"Scritto da":"Anna Nogawczyk","Tempo di lettura stimato":"2 minuti"},"schema":{"@context":"https:\/\/schema.org","@graph":[{"@type":"Article","@id":"https:\/\/jp2doc.pl\/it\/2017\/01\/20\/cantate-al-signore-da-tutta-la-terra\/#article","isPartOf":{"@id":"https:\/\/jp2doc.pl\/it\/2017\/01\/20\/cantate-al-signore-da-tutta-la-terra\/"},"author":{"name":"Anna Nogawczyk","@id":"https:\/\/jp2doc.pl\/it\/#\/schema\/person\/ecb3008f6674a8ed2f0cffc842168b87"},"headline":"&#8220;Cantate al Signore da tutta la terra&#8221;","datePublished":"2017-01-20T07:43:09+00:00","dateModified":"2017-04-02T06:44:30+00:00","mainEntityOfPage":{"@id":"https:\/\/jp2doc.pl\/it\/2017\/01\/20\/cantate-al-signore-da-tutta-la-terra\/"},"wordCount":480,"commentCount":0,"publisher":{"@id":"https:\/\/jp2doc.pl\/it\/#organization"},"image":{"@id":"https:\/\/jp2doc.pl\/it\/2017\/01\/20\/cantate-al-signore-da-tutta-la-terra\/#primaryimage"},"thumbnailUrl":"http:\/\/jp2doc.pl\/it\/wp-content\/uploads\/sites\/3\/2017\/04\/58824bde0395bvpxee7s-my4-hudson-hintze.jpg","articleSection":["Blog"],"inLanguage":"it-IT","potentialAction":[{"@type":"CommentAction","name":"Comment","target":["https:\/\/jp2doc.pl\/it\/2017\/01\/20\/cantate-al-signore-da-tutta-la-terra\/#respond"]}]},{"@type":"WebPage","@id":"https:\/\/jp2doc.pl\/it\/2017\/01\/20\/cantate-al-signore-da-tutta-la-terra\/","url":"https:\/\/jp2doc.pl\/it\/2017\/01\/20\/cantate-al-signore-da-tutta-la-terra\/","name":"\"Cantate al Signore da tutta la terra\" - Centro di Documentazione e Studio del Pontificato di Giovanni Paolo II a Roma","isPartOf":{"@id":"https:\/\/jp2doc.pl\/it\/#website"},"primaryImageOfPage":{"@id":"https:\/\/jp2doc.pl\/it\/2017\/01\/20\/cantate-al-signore-da-tutta-la-terra\/#primaryimage"},"image":{"@id":"https:\/\/jp2doc.pl\/it\/2017\/01\/20\/cantate-al-signore-da-tutta-la-terra\/#primaryimage"},"thumbnailUrl":"http:\/\/jp2doc.pl\/it\/wp-content\/uploads\/sites\/3\/2017\/04\/58824bde0395bvpxee7s-my4-hudson-hintze.jpg","datePublished":"2017-01-20T07:43:09+00:00","dateModified":"2017-04-02T06:44:30+00:00","breadcrumb":{"@id":"https:\/\/jp2doc.pl\/it\/2017\/01\/20\/cantate-al-signore-da-tutta-la-terra\/#breadcrumb"},"inLanguage":"it-IT","potentialAction":[{"@type":"ReadAction","target":["https:\/\/jp2doc.pl\/it\/2017\/01\/20\/cantate-al-signore-da-tutta-la-terra\/"]}]},{"@type":"ImageObject","inLanguage":"it-IT","@id":"https:\/\/jp2doc.pl\/it\/2017\/01\/20\/cantate-al-signore-da-tutta-la-terra\/#primaryimage","url":"http:\/\/jp2doc.pl\/it\/wp-content\/uploads\/sites\/3\/2017\/04\/58824bde0395bvpxee7s-my4-hudson-hintze.jpg","contentUrl":"http:\/\/jp2doc.pl\/it\/wp-content\/uploads\/sites\/3\/2017\/04\/58824bde0395bvpxee7s-my4-hudson-hintze.jpg"},{"@type":"BreadcrumbList","@id":"https:\/\/jp2doc.pl\/it\/2017\/01\/20\/cantate-al-signore-da-tutta-la-terra\/#breadcrumb","itemListElement":[{"@type":"ListItem","position":1,"name":"Home","item":"https:\/\/jp2doc.pl\/it\/"},{"@type":"ListItem","position":2,"name":"&#8220;Cantate al Signore da tutta la terra&#8221;"}]},{"@type":"WebSite","@id":"https:\/\/jp2doc.pl\/it\/#website","url":"https:\/\/jp2doc.pl\/it\/","name":"Centro di Documentazione e Studio del Pontificato di Giovanni Paolo II a Roma","description":"","publisher":{"@id":"https:\/\/jp2doc.pl\/it\/#organization"},"potentialAction":[{"@type":"SearchAction","target":{"@type":"EntryPoint","urlTemplate":"https:\/\/jp2doc.pl\/it\/?s={search_term_string}"},"query-input":{"@type":"PropertyValueSpecification","valueRequired":true,"valueName":"search_term_string"}}],"inLanguage":"it-IT"},{"@type":"Organization","@id":"https:\/\/jp2doc.pl\/it\/#organization","name":"Centro di Documentazione e Studio del Pontificato di Giovanni Paolo II a Roma","url":"https:\/\/jp2doc.pl\/it\/","logo":{"@type":"ImageObject","inLanguage":"it-IT","@id":"https:\/\/jp2doc.pl\/it\/#\/schema\/logo\/image\/","url":"https:\/\/jp2doc.pl\/it\/wp-content\/uploads\/sites\/3\/2017\/03\/cropped-logo.png","contentUrl":"https:\/\/jp2doc.pl\/it\/wp-content\/uploads\/sites\/3\/2017\/03\/cropped-logo.png","width":115,"height":115,"caption":"Centro di Documentazione e Studio del Pontificato di Giovanni Paolo II a Roma"},"image":{"@id":"https:\/\/jp2doc.pl\/it\/#\/schema\/logo\/image\/"}},{"@type":"Person","@id":"https:\/\/jp2doc.pl\/it\/#\/schema\/person\/ecb3008f6674a8ed2f0cffc842168b87","name":"Anna Nogawczyk","image":{"@type":"ImageObject","inLanguage":"it-IT","@id":"https:\/\/jp2doc.pl\/it\/#\/schema\/person\/image\/","url":"https:\/\/secure.gravatar.com\/avatar\/7f49c0a3455a5f39b9815332b5595517d52774cc8803ff595476ca8543d405f2?s=96&d=mm&r=g","contentUrl":"https:\/\/secure.gravatar.com\/avatar\/7f49c0a3455a5f39b9815332b5595517d52774cc8803ff595476ca8543d405f2?s=96&d=mm&r=g","caption":"Anna Nogawczyk"},"url":"https:\/\/jp2doc.pl\/it\/author\/ania-nogawczyk\/"}]}},"_links":{"self":[{"href":"https:\/\/jp2doc.pl\/it\/wp-json\/wp\/v2\/posts\/871","targetHints":{"allow":["GET"]}}],"collection":[{"href":"https:\/\/jp2doc.pl\/it\/wp-json\/wp\/v2\/posts"}],"about":[{"href":"https:\/\/jp2doc.pl\/it\/wp-json\/wp\/v2\/types\/post"}],"author":[{"embeddable":true,"href":"https:\/\/jp2doc.pl\/it\/wp-json\/wp\/v2\/users\/3"}],"replies":[{"embeddable":true,"href":"https:\/\/jp2doc.pl\/it\/wp-json\/wp\/v2\/comments?post=871"}],"version-history":[{"count":1,"href":"https:\/\/jp2doc.pl\/it\/wp-json\/wp\/v2\/posts\/871\/revisions"}],"predecessor-version":[{"id":873,"href":"https:\/\/jp2doc.pl\/it\/wp-json\/wp\/v2\/posts\/871\/revisions\/873"}],"wp:attachment":[{"href":"https:\/\/jp2doc.pl\/it\/wp-json\/wp\/v2\/media?parent=871"}],"wp:term":[{"taxonomy":"category","embeddable":true,"href":"https:\/\/jp2doc.pl\/it\/wp-json\/wp\/v2\/categories?post=871"},{"taxonomy":"post_tag","embeddable":true,"href":"https:\/\/jp2doc.pl\/it\/wp-json\/wp\/v2\/tags?post=871"}],"curies":[{"name":"wp","href":"https:\/\/api.w.org\/{rel}","templated":true}]}}