{"id":874,"date":"2017-01-14T08:44:32","date_gmt":"2017-01-14T07:44:32","guid":{"rendered":"http:\/\/jp2doc.pl\/it\/?p=874"},"modified":"2017-04-02T08:45:45","modified_gmt":"2017-04-02T06:45:45","slug":"agnello-pasquale-e-luce-delle-genti","status":"publish","type":"post","link":"https:\/\/jp2doc.pl\/it\/2017\/01\/14\/agnello-pasquale-e-luce-delle-genti\/","title":{"rendered":"&#8220;Agnello pasquale e luce delle genti&#8221;"},"content":{"rendered":"<p><i>Rif.: Is 49,3.5-6; Sal 39\/40,2.4.7-10; 1Cor 1,1-3; Gv 1,29-34<\/i><\/p>\n<p>Forse c\u2019\u00e8 un momento nella vita del cristiano in cui tornano le parole del Battista: \u201cIo non lo conoscevo\u201d. Chi di noi, infatti pu\u00f2 dire di conoscere Dio e il mistero del suo Figlio incarnato e morto per noi? Giovanni era parente di Ges\u00f9, le sue parole quindi non si riferiscono alla conoscenza carnale, ma a quella profonda, che investe l\u2019intima essenza dell\u2019altro. E cos\u00ec scopriamo che anche noi, per quanto cristiani, in realt\u00e0 poco sappiamo del Figlio di Dio e della sua reale missione. Lo abbiamo contemplato nella mangiatoia, lo abbiamo visto emergere dalle acque del Giordano durante il suo battesimo, tutto ci \u00e8 sembrato circonfuso di gloria e di luce&#8230;, ma oggi il Battista lo addita alle folle con un termine che fa rabbrividire: Agnello di Dio.<\/p>\n<p><img loading=\"lazy\" decoding=\"async\" width=\"560\" height=\"417\" class=\"aligncenter size-full wp-image-875\" src=\"http:\/\/jp2doc.pl\/it\/wp-content\/uploads\/sites\/3\/2017\/04\/5879edc71a2df10013744_389118144562027_1849775696518115188_n.jpg\" alt=\"\" \/><\/p>\n<p>L&#8217;Agnello era per eccellenza la vittima sacrificale, l\u2019animale che veniva offerto nei vari tipi di sacrificio, e che traeva origine dall\u2019agnello pasquale, il cui sangue segn\u00f2 gli stipiti delle case degli israeliti nella drammatica notte dell\u2019Esodo. \u201cIo non lo conoscevo\u201d \u2013 ed ecco che dopo aver visto lo Spirito Santo posarsi e rimanere su Cristo, Giovanni comprende meglio il senso della venuta di Ges\u00f9: caricarsi del peccato del mondo e riscattarlo sacrificando se stesso. Il Figlio che Dio \u2013 \u201cmandato nel mondo, non per condannare il mondo, ma perch\u00e9 il mondo si salvi per mezzo di lui\u201d \u2013 \u00e8 il Servo che il profeta Isaia annuncia nei suoi Canti e che lo vedono di volta in volta Eletto inviato a liberare i prigionieri, Luce delle nazioni fino ad essere Servo sofferente per la salvezza del mondo. Servo ed agnello sono in aramaico un unico termine: \u201cTalj\u00e0\u201d che significa anche ragazzo, pezzo di pane, ecc. Ma tutti questi significati si adattano tanto a Cristo e alla sua missione che in Lui riconosciamo sia l\u2019Agnello che si carica del nostro peccato, sia la vittima che si offre per i nostro riscatto, sia il Pane eucaristico che sostiene e nutre il nostro cammino.<\/p>\n<p>\u201cIo non lo conoscevo\u201d ripete Giovanni e si rende conto di non aver mai avuto piena conoscenza di ci\u00f2 che andava annunciando, perch\u00e9 Dio \u00e8 sempre al di l\u00e0 di ogni immaginazione, di ogni progetto e aspettativa. Egli non pu\u00f2 essere spiegato dalle nostre parole umane se non trascendendo il loro stesso significato. \u201cIo non lo conoscevo\u201d e Giovanni comprende che in Cristo giustizia e amore si fondono ed in Dio non vi \u00e8 giudizio che non proceda dall\u2019amore, poich\u00e9 colui che \u00e8 sceso sotto forma di colomba non \u00e8 altri che l\u2019Amore puro ed infinito che lega il Padre al Figlio e, da quel momento, il Figlio all\u2019umanit\u00e0 e alla sua missione di Redentore.<\/p>\n<p>\u201cQuesti \u00e8 il Figlio di Dio\u201d. Giovanni ha finalmente capito e conosciuto la vera identit\u00e0 di Ges\u00f9, solo ora la sua testimonianza \u00e8 completa ed \u00e8 degna di attraversare i tempi e chiamare tutti gli uomini a sentirsi, in Cristo, nuovo popolo dell\u2019Alleanza nella grazia del Battesimo, con la forza dello Spirito Santo. (cf. II lett. e preghiera di Colletta II).<\/p>\n","protected":false},"excerpt":{"rendered":"<p>Rif.: Is 49,3.5-6; Sal 39\/40,2.4.7-10; 1Cor 1,1-3; Gv 1,29-34 Forse c\u2019\u00e8 un momento nella vita del cristiano in cui tornano le parole del Battista: \u201cIo non lo conoscevo\u201d. Chi di noi, infatti pu\u00f2 dire di conoscere Dio e il mistero del suo Figlio incarnato e morto per noi? Giovanni era parente di Ges\u00f9, le sue [&hellip;]<\/p>\n","protected":false},"author":3,"featured_media":0,"comment_status":"open","ping_status":"open","sticky":false,"template":"","format":"standard","meta":{"_acf_changed":false,"_exactmetrics_skip_tracking":false,"_exactmetrics_sitenote_active":false,"_exactmetrics_sitenote_note":"","_exactmetrics_sitenote_category":0,"footnotes":""},"categories":[4],"tags":[],"class_list":["post-874","post","type-post","status-publish","format-standard","hentry","category-blog"],"acf":[],"yoast_head":"<!-- This site is optimized with the Yoast SEO plugin v26.2 - https:\/\/yoast.com\/wordpress\/plugins\/seo\/ -->\n<title>&quot;Agnello pasquale e luce delle genti&quot; - Centro di Documentazione e Studio del Pontificato di Giovanni Paolo II a Roma<\/title>\n<meta name=\"robots\" content=\"index, follow, max-snippet:-1, max-image-preview:large, max-video-preview:-1\" \/>\n<link rel=\"canonical\" href=\"https:\/\/jp2doc.pl\/it\/2017\/01\/14\/agnello-pasquale-e-luce-delle-genti\/\" \/>\n<meta property=\"og:locale\" content=\"it_IT\" \/>\n<meta property=\"og:type\" content=\"article\" \/>\n<meta property=\"og:title\" content=\"&quot;Agnello pasquale e luce delle genti&quot; - Centro di Documentazione e Studio del Pontificato di Giovanni Paolo II a Roma\" \/>\n<meta property=\"og:description\" content=\"Rif.: Is 49,3.5-6; Sal 39\/40,2.4.7-10; 1Cor 1,1-3; Gv 1,29-34 Forse c\u2019\u00e8 un momento nella vita del cristiano in cui tornano le parole del Battista: \u201cIo non lo conoscevo\u201d. Chi di noi, infatti pu\u00f2 dire di conoscere Dio e il mistero del suo Figlio incarnato e morto per noi? Giovanni era parente di Ges\u00f9, le sue [&hellip;]\" \/>\n<meta property=\"og:url\" content=\"https:\/\/jp2doc.pl\/it\/2017\/01\/14\/agnello-pasquale-e-luce-delle-genti\/\" \/>\n<meta property=\"og:site_name\" content=\"Centro di Documentazione e Studio del Pontificato di Giovanni Paolo II a Roma\" \/>\n<meta property=\"article:published_time\" content=\"2017-01-14T07:44:32+00:00\" \/>\n<meta property=\"article:modified_time\" content=\"2017-04-02T06:45:45+00:00\" \/>\n<meta property=\"og:image\" content=\"http:\/\/jp2doc.pl\/it\/wp-content\/uploads\/sites\/3\/2017\/04\/5879edc71a2df10013744_389118144562027_1849775696518115188_n.jpg\" \/>\n<meta name=\"author\" content=\"Anna Nogawczyk\" \/>\n<meta name=\"twitter:card\" content=\"summary_large_image\" \/>\n<meta name=\"twitter:label1\" content=\"Scritto da\" \/>\n\t<meta name=\"twitter:data1\" content=\"Anna Nogawczyk\" \/>\n\t<meta name=\"twitter:label2\" content=\"Tempo di lettura stimato\" \/>\n\t<meta name=\"twitter:data2\" content=\"3 minuti\" \/>\n<script type=\"application\/ld+json\" class=\"yoast-schema-graph\">{\"@context\":\"https:\/\/schema.org\",\"@graph\":[{\"@type\":\"Article\",\"@id\":\"https:\/\/jp2doc.pl\/it\/2017\/01\/14\/agnello-pasquale-e-luce-delle-genti\/#article\",\"isPartOf\":{\"@id\":\"https:\/\/jp2doc.pl\/it\/2017\/01\/14\/agnello-pasquale-e-luce-delle-genti\/\"},\"author\":{\"name\":\"Anna Nogawczyk\",\"@id\":\"https:\/\/jp2doc.pl\/it\/#\/schema\/person\/ecb3008f6674a8ed2f0cffc842168b87\"},\"headline\":\"&#8220;Agnello pasquale e luce delle genti&#8221;\",\"datePublished\":\"2017-01-14T07:44:32+00:00\",\"dateModified\":\"2017-04-02T06:45:45+00:00\",\"mainEntityOfPage\":{\"@id\":\"https:\/\/jp2doc.pl\/it\/2017\/01\/14\/agnello-pasquale-e-luce-delle-genti\/\"},\"wordCount\":519,\"commentCount\":0,\"publisher\":{\"@id\":\"https:\/\/jp2doc.pl\/it\/#organization\"},\"image\":{\"@id\":\"https:\/\/jp2doc.pl\/it\/2017\/01\/14\/agnello-pasquale-e-luce-delle-genti\/#primaryimage\"},\"thumbnailUrl\":\"http:\/\/jp2doc.pl\/it\/wp-content\/uploads\/sites\/3\/2017\/04\/5879edc71a2df10013744_389118144562027_1849775696518115188_n.jpg\",\"articleSection\":[\"Blog\"],\"inLanguage\":\"it-IT\",\"potentialAction\":[{\"@type\":\"CommentAction\",\"name\":\"Comment\",\"target\":[\"https:\/\/jp2doc.pl\/it\/2017\/01\/14\/agnello-pasquale-e-luce-delle-genti\/#respond\"]}]},{\"@type\":\"WebPage\",\"@id\":\"https:\/\/jp2doc.pl\/it\/2017\/01\/14\/agnello-pasquale-e-luce-delle-genti\/\",\"url\":\"https:\/\/jp2doc.pl\/it\/2017\/01\/14\/agnello-pasquale-e-luce-delle-genti\/\",\"name\":\"\\\"Agnello pasquale e luce delle genti\\\" - Centro di Documentazione e Studio del Pontificato di Giovanni Paolo II a Roma\",\"isPartOf\":{\"@id\":\"https:\/\/jp2doc.pl\/it\/#website\"},\"primaryImageOfPage\":{\"@id\":\"https:\/\/jp2doc.pl\/it\/2017\/01\/14\/agnello-pasquale-e-luce-delle-genti\/#primaryimage\"},\"image\":{\"@id\":\"https:\/\/jp2doc.pl\/it\/2017\/01\/14\/agnello-pasquale-e-luce-delle-genti\/#primaryimage\"},\"thumbnailUrl\":\"http:\/\/jp2doc.pl\/it\/wp-content\/uploads\/sites\/3\/2017\/04\/5879edc71a2df10013744_389118144562027_1849775696518115188_n.jpg\",\"datePublished\":\"2017-01-14T07:44:32+00:00\",\"dateModified\":\"2017-04-02T06:45:45+00:00\",\"breadcrumb\":{\"@id\":\"https:\/\/jp2doc.pl\/it\/2017\/01\/14\/agnello-pasquale-e-luce-delle-genti\/#breadcrumb\"},\"inLanguage\":\"it-IT\",\"potentialAction\":[{\"@type\":\"ReadAction\",\"target\":[\"https:\/\/jp2doc.pl\/it\/2017\/01\/14\/agnello-pasquale-e-luce-delle-genti\/\"]}]},{\"@type\":\"ImageObject\",\"inLanguage\":\"it-IT\",\"@id\":\"https:\/\/jp2doc.pl\/it\/2017\/01\/14\/agnello-pasquale-e-luce-delle-genti\/#primaryimage\",\"url\":\"http:\/\/jp2doc.pl\/it\/wp-content\/uploads\/sites\/3\/2017\/04\/5879edc71a2df10013744_389118144562027_1849775696518115188_n.jpg\",\"contentUrl\":\"http:\/\/jp2doc.pl\/it\/wp-content\/uploads\/sites\/3\/2017\/04\/5879edc71a2df10013744_389118144562027_1849775696518115188_n.jpg\"},{\"@type\":\"BreadcrumbList\",\"@id\":\"https:\/\/jp2doc.pl\/it\/2017\/01\/14\/agnello-pasquale-e-luce-delle-genti\/#breadcrumb\",\"itemListElement\":[{\"@type\":\"ListItem\",\"position\":1,\"name\":\"Home\",\"item\":\"https:\/\/jp2doc.pl\/it\/\"},{\"@type\":\"ListItem\",\"position\":2,\"name\":\"&#8220;Agnello pasquale e luce delle genti&#8221;\"}]},{\"@type\":\"WebSite\",\"@id\":\"https:\/\/jp2doc.pl\/it\/#website\",\"url\":\"https:\/\/jp2doc.pl\/it\/\",\"name\":\"Centro di Documentazione e Studio del Pontificato di Giovanni Paolo II a Roma\",\"description\":\"\",\"publisher\":{\"@id\":\"https:\/\/jp2doc.pl\/it\/#organization\"},\"potentialAction\":[{\"@type\":\"SearchAction\",\"target\":{\"@type\":\"EntryPoint\",\"urlTemplate\":\"https:\/\/jp2doc.pl\/it\/?s={search_term_string}\"},\"query-input\":{\"@type\":\"PropertyValueSpecification\",\"valueRequired\":true,\"valueName\":\"search_term_string\"}}],\"inLanguage\":\"it-IT\"},{\"@type\":\"Organization\",\"@id\":\"https:\/\/jp2doc.pl\/it\/#organization\",\"name\":\"Centro di Documentazione e Studio del Pontificato di Giovanni Paolo II a Roma\",\"url\":\"https:\/\/jp2doc.pl\/it\/\",\"logo\":{\"@type\":\"ImageObject\",\"inLanguage\":\"it-IT\",\"@id\":\"https:\/\/jp2doc.pl\/it\/#\/schema\/logo\/image\/\",\"url\":\"https:\/\/jp2doc.pl\/it\/wp-content\/uploads\/sites\/3\/2017\/03\/cropped-logo.png\",\"contentUrl\":\"https:\/\/jp2doc.pl\/it\/wp-content\/uploads\/sites\/3\/2017\/03\/cropped-logo.png\",\"width\":115,\"height\":115,\"caption\":\"Centro di Documentazione e Studio del Pontificato di Giovanni Paolo II a Roma\"},\"image\":{\"@id\":\"https:\/\/jp2doc.pl\/it\/#\/schema\/logo\/image\/\"}},{\"@type\":\"Person\",\"@id\":\"https:\/\/jp2doc.pl\/it\/#\/schema\/person\/ecb3008f6674a8ed2f0cffc842168b87\",\"name\":\"Anna Nogawczyk\",\"image\":{\"@type\":\"ImageObject\",\"inLanguage\":\"it-IT\",\"@id\":\"https:\/\/jp2doc.pl\/it\/#\/schema\/person\/image\/\",\"url\":\"https:\/\/secure.gravatar.com\/avatar\/7f49c0a3455a5f39b9815332b5595517d52774cc8803ff595476ca8543d405f2?s=96&d=mm&r=g\",\"contentUrl\":\"https:\/\/secure.gravatar.com\/avatar\/7f49c0a3455a5f39b9815332b5595517d52774cc8803ff595476ca8543d405f2?s=96&d=mm&r=g\",\"caption\":\"Anna Nogawczyk\"},\"url\":\"https:\/\/jp2doc.pl\/it\/author\/ania-nogawczyk\/\"}]}<\/script>\n<!-- \/ Yoast SEO plugin. -->","yoast_head_json":{"title":"\"Agnello pasquale e luce delle genti\" - Centro di Documentazione e Studio del Pontificato di Giovanni Paolo II a Roma","robots":{"index":"index","follow":"follow","max-snippet":"max-snippet:-1","max-image-preview":"max-image-preview:large","max-video-preview":"max-video-preview:-1"},"canonical":"https:\/\/jp2doc.pl\/it\/2017\/01\/14\/agnello-pasquale-e-luce-delle-genti\/","og_locale":"it_IT","og_type":"article","og_title":"\"Agnello pasquale e luce delle genti\" - Centro di Documentazione e Studio del Pontificato di Giovanni Paolo II a Roma","og_description":"Rif.: Is 49,3.5-6; Sal 39\/40,2.4.7-10; 1Cor 1,1-3; Gv 1,29-34 Forse c\u2019\u00e8 un momento nella vita del cristiano in cui tornano le parole del Battista: \u201cIo non lo conoscevo\u201d. Chi di noi, infatti pu\u00f2 dire di conoscere Dio e il mistero del suo Figlio incarnato e morto per noi? Giovanni era parente di Ges\u00f9, le sue [&hellip;]","og_url":"https:\/\/jp2doc.pl\/it\/2017\/01\/14\/agnello-pasquale-e-luce-delle-genti\/","og_site_name":"Centro di Documentazione e Studio del Pontificato di Giovanni Paolo II a Roma","article_published_time":"2017-01-14T07:44:32+00:00","article_modified_time":"2017-04-02T06:45:45+00:00","og_image":[{"url":"http:\/\/jp2doc.pl\/it\/wp-content\/uploads\/sites\/3\/2017\/04\/5879edc71a2df10013744_389118144562027_1849775696518115188_n.jpg","type":"","width":"","height":""}],"author":"Anna Nogawczyk","twitter_card":"summary_large_image","twitter_misc":{"Scritto da":"Anna Nogawczyk","Tempo di lettura stimato":"3 minuti"},"schema":{"@context":"https:\/\/schema.org","@graph":[{"@type":"Article","@id":"https:\/\/jp2doc.pl\/it\/2017\/01\/14\/agnello-pasquale-e-luce-delle-genti\/#article","isPartOf":{"@id":"https:\/\/jp2doc.pl\/it\/2017\/01\/14\/agnello-pasquale-e-luce-delle-genti\/"},"author":{"name":"Anna Nogawczyk","@id":"https:\/\/jp2doc.pl\/it\/#\/schema\/person\/ecb3008f6674a8ed2f0cffc842168b87"},"headline":"&#8220;Agnello pasquale e luce delle genti&#8221;","datePublished":"2017-01-14T07:44:32+00:00","dateModified":"2017-04-02T06:45:45+00:00","mainEntityOfPage":{"@id":"https:\/\/jp2doc.pl\/it\/2017\/01\/14\/agnello-pasquale-e-luce-delle-genti\/"},"wordCount":519,"commentCount":0,"publisher":{"@id":"https:\/\/jp2doc.pl\/it\/#organization"},"image":{"@id":"https:\/\/jp2doc.pl\/it\/2017\/01\/14\/agnello-pasquale-e-luce-delle-genti\/#primaryimage"},"thumbnailUrl":"http:\/\/jp2doc.pl\/it\/wp-content\/uploads\/sites\/3\/2017\/04\/5879edc71a2df10013744_389118144562027_1849775696518115188_n.jpg","articleSection":["Blog"],"inLanguage":"it-IT","potentialAction":[{"@type":"CommentAction","name":"Comment","target":["https:\/\/jp2doc.pl\/it\/2017\/01\/14\/agnello-pasquale-e-luce-delle-genti\/#respond"]}]},{"@type":"WebPage","@id":"https:\/\/jp2doc.pl\/it\/2017\/01\/14\/agnello-pasquale-e-luce-delle-genti\/","url":"https:\/\/jp2doc.pl\/it\/2017\/01\/14\/agnello-pasquale-e-luce-delle-genti\/","name":"\"Agnello pasquale e luce delle genti\" - Centro di Documentazione e Studio del Pontificato di Giovanni Paolo II a Roma","isPartOf":{"@id":"https:\/\/jp2doc.pl\/it\/#website"},"primaryImageOfPage":{"@id":"https:\/\/jp2doc.pl\/it\/2017\/01\/14\/agnello-pasquale-e-luce-delle-genti\/#primaryimage"},"image":{"@id":"https:\/\/jp2doc.pl\/it\/2017\/01\/14\/agnello-pasquale-e-luce-delle-genti\/#primaryimage"},"thumbnailUrl":"http:\/\/jp2doc.pl\/it\/wp-content\/uploads\/sites\/3\/2017\/04\/5879edc71a2df10013744_389118144562027_1849775696518115188_n.jpg","datePublished":"2017-01-14T07:44:32+00:00","dateModified":"2017-04-02T06:45:45+00:00","breadcrumb":{"@id":"https:\/\/jp2doc.pl\/it\/2017\/01\/14\/agnello-pasquale-e-luce-delle-genti\/#breadcrumb"},"inLanguage":"it-IT","potentialAction":[{"@type":"ReadAction","target":["https:\/\/jp2doc.pl\/it\/2017\/01\/14\/agnello-pasquale-e-luce-delle-genti\/"]}]},{"@type":"ImageObject","inLanguage":"it-IT","@id":"https:\/\/jp2doc.pl\/it\/2017\/01\/14\/agnello-pasquale-e-luce-delle-genti\/#primaryimage","url":"http:\/\/jp2doc.pl\/it\/wp-content\/uploads\/sites\/3\/2017\/04\/5879edc71a2df10013744_389118144562027_1849775696518115188_n.jpg","contentUrl":"http:\/\/jp2doc.pl\/it\/wp-content\/uploads\/sites\/3\/2017\/04\/5879edc71a2df10013744_389118144562027_1849775696518115188_n.jpg"},{"@type":"BreadcrumbList","@id":"https:\/\/jp2doc.pl\/it\/2017\/01\/14\/agnello-pasquale-e-luce-delle-genti\/#breadcrumb","itemListElement":[{"@type":"ListItem","position":1,"name":"Home","item":"https:\/\/jp2doc.pl\/it\/"},{"@type":"ListItem","position":2,"name":"&#8220;Agnello pasquale e luce delle genti&#8221;"}]},{"@type":"WebSite","@id":"https:\/\/jp2doc.pl\/it\/#website","url":"https:\/\/jp2doc.pl\/it\/","name":"Centro di Documentazione e Studio del Pontificato di Giovanni Paolo II a Roma","description":"","publisher":{"@id":"https:\/\/jp2doc.pl\/it\/#organization"},"potentialAction":[{"@type":"SearchAction","target":{"@type":"EntryPoint","urlTemplate":"https:\/\/jp2doc.pl\/it\/?s={search_term_string}"},"query-input":{"@type":"PropertyValueSpecification","valueRequired":true,"valueName":"search_term_string"}}],"inLanguage":"it-IT"},{"@type":"Organization","@id":"https:\/\/jp2doc.pl\/it\/#organization","name":"Centro di Documentazione e Studio del Pontificato di Giovanni Paolo II a Roma","url":"https:\/\/jp2doc.pl\/it\/","logo":{"@type":"ImageObject","inLanguage":"it-IT","@id":"https:\/\/jp2doc.pl\/it\/#\/schema\/logo\/image\/","url":"https:\/\/jp2doc.pl\/it\/wp-content\/uploads\/sites\/3\/2017\/03\/cropped-logo.png","contentUrl":"https:\/\/jp2doc.pl\/it\/wp-content\/uploads\/sites\/3\/2017\/03\/cropped-logo.png","width":115,"height":115,"caption":"Centro di Documentazione e Studio del Pontificato di Giovanni Paolo II a Roma"},"image":{"@id":"https:\/\/jp2doc.pl\/it\/#\/schema\/logo\/image\/"}},{"@type":"Person","@id":"https:\/\/jp2doc.pl\/it\/#\/schema\/person\/ecb3008f6674a8ed2f0cffc842168b87","name":"Anna Nogawczyk","image":{"@type":"ImageObject","inLanguage":"it-IT","@id":"https:\/\/jp2doc.pl\/it\/#\/schema\/person\/image\/","url":"https:\/\/secure.gravatar.com\/avatar\/7f49c0a3455a5f39b9815332b5595517d52774cc8803ff595476ca8543d405f2?s=96&d=mm&r=g","contentUrl":"https:\/\/secure.gravatar.com\/avatar\/7f49c0a3455a5f39b9815332b5595517d52774cc8803ff595476ca8543d405f2?s=96&d=mm&r=g","caption":"Anna Nogawczyk"},"url":"https:\/\/jp2doc.pl\/it\/author\/ania-nogawczyk\/"}]}},"_links":{"self":[{"href":"https:\/\/jp2doc.pl\/it\/wp-json\/wp\/v2\/posts\/874","targetHints":{"allow":["GET"]}}],"collection":[{"href":"https:\/\/jp2doc.pl\/it\/wp-json\/wp\/v2\/posts"}],"about":[{"href":"https:\/\/jp2doc.pl\/it\/wp-json\/wp\/v2\/types\/post"}],"author":[{"embeddable":true,"href":"https:\/\/jp2doc.pl\/it\/wp-json\/wp\/v2\/users\/3"}],"replies":[{"embeddable":true,"href":"https:\/\/jp2doc.pl\/it\/wp-json\/wp\/v2\/comments?post=874"}],"version-history":[{"count":1,"href":"https:\/\/jp2doc.pl\/it\/wp-json\/wp\/v2\/posts\/874\/revisions"}],"predecessor-version":[{"id":876,"href":"https:\/\/jp2doc.pl\/it\/wp-json\/wp\/v2\/posts\/874\/revisions\/876"}],"wp:attachment":[{"href":"https:\/\/jp2doc.pl\/it\/wp-json\/wp\/v2\/media?parent=874"}],"wp:term":[{"taxonomy":"category","embeddable":true,"href":"https:\/\/jp2doc.pl\/it\/wp-json\/wp\/v2\/categories?post=874"},{"taxonomy":"post_tag","embeddable":true,"href":"https:\/\/jp2doc.pl\/it\/wp-json\/wp\/v2\/tags?post=874"}],"curies":[{"name":"wp","href":"https:\/\/api.w.org\/{rel}","templated":true}]}}