{"id":883,"date":"2016-12-31T08:48:41","date_gmt":"2016-12-31T07:48:41","guid":{"rendered":"http:\/\/jp2doc.pl\/it\/?p=883"},"modified":"2017-04-02T09:44:05","modified_gmt":"2017-04-02T07:44:05","slug":"quando-venne-la-pienezza-del-tempo","status":"publish","type":"post","link":"https:\/\/jp2doc.pl\/it\/2016\/12\/31\/quando-venne-la-pienezza-del-tempo\/","title":{"rendered":"Quando venne la pienezza del tempo"},"content":{"rendered":"<p><i>Rif: Nm 6, 22-27; Sal 66; Gal 4, 4-7; Lc 2, 16-21<\/i><\/p>\n<p>All\u2019inizio di questo nuovo anno, come al solito, ci viene incontro la figura di Maria che il Vangelo, gi\u00e0 ascoltato nella notte di Natale, ritrae silenziosa accanto al Figlio durante l\u2019adorazione dei pastori. Non conosciamo i suoi pensieri e le presentiamo i nostri nei quali ci chiediamo cosa ne \u00e8 stato del tempo trascorso tanto in fretta, ci interroghiamo sul futuro e non abbiamo risposte. E guardiamo ancora la santa Madre, perch\u00e9 si faccia portatrice di consolazione e c\u2019insegni a sperare, certi che guardare a Lei \u00e8 gi\u00e0 speranza e preghiera. Da Lei impariamo a fidarci di Dio e a chiedergli che faccia risplendere il suo volto su di noi e sulle nostre famiglie. Da Lei impariamo che a volte la preghiera ha il dolce gusto della speranza, ma altre volte solo l\u2019amaro sapore della fede chiamata a resistere al di l\u00e0 degli eventi ed in quei casi, da Lei sostenuti, ripetiamo con coraggio le parole dell\u2019antica benedizione: \u201cIl Signore rivolga su di te il suo volto e ti conceda pace\u201d (I lett.).<\/p>\n<p>Pace nell\u2019anima per credere e sperare ancora. Pace con Dio che spesso dimentichiamo. Pace fra noi che trascuriamo la nostra vocazione all\u2019amore fraterno, che guardiamo con indifferenza le piccole sofferenze che ci circondano, che ignoriamo le piccole consolazioni che gli altri si attendono, lasciandoci impressionare solo dai grandi eventi, quasi che la sofferenza di molti non sia anch\u2019essa la somma delle sofferenze dei singoli. Pace, quella che Maria ci insegna rimanendo immersa nella contemplazione del Figlio e da Lei impariamo che per il credente pace \u00e8 comunione con Dio, \u00e8 sguardo rivolto al suo Figlio, \u00e8 attesa paziente e fiduciosa di incontrarlo nella gloria, \u00e8 consapevolezza di non essere \u201cpi\u00f9 schiavo, ma figlio; e se figlio, anche erede per volont\u00e0 di Dio\u201d( II lett.).<\/p>\n<p><img loading=\"lazy\" decoding=\"async\" width=\"560\" height=\"373\" class=\"aligncenter size-full wp-image-884\" src=\"http:\/\/jp2doc.pl\/it\/wp-content\/uploads\/sites\/3\/2017\/04\/586782ccefa80d2cc648b878d805165293102827fde39.jpg\" alt=\"\" \/><br \/>\nQuesto giorno solenne \u00e8 ancora una volta \u201cla pienezza del tempo\u201d di cui ci parla s. Paolo (II lett.).<br \/>\nE\u2019 il tempo dell\u2019uomo, \u00e8 il nostro tempo che scorre tra alterne vicende di gioia e di dolore, \u00e8 il tempo del divenire nel quale Dio si inserisce per vivere con noi e tra noi. E\u2019 il tempo nel quale la sua Parola costantemente ci segue penetrando negli oscuri anfratti delle solitudini e delle incomprensioni, delle mute disperazioni, dei dubbi e delle false certezze. L\u00e0, negli angoli bui in cui l\u2019uomo si rifugia Dio c\u2019\u00e8, per mostrare il suo volto luminoso, per dire parole di consolazione, per attenderci al di l\u00e0 di ogni speranza o disperazione. E\u2019 il tempo in cui Dio mostra il suo volto luminoso ed eterno nelle fattezze umane di un Bimbo \u201cnato da donna\u201d. E\u2019 il tempo della Potenza che diviene debolezza, dell\u2019Amore che si fa bisogno di essere amato. E\u2019 il tempo in cui ancora una volta la Parola di Dio, fedele ed eterna, ci raggiunge con le antiche parole della benedizione consegnata a Mos\u00e8: \u201cTi benedica il Signore e ti protegga [&#8230;], rivolga su di te il suo volto e ti conceda pace\u201d (I lett.). Ed \u00e8 questo il nostro augurio di Buon Anno per tutti.<\/p>\n","protected":false},"excerpt":{"rendered":"<p>Rif: Nm 6, 22-27; Sal 66; Gal 4, 4-7; Lc 2, 16-21 All\u2019inizio di questo nuovo anno, come al solito, ci viene incontro la figura di Maria che il Vangelo, gi\u00e0 ascoltato nella notte di Natale, ritrae silenziosa accanto al Figlio durante l\u2019adorazione dei pastori. Non conosciamo i suoi pensieri e le presentiamo i nostri [&hellip;]<\/p>\n","protected":false},"author":3,"featured_media":0,"comment_status":"open","ping_status":"open","sticky":false,"template":"","format":"standard","meta":{"_acf_changed":false,"_exactmetrics_skip_tracking":false,"_exactmetrics_sitenote_active":false,"_exactmetrics_sitenote_note":"","_exactmetrics_sitenote_category":0,"footnotes":""},"categories":[4],"tags":[],"class_list":["post-883","post","type-post","status-publish","format-standard","hentry","category-blog"],"acf":[],"yoast_head":"<!-- This site is optimized with the Yoast SEO plugin v26.2 - https:\/\/yoast.com\/wordpress\/plugins\/seo\/ -->\n<title>Quando venne la pienezza del tempo - Centro di Documentazione e Studio del Pontificato di Giovanni Paolo II a Roma<\/title>\n<meta name=\"robots\" content=\"index, follow, max-snippet:-1, max-image-preview:large, max-video-preview:-1\" \/>\n<link rel=\"canonical\" href=\"https:\/\/jp2doc.pl\/it\/2016\/12\/31\/quando-venne-la-pienezza-del-tempo\/\" \/>\n<meta property=\"og:locale\" content=\"it_IT\" \/>\n<meta property=\"og:type\" content=\"article\" \/>\n<meta property=\"og:title\" content=\"Quando venne la pienezza del tempo - Centro di Documentazione e Studio del Pontificato di Giovanni Paolo II a Roma\" \/>\n<meta property=\"og:description\" content=\"Rif: Nm 6, 22-27; Sal 66; Gal 4, 4-7; Lc 2, 16-21 All\u2019inizio di questo nuovo anno, come al solito, ci viene incontro la figura di Maria che il Vangelo, gi\u00e0 ascoltato nella notte di Natale, ritrae silenziosa accanto al Figlio durante l\u2019adorazione dei pastori. Non conosciamo i suoi pensieri e le presentiamo i nostri [&hellip;]\" \/>\n<meta property=\"og:url\" content=\"https:\/\/jp2doc.pl\/it\/2016\/12\/31\/quando-venne-la-pienezza-del-tempo\/\" \/>\n<meta property=\"og:site_name\" content=\"Centro di Documentazione e Studio del Pontificato di Giovanni Paolo II a Roma\" \/>\n<meta property=\"article:published_time\" content=\"2016-12-31T07:48:41+00:00\" \/>\n<meta property=\"article:modified_time\" content=\"2017-04-02T07:44:05+00:00\" \/>\n<meta property=\"og:image\" content=\"http:\/\/jp2doc.pl\/it\/wp-content\/uploads\/sites\/3\/2017\/04\/586782ccefa80d2cc648b878d805165293102827fde39.jpg\" \/>\n<meta name=\"author\" content=\"Anna Nogawczyk\" \/>\n<meta name=\"twitter:card\" content=\"summary_large_image\" \/>\n<meta name=\"twitter:label1\" content=\"Scritto da\" \/>\n\t<meta name=\"twitter:data1\" content=\"Anna Nogawczyk\" \/>\n\t<meta name=\"twitter:label2\" content=\"Tempo di lettura stimato\" \/>\n\t<meta name=\"twitter:data2\" content=\"3 minuti\" \/>\n<script type=\"application\/ld+json\" class=\"yoast-schema-graph\">{\"@context\":\"https:\/\/schema.org\",\"@graph\":[{\"@type\":\"Article\",\"@id\":\"https:\/\/jp2doc.pl\/it\/2016\/12\/31\/quando-venne-la-pienezza-del-tempo\/#article\",\"isPartOf\":{\"@id\":\"https:\/\/jp2doc.pl\/it\/2016\/12\/31\/quando-venne-la-pienezza-del-tempo\/\"},\"author\":{\"name\":\"Anna Nogawczyk\",\"@id\":\"https:\/\/jp2doc.pl\/it\/#\/schema\/person\/ecb3008f6674a8ed2f0cffc842168b87\"},\"headline\":\"Quando venne la pienezza del tempo\",\"datePublished\":\"2016-12-31T07:48:41+00:00\",\"dateModified\":\"2017-04-02T07:44:05+00:00\",\"mainEntityOfPage\":{\"@id\":\"https:\/\/jp2doc.pl\/it\/2016\/12\/31\/quando-venne-la-pienezza-del-tempo\/\"},\"wordCount\":522,\"commentCount\":0,\"publisher\":{\"@id\":\"https:\/\/jp2doc.pl\/it\/#organization\"},\"image\":{\"@id\":\"https:\/\/jp2doc.pl\/it\/2016\/12\/31\/quando-venne-la-pienezza-del-tempo\/#primaryimage\"},\"thumbnailUrl\":\"http:\/\/jp2doc.pl\/it\/wp-content\/uploads\/sites\/3\/2017\/04\/586782ccefa80d2cc648b878d805165293102827fde39.jpg\",\"articleSection\":[\"Blog\"],\"inLanguage\":\"it-IT\",\"potentialAction\":[{\"@type\":\"CommentAction\",\"name\":\"Comment\",\"target\":[\"https:\/\/jp2doc.pl\/it\/2016\/12\/31\/quando-venne-la-pienezza-del-tempo\/#respond\"]}]},{\"@type\":\"WebPage\",\"@id\":\"https:\/\/jp2doc.pl\/it\/2016\/12\/31\/quando-venne-la-pienezza-del-tempo\/\",\"url\":\"https:\/\/jp2doc.pl\/it\/2016\/12\/31\/quando-venne-la-pienezza-del-tempo\/\",\"name\":\"Quando venne la pienezza del tempo - Centro di Documentazione e Studio del Pontificato di Giovanni Paolo II a Roma\",\"isPartOf\":{\"@id\":\"https:\/\/jp2doc.pl\/it\/#website\"},\"primaryImageOfPage\":{\"@id\":\"https:\/\/jp2doc.pl\/it\/2016\/12\/31\/quando-venne-la-pienezza-del-tempo\/#primaryimage\"},\"image\":{\"@id\":\"https:\/\/jp2doc.pl\/it\/2016\/12\/31\/quando-venne-la-pienezza-del-tempo\/#primaryimage\"},\"thumbnailUrl\":\"http:\/\/jp2doc.pl\/it\/wp-content\/uploads\/sites\/3\/2017\/04\/586782ccefa80d2cc648b878d805165293102827fde39.jpg\",\"datePublished\":\"2016-12-31T07:48:41+00:00\",\"dateModified\":\"2017-04-02T07:44:05+00:00\",\"breadcrumb\":{\"@id\":\"https:\/\/jp2doc.pl\/it\/2016\/12\/31\/quando-venne-la-pienezza-del-tempo\/#breadcrumb\"},\"inLanguage\":\"it-IT\",\"potentialAction\":[{\"@type\":\"ReadAction\",\"target\":[\"https:\/\/jp2doc.pl\/it\/2016\/12\/31\/quando-venne-la-pienezza-del-tempo\/\"]}]},{\"@type\":\"ImageObject\",\"inLanguage\":\"it-IT\",\"@id\":\"https:\/\/jp2doc.pl\/it\/2016\/12\/31\/quando-venne-la-pienezza-del-tempo\/#primaryimage\",\"url\":\"http:\/\/jp2doc.pl\/it\/wp-content\/uploads\/sites\/3\/2017\/04\/586782ccefa80d2cc648b878d805165293102827fde39.jpg\",\"contentUrl\":\"http:\/\/jp2doc.pl\/it\/wp-content\/uploads\/sites\/3\/2017\/04\/586782ccefa80d2cc648b878d805165293102827fde39.jpg\"},{\"@type\":\"BreadcrumbList\",\"@id\":\"https:\/\/jp2doc.pl\/it\/2016\/12\/31\/quando-venne-la-pienezza-del-tempo\/#breadcrumb\",\"itemListElement\":[{\"@type\":\"ListItem\",\"position\":1,\"name\":\"Home\",\"item\":\"https:\/\/jp2doc.pl\/it\/\"},{\"@type\":\"ListItem\",\"position\":2,\"name\":\"Quando venne la pienezza del tempo\"}]},{\"@type\":\"WebSite\",\"@id\":\"https:\/\/jp2doc.pl\/it\/#website\",\"url\":\"https:\/\/jp2doc.pl\/it\/\",\"name\":\"Centro di Documentazione e Studio del Pontificato di Giovanni Paolo II a Roma\",\"description\":\"\",\"publisher\":{\"@id\":\"https:\/\/jp2doc.pl\/it\/#organization\"},\"potentialAction\":[{\"@type\":\"SearchAction\",\"target\":{\"@type\":\"EntryPoint\",\"urlTemplate\":\"https:\/\/jp2doc.pl\/it\/?s={search_term_string}\"},\"query-input\":{\"@type\":\"PropertyValueSpecification\",\"valueRequired\":true,\"valueName\":\"search_term_string\"}}],\"inLanguage\":\"it-IT\"},{\"@type\":\"Organization\",\"@id\":\"https:\/\/jp2doc.pl\/it\/#organization\",\"name\":\"Centro di Documentazione e Studio del Pontificato di Giovanni Paolo II a Roma\",\"url\":\"https:\/\/jp2doc.pl\/it\/\",\"logo\":{\"@type\":\"ImageObject\",\"inLanguage\":\"it-IT\",\"@id\":\"https:\/\/jp2doc.pl\/it\/#\/schema\/logo\/image\/\",\"url\":\"https:\/\/jp2doc.pl\/it\/wp-content\/uploads\/sites\/3\/2017\/03\/cropped-logo.png\",\"contentUrl\":\"https:\/\/jp2doc.pl\/it\/wp-content\/uploads\/sites\/3\/2017\/03\/cropped-logo.png\",\"width\":115,\"height\":115,\"caption\":\"Centro di Documentazione e Studio del Pontificato di Giovanni Paolo II a Roma\"},\"image\":{\"@id\":\"https:\/\/jp2doc.pl\/it\/#\/schema\/logo\/image\/\"}},{\"@type\":\"Person\",\"@id\":\"https:\/\/jp2doc.pl\/it\/#\/schema\/person\/ecb3008f6674a8ed2f0cffc842168b87\",\"name\":\"Anna Nogawczyk\",\"image\":{\"@type\":\"ImageObject\",\"inLanguage\":\"it-IT\",\"@id\":\"https:\/\/jp2doc.pl\/it\/#\/schema\/person\/image\/\",\"url\":\"https:\/\/secure.gravatar.com\/avatar\/7f49c0a3455a5f39b9815332b5595517d52774cc8803ff595476ca8543d405f2?s=96&d=mm&r=g\",\"contentUrl\":\"https:\/\/secure.gravatar.com\/avatar\/7f49c0a3455a5f39b9815332b5595517d52774cc8803ff595476ca8543d405f2?s=96&d=mm&r=g\",\"caption\":\"Anna Nogawczyk\"},\"url\":\"https:\/\/jp2doc.pl\/it\/author\/ania-nogawczyk\/\"}]}<\/script>\n<!-- \/ Yoast SEO plugin. -->","yoast_head_json":{"title":"Quando venne la pienezza del tempo - Centro di Documentazione e Studio del Pontificato di Giovanni Paolo II a Roma","robots":{"index":"index","follow":"follow","max-snippet":"max-snippet:-1","max-image-preview":"max-image-preview:large","max-video-preview":"max-video-preview:-1"},"canonical":"https:\/\/jp2doc.pl\/it\/2016\/12\/31\/quando-venne-la-pienezza-del-tempo\/","og_locale":"it_IT","og_type":"article","og_title":"Quando venne la pienezza del tempo - Centro di Documentazione e Studio del Pontificato di Giovanni Paolo II a Roma","og_description":"Rif: Nm 6, 22-27; Sal 66; Gal 4, 4-7; Lc 2, 16-21 All\u2019inizio di questo nuovo anno, come al solito, ci viene incontro la figura di Maria che il Vangelo, gi\u00e0 ascoltato nella notte di Natale, ritrae silenziosa accanto al Figlio durante l\u2019adorazione dei pastori. Non conosciamo i suoi pensieri e le presentiamo i nostri [&hellip;]","og_url":"https:\/\/jp2doc.pl\/it\/2016\/12\/31\/quando-venne-la-pienezza-del-tempo\/","og_site_name":"Centro di Documentazione e Studio del Pontificato di Giovanni Paolo II a Roma","article_published_time":"2016-12-31T07:48:41+00:00","article_modified_time":"2017-04-02T07:44:05+00:00","og_image":[{"url":"http:\/\/jp2doc.pl\/it\/wp-content\/uploads\/sites\/3\/2017\/04\/586782ccefa80d2cc648b878d805165293102827fde39.jpg","type":"","width":"","height":""}],"author":"Anna Nogawczyk","twitter_card":"summary_large_image","twitter_misc":{"Scritto da":"Anna Nogawczyk","Tempo di lettura stimato":"3 minuti"},"schema":{"@context":"https:\/\/schema.org","@graph":[{"@type":"Article","@id":"https:\/\/jp2doc.pl\/it\/2016\/12\/31\/quando-venne-la-pienezza-del-tempo\/#article","isPartOf":{"@id":"https:\/\/jp2doc.pl\/it\/2016\/12\/31\/quando-venne-la-pienezza-del-tempo\/"},"author":{"name":"Anna Nogawczyk","@id":"https:\/\/jp2doc.pl\/it\/#\/schema\/person\/ecb3008f6674a8ed2f0cffc842168b87"},"headline":"Quando venne la pienezza del tempo","datePublished":"2016-12-31T07:48:41+00:00","dateModified":"2017-04-02T07:44:05+00:00","mainEntityOfPage":{"@id":"https:\/\/jp2doc.pl\/it\/2016\/12\/31\/quando-venne-la-pienezza-del-tempo\/"},"wordCount":522,"commentCount":0,"publisher":{"@id":"https:\/\/jp2doc.pl\/it\/#organization"},"image":{"@id":"https:\/\/jp2doc.pl\/it\/2016\/12\/31\/quando-venne-la-pienezza-del-tempo\/#primaryimage"},"thumbnailUrl":"http:\/\/jp2doc.pl\/it\/wp-content\/uploads\/sites\/3\/2017\/04\/586782ccefa80d2cc648b878d805165293102827fde39.jpg","articleSection":["Blog"],"inLanguage":"it-IT","potentialAction":[{"@type":"CommentAction","name":"Comment","target":["https:\/\/jp2doc.pl\/it\/2016\/12\/31\/quando-venne-la-pienezza-del-tempo\/#respond"]}]},{"@type":"WebPage","@id":"https:\/\/jp2doc.pl\/it\/2016\/12\/31\/quando-venne-la-pienezza-del-tempo\/","url":"https:\/\/jp2doc.pl\/it\/2016\/12\/31\/quando-venne-la-pienezza-del-tempo\/","name":"Quando venne la pienezza del tempo - Centro di Documentazione e Studio del Pontificato di Giovanni Paolo II a Roma","isPartOf":{"@id":"https:\/\/jp2doc.pl\/it\/#website"},"primaryImageOfPage":{"@id":"https:\/\/jp2doc.pl\/it\/2016\/12\/31\/quando-venne-la-pienezza-del-tempo\/#primaryimage"},"image":{"@id":"https:\/\/jp2doc.pl\/it\/2016\/12\/31\/quando-venne-la-pienezza-del-tempo\/#primaryimage"},"thumbnailUrl":"http:\/\/jp2doc.pl\/it\/wp-content\/uploads\/sites\/3\/2017\/04\/586782ccefa80d2cc648b878d805165293102827fde39.jpg","datePublished":"2016-12-31T07:48:41+00:00","dateModified":"2017-04-02T07:44:05+00:00","breadcrumb":{"@id":"https:\/\/jp2doc.pl\/it\/2016\/12\/31\/quando-venne-la-pienezza-del-tempo\/#breadcrumb"},"inLanguage":"it-IT","potentialAction":[{"@type":"ReadAction","target":["https:\/\/jp2doc.pl\/it\/2016\/12\/31\/quando-venne-la-pienezza-del-tempo\/"]}]},{"@type":"ImageObject","inLanguage":"it-IT","@id":"https:\/\/jp2doc.pl\/it\/2016\/12\/31\/quando-venne-la-pienezza-del-tempo\/#primaryimage","url":"http:\/\/jp2doc.pl\/it\/wp-content\/uploads\/sites\/3\/2017\/04\/586782ccefa80d2cc648b878d805165293102827fde39.jpg","contentUrl":"http:\/\/jp2doc.pl\/it\/wp-content\/uploads\/sites\/3\/2017\/04\/586782ccefa80d2cc648b878d805165293102827fde39.jpg"},{"@type":"BreadcrumbList","@id":"https:\/\/jp2doc.pl\/it\/2016\/12\/31\/quando-venne-la-pienezza-del-tempo\/#breadcrumb","itemListElement":[{"@type":"ListItem","position":1,"name":"Home","item":"https:\/\/jp2doc.pl\/it\/"},{"@type":"ListItem","position":2,"name":"Quando venne la pienezza del tempo"}]},{"@type":"WebSite","@id":"https:\/\/jp2doc.pl\/it\/#website","url":"https:\/\/jp2doc.pl\/it\/","name":"Centro di Documentazione e Studio del Pontificato di Giovanni Paolo II a Roma","description":"","publisher":{"@id":"https:\/\/jp2doc.pl\/it\/#organization"},"potentialAction":[{"@type":"SearchAction","target":{"@type":"EntryPoint","urlTemplate":"https:\/\/jp2doc.pl\/it\/?s={search_term_string}"},"query-input":{"@type":"PropertyValueSpecification","valueRequired":true,"valueName":"search_term_string"}}],"inLanguage":"it-IT"},{"@type":"Organization","@id":"https:\/\/jp2doc.pl\/it\/#organization","name":"Centro di Documentazione e Studio del Pontificato di Giovanni Paolo II a Roma","url":"https:\/\/jp2doc.pl\/it\/","logo":{"@type":"ImageObject","inLanguage":"it-IT","@id":"https:\/\/jp2doc.pl\/it\/#\/schema\/logo\/image\/","url":"https:\/\/jp2doc.pl\/it\/wp-content\/uploads\/sites\/3\/2017\/03\/cropped-logo.png","contentUrl":"https:\/\/jp2doc.pl\/it\/wp-content\/uploads\/sites\/3\/2017\/03\/cropped-logo.png","width":115,"height":115,"caption":"Centro di Documentazione e Studio del Pontificato di Giovanni Paolo II a Roma"},"image":{"@id":"https:\/\/jp2doc.pl\/it\/#\/schema\/logo\/image\/"}},{"@type":"Person","@id":"https:\/\/jp2doc.pl\/it\/#\/schema\/person\/ecb3008f6674a8ed2f0cffc842168b87","name":"Anna Nogawczyk","image":{"@type":"ImageObject","inLanguage":"it-IT","@id":"https:\/\/jp2doc.pl\/it\/#\/schema\/person\/image\/","url":"https:\/\/secure.gravatar.com\/avatar\/7f49c0a3455a5f39b9815332b5595517d52774cc8803ff595476ca8543d405f2?s=96&d=mm&r=g","contentUrl":"https:\/\/secure.gravatar.com\/avatar\/7f49c0a3455a5f39b9815332b5595517d52774cc8803ff595476ca8543d405f2?s=96&d=mm&r=g","caption":"Anna Nogawczyk"},"url":"https:\/\/jp2doc.pl\/it\/author\/ania-nogawczyk\/"}]}},"_links":{"self":[{"href":"https:\/\/jp2doc.pl\/it\/wp-json\/wp\/v2\/posts\/883","targetHints":{"allow":["GET"]}}],"collection":[{"href":"https:\/\/jp2doc.pl\/it\/wp-json\/wp\/v2\/posts"}],"about":[{"href":"https:\/\/jp2doc.pl\/it\/wp-json\/wp\/v2\/types\/post"}],"author":[{"embeddable":true,"href":"https:\/\/jp2doc.pl\/it\/wp-json\/wp\/v2\/users\/3"}],"replies":[{"embeddable":true,"href":"https:\/\/jp2doc.pl\/it\/wp-json\/wp\/v2\/comments?post=883"}],"version-history":[{"count":1,"href":"https:\/\/jp2doc.pl\/it\/wp-json\/wp\/v2\/posts\/883\/revisions"}],"predecessor-version":[{"id":885,"href":"https:\/\/jp2doc.pl\/it\/wp-json\/wp\/v2\/posts\/883\/revisions\/885"}],"wp:attachment":[{"href":"https:\/\/jp2doc.pl\/it\/wp-json\/wp\/v2\/media?parent=883"}],"wp:term":[{"taxonomy":"category","embeddable":true,"href":"https:\/\/jp2doc.pl\/it\/wp-json\/wp\/v2\/categories?post=883"},{"taxonomy":"post_tag","embeddable":true,"href":"https:\/\/jp2doc.pl\/it\/wp-json\/wp\/v2\/tags?post=883"}],"curies":[{"name":"wp","href":"https:\/\/api.w.org\/{rel}","templated":true}]}}