{"id":901,"date":"2016-11-19T08:56:22","date_gmt":"2016-11-19T07:56:22","guid":{"rendered":"http:\/\/jp2doc.pl\/it\/?p=901"},"modified":"2017-04-02T08:57:37","modified_gmt":"2017-04-02T06:57:37","slug":"salvaci-o-salvatore-del-mondo","status":"publish","type":"post","link":"https:\/\/jp2doc.pl\/it\/2016\/11\/19\/salvaci-o-salvatore-del-mondo\/","title":{"rendered":"&#8220;Salvaci, o Salvatore del mondo&#8221;"},"content":{"rendered":"<p><i>Rif.: 1Sam 5,1-3; Sal 121,1-6; Col 1,12-20; Lc 23,35-43<\/i><\/p>\n<p>Nelle Letture due re e due regni diversi si confrontano a secoli di distanza: Davide e Cristo. Il primo ritratto all&#8217;apice della gloria, nel momento della sua incoronazione, quando la folla osannante gli dichiara la propria sottomissione e appartenenza: \u201cEcco noi siamo tue ossa e tua carne\u201d e lo riconosce come \u201cUnto del Signore\u201d. Il secondo, Ges\u00f9, nell&#8217;Ora della Croce, quando, circondato dal dileggio dei sacerdoti e dalla curiosit\u00e0 della folla, Egli, Dio da Dio, si offre al Padre nel pi\u00f9 sconvolgente e inimmaginabile Sacrificio.<\/p>\n<p>In realt\u00e0 queste due situazioni cos\u00ec diverse tra loro conducono ad una sola conclusione: altro \u00e8 vedere le cose dal punto di vista umano, altro \u00e8 considerarle dal punto di vista di Dio, altro \u00e8 la transitoria gloria che viene dal mondo, altro quella eterna che viene da Dio. Fra la mentalit\u00e0 umana e quella di Dio la Croce fa da spartiacque, punto di profonda divisione, ma anche l&#8217;unico punto dal quale partire per comprendere appieno la vita, la missione e la regalit\u00e0 di Cristo. Egli \u00e8 Re venuto non per appropriarsi del potere terreno, ma per donarci il regno dei cieli. Re di un regno che non appartiene a questo mondo, ma che in questa terra affonda le sue radici per poi proiettarsi in alto, verso le sconfinate, eterne dimensioni; Re di pace e di perdono, di umilt\u00e0 e di mitezza che riporta il mondo all\u2019antica armonia della creazione.<\/p>\n<p><img loading=\"lazy\" decoding=\"async\" width=\"560\" height=\"637\" class=\"aligncenter size-full wp-image-902\" src=\"http:\/\/jp2doc.pl\/it\/wp-content\/uploads\/sites\/3\/2017\/04\/583028fc60cbbre.jpg\" alt=\"\" \/><\/p>\n<p>Un Re che non vuole imporsi agli uomini, ma solo proporre ad essi un vita nuova, nella quale non c\u2019\u00e8 posto per guerre e ingiustizie, ma solo bont\u00e0 e pace.<\/p>\n<p>Un Re che per liberarci dalle tenebre si \u00e8 immerso nel buio assoluto della morte e che, per cancellare il peccato, si \u00e8 offerto come \u201cvittima pura, santa e immacolata\u201d e dalla croce, stilla dopo stilla, il suo sangue scende sulla terra a portare Redenzione e Pace.<\/p>\n<p>Sulla Croce che lo espone nudo e sofferente allo sguardo dell\u2019umanit\u00e0, Cristo ci chiede di riconoscere in Lui il Salvatore e di credere, al di l\u00e0 delle apparenze, alla potenza del suo Nome perch\u00e9 nella sua morte ogni morte \u00e8 distrutta, ogni peccato perdonato, ogni peccatore redento.<br \/>\nForse la nostra risposta sarebbe pi\u00f9 pronta e la nostra fede pi\u00f9 sincera solo se provassimo ad allontanarci dalla derisione dei sacerdoti, dagli insulti dei soldati, dal silenzio della folla per sentirci liberi, capaci ancora di inorridire per le atrocit\u00e0 che l\u2019uomo infligge ai suoi simili e per noi stessi che in silenzio stiamo a guardare.<\/p>\n<p>Allontanarci dalla folla per ritrovare un nuovo silenzio, che ci renda capaci di comprendere che la Croce racchiude ed esprime tutte le altre atrocit\u00e0. Per comprendere che la Croce non \u00e8 solo un mistero di dolore, ma il mistero di amore di Dio che si incarna per essere uomo fra gli uomini, fino a dividere con essi\u00a0 sofferenze e morte per richiamarli all\u2019intimit\u00e0 divina dalla quale si sono allontanati.<\/p>\n<p>Forse, a comprendere tutto questo, \u00e8 proprio il ladrone pentito che a Ges\u00f9 si rivolge come ad un amico, come di un amico si fida e umilmente gli chiede di ricordarsi di quell\u2019ora che li vede dividere lo stesso destino: \u201cRicordati di me\u201d.<br \/>\nForse fede significa ritrovare la smarrita amicizia con Dio e sapere di poter contare su di Lui ogni volta che gli chiediamo umilmente: \u201cRicordati di me\u201d.<\/p>\n","protected":false},"excerpt":{"rendered":"<p>Rif.: 1Sam 5,1-3; Sal 121,1-6; Col 1,12-20; Lc 23,35-43 Nelle Letture due re e due regni diversi si confrontano a secoli di distanza: Davide e Cristo. Il primo ritratto all&#8217;apice della gloria, nel momento della sua incoronazione, quando la folla osannante gli dichiara la propria sottomissione e appartenenza: \u201cEcco noi siamo tue ossa e tua [&hellip;]<\/p>\n","protected":false},"author":3,"featured_media":0,"comment_status":"open","ping_status":"open","sticky":false,"template":"","format":"standard","meta":{"_acf_changed":false,"_exactmetrics_skip_tracking":false,"_exactmetrics_sitenote_active":false,"_exactmetrics_sitenote_note":"","_exactmetrics_sitenote_category":0,"footnotes":""},"categories":[4],"tags":[],"class_list":["post-901","post","type-post","status-publish","format-standard","hentry","category-blog"],"acf":[],"yoast_head":"<!-- This site is optimized with the Yoast SEO plugin v26.2 - https:\/\/yoast.com\/wordpress\/plugins\/seo\/ -->\n<title>&quot;Salvaci, o Salvatore del mondo&quot; - Centro di Documentazione e Studio del Pontificato di Giovanni Paolo II a Roma<\/title>\n<meta name=\"robots\" content=\"index, follow, max-snippet:-1, max-image-preview:large, max-video-preview:-1\" \/>\n<link rel=\"canonical\" href=\"https:\/\/jp2doc.pl\/it\/2016\/11\/19\/salvaci-o-salvatore-del-mondo\/\" \/>\n<meta property=\"og:locale\" content=\"it_IT\" \/>\n<meta property=\"og:type\" content=\"article\" \/>\n<meta property=\"og:title\" content=\"&quot;Salvaci, o Salvatore del mondo&quot; - Centro di Documentazione e Studio del Pontificato di Giovanni Paolo II a Roma\" \/>\n<meta property=\"og:description\" content=\"Rif.: 1Sam 5,1-3; Sal 121,1-6; Col 1,12-20; Lc 23,35-43 Nelle Letture due re e due regni diversi si confrontano a secoli di distanza: Davide e Cristo. Il primo ritratto all&#8217;apice della gloria, nel momento della sua incoronazione, quando la folla osannante gli dichiara la propria sottomissione e appartenenza: \u201cEcco noi siamo tue ossa e tua [&hellip;]\" \/>\n<meta property=\"og:url\" content=\"https:\/\/jp2doc.pl\/it\/2016\/11\/19\/salvaci-o-salvatore-del-mondo\/\" \/>\n<meta property=\"og:site_name\" content=\"Centro di Documentazione e Studio del Pontificato di Giovanni Paolo II a Roma\" \/>\n<meta property=\"article:published_time\" content=\"2016-11-19T07:56:22+00:00\" \/>\n<meta property=\"article:modified_time\" content=\"2017-04-02T06:57:37+00:00\" \/>\n<meta property=\"og:image\" content=\"http:\/\/jp2doc.pl\/it\/wp-content\/uploads\/sites\/3\/2017\/04\/583028fc60cbbre.jpg\" \/>\n<meta name=\"author\" content=\"Anna Nogawczyk\" \/>\n<meta name=\"twitter:card\" content=\"summary_large_image\" \/>\n<meta name=\"twitter:label1\" content=\"Scritto da\" \/>\n\t<meta name=\"twitter:data1\" content=\"Anna Nogawczyk\" \/>\n\t<meta name=\"twitter:label2\" content=\"Tempo di lettura stimato\" \/>\n\t<meta name=\"twitter:data2\" content=\"3 minuti\" \/>\n<script type=\"application\/ld+json\" class=\"yoast-schema-graph\">{\"@context\":\"https:\/\/schema.org\",\"@graph\":[{\"@type\":\"Article\",\"@id\":\"https:\/\/jp2doc.pl\/it\/2016\/11\/19\/salvaci-o-salvatore-del-mondo\/#article\",\"isPartOf\":{\"@id\":\"https:\/\/jp2doc.pl\/it\/2016\/11\/19\/salvaci-o-salvatore-del-mondo\/\"},\"author\":{\"name\":\"Anna Nogawczyk\",\"@id\":\"https:\/\/jp2doc.pl\/it\/#\/schema\/person\/ecb3008f6674a8ed2f0cffc842168b87\"},\"headline\":\"&#8220;Salvaci, o Salvatore del mondo&#8221;\",\"datePublished\":\"2016-11-19T07:56:22+00:00\",\"dateModified\":\"2017-04-02T06:57:37+00:00\",\"mainEntityOfPage\":{\"@id\":\"https:\/\/jp2doc.pl\/it\/2016\/11\/19\/salvaci-o-salvatore-del-mondo\/\"},\"wordCount\":566,\"commentCount\":0,\"publisher\":{\"@id\":\"https:\/\/jp2doc.pl\/it\/#organization\"},\"image\":{\"@id\":\"https:\/\/jp2doc.pl\/it\/2016\/11\/19\/salvaci-o-salvatore-del-mondo\/#primaryimage\"},\"thumbnailUrl\":\"http:\/\/jp2doc.pl\/it\/wp-content\/uploads\/sites\/3\/2017\/04\/583028fc60cbbre.jpg\",\"articleSection\":[\"Blog\"],\"inLanguage\":\"it-IT\",\"potentialAction\":[{\"@type\":\"CommentAction\",\"name\":\"Comment\",\"target\":[\"https:\/\/jp2doc.pl\/it\/2016\/11\/19\/salvaci-o-salvatore-del-mondo\/#respond\"]}]},{\"@type\":\"WebPage\",\"@id\":\"https:\/\/jp2doc.pl\/it\/2016\/11\/19\/salvaci-o-salvatore-del-mondo\/\",\"url\":\"https:\/\/jp2doc.pl\/it\/2016\/11\/19\/salvaci-o-salvatore-del-mondo\/\",\"name\":\"\\\"Salvaci, o Salvatore del mondo\\\" - Centro di Documentazione e Studio del Pontificato di Giovanni Paolo II a Roma\",\"isPartOf\":{\"@id\":\"https:\/\/jp2doc.pl\/it\/#website\"},\"primaryImageOfPage\":{\"@id\":\"https:\/\/jp2doc.pl\/it\/2016\/11\/19\/salvaci-o-salvatore-del-mondo\/#primaryimage\"},\"image\":{\"@id\":\"https:\/\/jp2doc.pl\/it\/2016\/11\/19\/salvaci-o-salvatore-del-mondo\/#primaryimage\"},\"thumbnailUrl\":\"http:\/\/jp2doc.pl\/it\/wp-content\/uploads\/sites\/3\/2017\/04\/583028fc60cbbre.jpg\",\"datePublished\":\"2016-11-19T07:56:22+00:00\",\"dateModified\":\"2017-04-02T06:57:37+00:00\",\"breadcrumb\":{\"@id\":\"https:\/\/jp2doc.pl\/it\/2016\/11\/19\/salvaci-o-salvatore-del-mondo\/#breadcrumb\"},\"inLanguage\":\"it-IT\",\"potentialAction\":[{\"@type\":\"ReadAction\",\"target\":[\"https:\/\/jp2doc.pl\/it\/2016\/11\/19\/salvaci-o-salvatore-del-mondo\/\"]}]},{\"@type\":\"ImageObject\",\"inLanguage\":\"it-IT\",\"@id\":\"https:\/\/jp2doc.pl\/it\/2016\/11\/19\/salvaci-o-salvatore-del-mondo\/#primaryimage\",\"url\":\"http:\/\/jp2doc.pl\/it\/wp-content\/uploads\/sites\/3\/2017\/04\/583028fc60cbbre.jpg\",\"contentUrl\":\"http:\/\/jp2doc.pl\/it\/wp-content\/uploads\/sites\/3\/2017\/04\/583028fc60cbbre.jpg\"},{\"@type\":\"BreadcrumbList\",\"@id\":\"https:\/\/jp2doc.pl\/it\/2016\/11\/19\/salvaci-o-salvatore-del-mondo\/#breadcrumb\",\"itemListElement\":[{\"@type\":\"ListItem\",\"position\":1,\"name\":\"Home\",\"item\":\"https:\/\/jp2doc.pl\/it\/\"},{\"@type\":\"ListItem\",\"position\":2,\"name\":\"&#8220;Salvaci, o Salvatore del mondo&#8221;\"}]},{\"@type\":\"WebSite\",\"@id\":\"https:\/\/jp2doc.pl\/it\/#website\",\"url\":\"https:\/\/jp2doc.pl\/it\/\",\"name\":\"Centro di Documentazione e Studio del Pontificato di Giovanni Paolo II a Roma\",\"description\":\"\",\"publisher\":{\"@id\":\"https:\/\/jp2doc.pl\/it\/#organization\"},\"potentialAction\":[{\"@type\":\"SearchAction\",\"target\":{\"@type\":\"EntryPoint\",\"urlTemplate\":\"https:\/\/jp2doc.pl\/it\/?s={search_term_string}\"},\"query-input\":{\"@type\":\"PropertyValueSpecification\",\"valueRequired\":true,\"valueName\":\"search_term_string\"}}],\"inLanguage\":\"it-IT\"},{\"@type\":\"Organization\",\"@id\":\"https:\/\/jp2doc.pl\/it\/#organization\",\"name\":\"Centro di Documentazione e Studio del Pontificato di Giovanni Paolo II a Roma\",\"url\":\"https:\/\/jp2doc.pl\/it\/\",\"logo\":{\"@type\":\"ImageObject\",\"inLanguage\":\"it-IT\",\"@id\":\"https:\/\/jp2doc.pl\/it\/#\/schema\/logo\/image\/\",\"url\":\"https:\/\/jp2doc.pl\/it\/wp-content\/uploads\/sites\/3\/2017\/03\/cropped-logo.png\",\"contentUrl\":\"https:\/\/jp2doc.pl\/it\/wp-content\/uploads\/sites\/3\/2017\/03\/cropped-logo.png\",\"width\":115,\"height\":115,\"caption\":\"Centro di Documentazione e Studio del Pontificato di Giovanni Paolo II a Roma\"},\"image\":{\"@id\":\"https:\/\/jp2doc.pl\/it\/#\/schema\/logo\/image\/\"}},{\"@type\":\"Person\",\"@id\":\"https:\/\/jp2doc.pl\/it\/#\/schema\/person\/ecb3008f6674a8ed2f0cffc842168b87\",\"name\":\"Anna Nogawczyk\",\"image\":{\"@type\":\"ImageObject\",\"inLanguage\":\"it-IT\",\"@id\":\"https:\/\/jp2doc.pl\/it\/#\/schema\/person\/image\/\",\"url\":\"https:\/\/secure.gravatar.com\/avatar\/7f49c0a3455a5f39b9815332b5595517d52774cc8803ff595476ca8543d405f2?s=96&d=mm&r=g\",\"contentUrl\":\"https:\/\/secure.gravatar.com\/avatar\/7f49c0a3455a5f39b9815332b5595517d52774cc8803ff595476ca8543d405f2?s=96&d=mm&r=g\",\"caption\":\"Anna Nogawczyk\"},\"url\":\"https:\/\/jp2doc.pl\/it\/author\/ania-nogawczyk\/\"}]}<\/script>\n<!-- \/ Yoast SEO plugin. -->","yoast_head_json":{"title":"\"Salvaci, o Salvatore del mondo\" - Centro di Documentazione e Studio del Pontificato di Giovanni Paolo II a Roma","robots":{"index":"index","follow":"follow","max-snippet":"max-snippet:-1","max-image-preview":"max-image-preview:large","max-video-preview":"max-video-preview:-1"},"canonical":"https:\/\/jp2doc.pl\/it\/2016\/11\/19\/salvaci-o-salvatore-del-mondo\/","og_locale":"it_IT","og_type":"article","og_title":"\"Salvaci, o Salvatore del mondo\" - Centro di Documentazione e Studio del Pontificato di Giovanni Paolo II a Roma","og_description":"Rif.: 1Sam 5,1-3; Sal 121,1-6; Col 1,12-20; Lc 23,35-43 Nelle Letture due re e due regni diversi si confrontano a secoli di distanza: Davide e Cristo. Il primo ritratto all&#8217;apice della gloria, nel momento della sua incoronazione, quando la folla osannante gli dichiara la propria sottomissione e appartenenza: \u201cEcco noi siamo tue ossa e tua [&hellip;]","og_url":"https:\/\/jp2doc.pl\/it\/2016\/11\/19\/salvaci-o-salvatore-del-mondo\/","og_site_name":"Centro di Documentazione e Studio del Pontificato di Giovanni Paolo II a Roma","article_published_time":"2016-11-19T07:56:22+00:00","article_modified_time":"2017-04-02T06:57:37+00:00","og_image":[{"url":"http:\/\/jp2doc.pl\/it\/wp-content\/uploads\/sites\/3\/2017\/04\/583028fc60cbbre.jpg","type":"","width":"","height":""}],"author":"Anna Nogawczyk","twitter_card":"summary_large_image","twitter_misc":{"Scritto da":"Anna Nogawczyk","Tempo di lettura stimato":"3 minuti"},"schema":{"@context":"https:\/\/schema.org","@graph":[{"@type":"Article","@id":"https:\/\/jp2doc.pl\/it\/2016\/11\/19\/salvaci-o-salvatore-del-mondo\/#article","isPartOf":{"@id":"https:\/\/jp2doc.pl\/it\/2016\/11\/19\/salvaci-o-salvatore-del-mondo\/"},"author":{"name":"Anna Nogawczyk","@id":"https:\/\/jp2doc.pl\/it\/#\/schema\/person\/ecb3008f6674a8ed2f0cffc842168b87"},"headline":"&#8220;Salvaci, o Salvatore del mondo&#8221;","datePublished":"2016-11-19T07:56:22+00:00","dateModified":"2017-04-02T06:57:37+00:00","mainEntityOfPage":{"@id":"https:\/\/jp2doc.pl\/it\/2016\/11\/19\/salvaci-o-salvatore-del-mondo\/"},"wordCount":566,"commentCount":0,"publisher":{"@id":"https:\/\/jp2doc.pl\/it\/#organization"},"image":{"@id":"https:\/\/jp2doc.pl\/it\/2016\/11\/19\/salvaci-o-salvatore-del-mondo\/#primaryimage"},"thumbnailUrl":"http:\/\/jp2doc.pl\/it\/wp-content\/uploads\/sites\/3\/2017\/04\/583028fc60cbbre.jpg","articleSection":["Blog"],"inLanguage":"it-IT","potentialAction":[{"@type":"CommentAction","name":"Comment","target":["https:\/\/jp2doc.pl\/it\/2016\/11\/19\/salvaci-o-salvatore-del-mondo\/#respond"]}]},{"@type":"WebPage","@id":"https:\/\/jp2doc.pl\/it\/2016\/11\/19\/salvaci-o-salvatore-del-mondo\/","url":"https:\/\/jp2doc.pl\/it\/2016\/11\/19\/salvaci-o-salvatore-del-mondo\/","name":"\"Salvaci, o Salvatore del mondo\" - Centro di Documentazione e Studio del Pontificato di Giovanni Paolo II a Roma","isPartOf":{"@id":"https:\/\/jp2doc.pl\/it\/#website"},"primaryImageOfPage":{"@id":"https:\/\/jp2doc.pl\/it\/2016\/11\/19\/salvaci-o-salvatore-del-mondo\/#primaryimage"},"image":{"@id":"https:\/\/jp2doc.pl\/it\/2016\/11\/19\/salvaci-o-salvatore-del-mondo\/#primaryimage"},"thumbnailUrl":"http:\/\/jp2doc.pl\/it\/wp-content\/uploads\/sites\/3\/2017\/04\/583028fc60cbbre.jpg","datePublished":"2016-11-19T07:56:22+00:00","dateModified":"2017-04-02T06:57:37+00:00","breadcrumb":{"@id":"https:\/\/jp2doc.pl\/it\/2016\/11\/19\/salvaci-o-salvatore-del-mondo\/#breadcrumb"},"inLanguage":"it-IT","potentialAction":[{"@type":"ReadAction","target":["https:\/\/jp2doc.pl\/it\/2016\/11\/19\/salvaci-o-salvatore-del-mondo\/"]}]},{"@type":"ImageObject","inLanguage":"it-IT","@id":"https:\/\/jp2doc.pl\/it\/2016\/11\/19\/salvaci-o-salvatore-del-mondo\/#primaryimage","url":"http:\/\/jp2doc.pl\/it\/wp-content\/uploads\/sites\/3\/2017\/04\/583028fc60cbbre.jpg","contentUrl":"http:\/\/jp2doc.pl\/it\/wp-content\/uploads\/sites\/3\/2017\/04\/583028fc60cbbre.jpg"},{"@type":"BreadcrumbList","@id":"https:\/\/jp2doc.pl\/it\/2016\/11\/19\/salvaci-o-salvatore-del-mondo\/#breadcrumb","itemListElement":[{"@type":"ListItem","position":1,"name":"Home","item":"https:\/\/jp2doc.pl\/it\/"},{"@type":"ListItem","position":2,"name":"&#8220;Salvaci, o Salvatore del mondo&#8221;"}]},{"@type":"WebSite","@id":"https:\/\/jp2doc.pl\/it\/#website","url":"https:\/\/jp2doc.pl\/it\/","name":"Centro di Documentazione e Studio del Pontificato di Giovanni Paolo II a Roma","description":"","publisher":{"@id":"https:\/\/jp2doc.pl\/it\/#organization"},"potentialAction":[{"@type":"SearchAction","target":{"@type":"EntryPoint","urlTemplate":"https:\/\/jp2doc.pl\/it\/?s={search_term_string}"},"query-input":{"@type":"PropertyValueSpecification","valueRequired":true,"valueName":"search_term_string"}}],"inLanguage":"it-IT"},{"@type":"Organization","@id":"https:\/\/jp2doc.pl\/it\/#organization","name":"Centro di Documentazione e Studio del Pontificato di Giovanni Paolo II a Roma","url":"https:\/\/jp2doc.pl\/it\/","logo":{"@type":"ImageObject","inLanguage":"it-IT","@id":"https:\/\/jp2doc.pl\/it\/#\/schema\/logo\/image\/","url":"https:\/\/jp2doc.pl\/it\/wp-content\/uploads\/sites\/3\/2017\/03\/cropped-logo.png","contentUrl":"https:\/\/jp2doc.pl\/it\/wp-content\/uploads\/sites\/3\/2017\/03\/cropped-logo.png","width":115,"height":115,"caption":"Centro di Documentazione e Studio del Pontificato di Giovanni Paolo II a Roma"},"image":{"@id":"https:\/\/jp2doc.pl\/it\/#\/schema\/logo\/image\/"}},{"@type":"Person","@id":"https:\/\/jp2doc.pl\/it\/#\/schema\/person\/ecb3008f6674a8ed2f0cffc842168b87","name":"Anna Nogawczyk","image":{"@type":"ImageObject","inLanguage":"it-IT","@id":"https:\/\/jp2doc.pl\/it\/#\/schema\/person\/image\/","url":"https:\/\/secure.gravatar.com\/avatar\/7f49c0a3455a5f39b9815332b5595517d52774cc8803ff595476ca8543d405f2?s=96&d=mm&r=g","contentUrl":"https:\/\/secure.gravatar.com\/avatar\/7f49c0a3455a5f39b9815332b5595517d52774cc8803ff595476ca8543d405f2?s=96&d=mm&r=g","caption":"Anna Nogawczyk"},"url":"https:\/\/jp2doc.pl\/it\/author\/ania-nogawczyk\/"}]}},"_links":{"self":[{"href":"https:\/\/jp2doc.pl\/it\/wp-json\/wp\/v2\/posts\/901","targetHints":{"allow":["GET"]}}],"collection":[{"href":"https:\/\/jp2doc.pl\/it\/wp-json\/wp\/v2\/posts"}],"about":[{"href":"https:\/\/jp2doc.pl\/it\/wp-json\/wp\/v2\/types\/post"}],"author":[{"embeddable":true,"href":"https:\/\/jp2doc.pl\/it\/wp-json\/wp\/v2\/users\/3"}],"replies":[{"embeddable":true,"href":"https:\/\/jp2doc.pl\/it\/wp-json\/wp\/v2\/comments?post=901"}],"version-history":[{"count":1,"href":"https:\/\/jp2doc.pl\/it\/wp-json\/wp\/v2\/posts\/901\/revisions"}],"predecessor-version":[{"id":903,"href":"https:\/\/jp2doc.pl\/it\/wp-json\/wp\/v2\/posts\/901\/revisions\/903"}],"wp:attachment":[{"href":"https:\/\/jp2doc.pl\/it\/wp-json\/wp\/v2\/media?parent=901"}],"wp:term":[{"taxonomy":"category","embeddable":true,"href":"https:\/\/jp2doc.pl\/it\/wp-json\/wp\/v2\/categories?post=901"},{"taxonomy":"post_tag","embeddable":true,"href":"https:\/\/jp2doc.pl\/it\/wp-json\/wp\/v2\/tags?post=901"}],"curies":[{"name":"wp","href":"https:\/\/api.w.org\/{rel}","templated":true}]}}