{"id":907,"date":"2016-11-05T08:59:15","date_gmt":"2016-11-05T07:59:15","guid":{"rendered":"http:\/\/jp2doc.pl\/it\/?p=907"},"modified":"2017-04-02T08:59:59","modified_gmt":"2017-04-02T06:59:59","slug":"la-speranza-della-risurrezione","status":"publish","type":"post","link":"https:\/\/jp2doc.pl\/it\/2016\/11\/05\/la-speranza-della-risurrezione\/","title":{"rendered":"La speranza della risurrezione"},"content":{"rendered":"<p><i>Rif.: 2Mac 7,1-2.9-14; Sal 16; 2Ts 2,16-3.5; Lc 20,27-38<\/i><\/p>\n<p>Sette fratelli sono pronti a morire tra atroci tormenti pur di non venir meno alla Legge dei padri. Il racconto, dal libro dei Maccabei, ci apre al tema liturgico di questa domenica che tratta della risurrezione. Un tema che sconvolge e affascina per il suo proiettarci in una dimensione a noi del tutto sconosciuta, eppure intensamente sperata. La morte \u00e8 l&#8217;incubo che a volte ci sfiora proiettando la sua ombra e i suoi interrogativi sulla nostra vita. Quale il nostro destino? Cosa ci aspetta dopo? Tutto ci\u00f2 che abbiamo vissuto, sperato, realt\u00e0 e sogni, tutto finir\u00e0 in un attimo o continuer\u00e0 all&#8217;infinito?<br \/>\nLa risposta ci viene da Ges\u00f9: la risurrezione \u2013 troppo spesso intesa come prolungamento della vita terrena, con i suoi legami, impegni ed affetti \u2013 \u00e8 invece il ripristino della primitiva condizione di Adamo che aveva come unico interlocutore Dio. Risurrezione \u00e8 quindi innanzitutto ripristino di una suprema libert\u00e0, di una nuova lucidit\u00e0 interiore nella quale sentiremo di appartenere solo a Dio che ci cre\u00f2 e che ancora una volta \u201cricrea il nostro corpo\u201d dopo che fu distrutto dalla morte.<br \/>\nGli affetti che ci sono stati tolti, le persone care per il cui distacco abbiamo tanto sofferto, ci saranno di nuovo rese in Dio, ma questa volta potremo amarle di un amore nuovo che non conosce il desiderio del possesso, ma solo la gratitudine per averle, un giorno, avute come dono prezioso alla nostra solitudine.<br \/>\nLa risurrezione non \u00e8 prolungamento della vita terrena, ma in essa affonda le sue radici, Ges\u00f9 ci dice che si pu\u00f2 risorgere per la vita o per la morte eterna, questo \u00e8 allora il tempo della scelta e del cammino che ci conduce verso una meta o verso l\u2019altra. \u201cE nemmeno possono pi\u00f9 morire\u201d \u2013 tremenda, questa affermazione di Ges\u00f9, che suona come forte avvertimento: la morte che in questa vita, a volte, viene invocata come liberazione, non potr\u00e0 tornare a liberarci da una scelta sbagliata.<img loading=\"lazy\" decoding=\"async\" width=\"560\" height=\"420\" class=\"aligncenter size-full wp-image-908\" src=\"http:\/\/jp2doc.pl\/it\/wp-content\/uploads\/sites\/3\/2017\/04\/581dccf9b6249a7a91e401201750b66f8623b3a4e5c17.jpg\" alt=\"\" \/><\/p>\n<p>Ma le parole di Ges\u00f9 continuano donando speranza: \u201cessendo figli della risurrezione, sono figli di Dio\u201d. E se questo mette in risalto innanzitutto la dignit\u00e0 inimmaginabile dell\u2019uomo, ci fa anche capire che la risurrezione non pu\u00f2 essere opera nostra, come non lo fu la nostra nascita nel tempo: allora non con le nostre forze, ma dalla risurrezione di Cristo riceveremo la nostra vita nuova ed eterna.<br \/>\nCos\u00ec, mentre l&#8217;anno liturgico si avvia alla fine, con sapienza, la Chiesa ci ricorda che ogni tempo che termina deve rimandarci alla fine e al fine della vita e che essa, pur essendo tempo di preparazione ad un destino futuro eterno ed irrevocabile, trova sostegno nella \u201cbuona speranza\u201d che ci viene da Dio secondo le parole di san Paolo che ci animano e confortano: \u201clo stesso Signore nostro Ges\u00f9 Cristo e Dio, Padre nostro, che ci ha amati e ci ha dato, per sua grazia, una consolazione eterna e una buona speranza, conforti i vostri cuori e li confermi in ogni opera e parola di bene!\u201d<\/p>\n","protected":false},"excerpt":{"rendered":"<p>Rif.: 2Mac 7,1-2.9-14; Sal 16; 2Ts 2,16-3.5; Lc 20,27-38 Sette fratelli sono pronti a morire tra atroci tormenti pur di non venir meno alla Legge dei padri. Il racconto, dal libro dei Maccabei, ci apre al tema liturgico di questa domenica che tratta della risurrezione. Un tema che sconvolge e affascina per il suo proiettarci [&hellip;]<\/p>\n","protected":false},"author":3,"featured_media":0,"comment_status":"open","ping_status":"open","sticky":false,"template":"","format":"standard","meta":{"_acf_changed":false,"_exactmetrics_skip_tracking":false,"_exactmetrics_sitenote_active":false,"_exactmetrics_sitenote_note":"","_exactmetrics_sitenote_category":0,"footnotes":""},"categories":[4],"tags":[],"class_list":["post-907","post","type-post","status-publish","format-standard","hentry","category-blog"],"acf":[],"yoast_head":"<!-- This site is optimized with the Yoast SEO plugin v26.2 - https:\/\/yoast.com\/wordpress\/plugins\/seo\/ -->\n<title>La speranza della risurrezione - Centro di Documentazione e Studio del Pontificato di Giovanni Paolo II a Roma<\/title>\n<meta name=\"robots\" content=\"index, follow, max-snippet:-1, max-image-preview:large, max-video-preview:-1\" \/>\n<link rel=\"canonical\" href=\"https:\/\/jp2doc.pl\/it\/2016\/11\/05\/la-speranza-della-risurrezione\/\" \/>\n<meta property=\"og:locale\" content=\"it_IT\" \/>\n<meta property=\"og:type\" content=\"article\" \/>\n<meta property=\"og:title\" content=\"La speranza della risurrezione - Centro di Documentazione e Studio del Pontificato di Giovanni Paolo II a Roma\" \/>\n<meta property=\"og:description\" content=\"Rif.: 2Mac 7,1-2.9-14; Sal 16; 2Ts 2,16-3.5; Lc 20,27-38 Sette fratelli sono pronti a morire tra atroci tormenti pur di non venir meno alla Legge dei padri. Il racconto, dal libro dei Maccabei, ci apre al tema liturgico di questa domenica che tratta della risurrezione. Un tema che sconvolge e affascina per il suo proiettarci [&hellip;]\" \/>\n<meta property=\"og:url\" content=\"https:\/\/jp2doc.pl\/it\/2016\/11\/05\/la-speranza-della-risurrezione\/\" \/>\n<meta property=\"og:site_name\" content=\"Centro di Documentazione e Studio del Pontificato di Giovanni Paolo II a Roma\" \/>\n<meta property=\"article:published_time\" content=\"2016-11-05T07:59:15+00:00\" \/>\n<meta property=\"article:modified_time\" content=\"2017-04-02T06:59:59+00:00\" \/>\n<meta property=\"og:image\" content=\"http:\/\/jp2doc.pl\/it\/wp-content\/uploads\/sites\/3\/2017\/04\/581dccf9b6249a7a91e401201750b66f8623b3a4e5c17.jpg\" \/>\n<meta name=\"author\" content=\"Anna Nogawczyk\" \/>\n<meta name=\"twitter:card\" content=\"summary_large_image\" \/>\n<meta name=\"twitter:label1\" content=\"Scritto da\" \/>\n\t<meta name=\"twitter:data1\" content=\"Anna Nogawczyk\" \/>\n\t<meta name=\"twitter:label2\" content=\"Tempo di lettura stimato\" \/>\n\t<meta name=\"twitter:data2\" content=\"2 minuti\" \/>\n<script type=\"application\/ld+json\" class=\"yoast-schema-graph\">{\"@context\":\"https:\/\/schema.org\",\"@graph\":[{\"@type\":\"Article\",\"@id\":\"https:\/\/jp2doc.pl\/it\/2016\/11\/05\/la-speranza-della-risurrezione\/#article\",\"isPartOf\":{\"@id\":\"https:\/\/jp2doc.pl\/it\/2016\/11\/05\/la-speranza-della-risurrezione\/\"},\"author\":{\"name\":\"Anna Nogawczyk\",\"@id\":\"https:\/\/jp2doc.pl\/it\/#\/schema\/person\/ecb3008f6674a8ed2f0cffc842168b87\"},\"headline\":\"La speranza della risurrezione\",\"datePublished\":\"2016-11-05T07:59:15+00:00\",\"dateModified\":\"2017-04-02T06:59:59+00:00\",\"mainEntityOfPage\":{\"@id\":\"https:\/\/jp2doc.pl\/it\/2016\/11\/05\/la-speranza-della-risurrezione\/\"},\"wordCount\":505,\"commentCount\":0,\"publisher\":{\"@id\":\"https:\/\/jp2doc.pl\/it\/#organization\"},\"image\":{\"@id\":\"https:\/\/jp2doc.pl\/it\/2016\/11\/05\/la-speranza-della-risurrezione\/#primaryimage\"},\"thumbnailUrl\":\"http:\/\/jp2doc.pl\/it\/wp-content\/uploads\/sites\/3\/2017\/04\/581dccf9b6249a7a91e401201750b66f8623b3a4e5c17.jpg\",\"articleSection\":[\"Blog\"],\"inLanguage\":\"it-IT\",\"potentialAction\":[{\"@type\":\"CommentAction\",\"name\":\"Comment\",\"target\":[\"https:\/\/jp2doc.pl\/it\/2016\/11\/05\/la-speranza-della-risurrezione\/#respond\"]}]},{\"@type\":\"WebPage\",\"@id\":\"https:\/\/jp2doc.pl\/it\/2016\/11\/05\/la-speranza-della-risurrezione\/\",\"url\":\"https:\/\/jp2doc.pl\/it\/2016\/11\/05\/la-speranza-della-risurrezione\/\",\"name\":\"La speranza della risurrezione - Centro di Documentazione e Studio del Pontificato di Giovanni Paolo II a Roma\",\"isPartOf\":{\"@id\":\"https:\/\/jp2doc.pl\/it\/#website\"},\"primaryImageOfPage\":{\"@id\":\"https:\/\/jp2doc.pl\/it\/2016\/11\/05\/la-speranza-della-risurrezione\/#primaryimage\"},\"image\":{\"@id\":\"https:\/\/jp2doc.pl\/it\/2016\/11\/05\/la-speranza-della-risurrezione\/#primaryimage\"},\"thumbnailUrl\":\"http:\/\/jp2doc.pl\/it\/wp-content\/uploads\/sites\/3\/2017\/04\/581dccf9b6249a7a91e401201750b66f8623b3a4e5c17.jpg\",\"datePublished\":\"2016-11-05T07:59:15+00:00\",\"dateModified\":\"2017-04-02T06:59:59+00:00\",\"breadcrumb\":{\"@id\":\"https:\/\/jp2doc.pl\/it\/2016\/11\/05\/la-speranza-della-risurrezione\/#breadcrumb\"},\"inLanguage\":\"it-IT\",\"potentialAction\":[{\"@type\":\"ReadAction\",\"target\":[\"https:\/\/jp2doc.pl\/it\/2016\/11\/05\/la-speranza-della-risurrezione\/\"]}]},{\"@type\":\"ImageObject\",\"inLanguage\":\"it-IT\",\"@id\":\"https:\/\/jp2doc.pl\/it\/2016\/11\/05\/la-speranza-della-risurrezione\/#primaryimage\",\"url\":\"http:\/\/jp2doc.pl\/it\/wp-content\/uploads\/sites\/3\/2017\/04\/581dccf9b6249a7a91e401201750b66f8623b3a4e5c17.jpg\",\"contentUrl\":\"http:\/\/jp2doc.pl\/it\/wp-content\/uploads\/sites\/3\/2017\/04\/581dccf9b6249a7a91e401201750b66f8623b3a4e5c17.jpg\"},{\"@type\":\"BreadcrumbList\",\"@id\":\"https:\/\/jp2doc.pl\/it\/2016\/11\/05\/la-speranza-della-risurrezione\/#breadcrumb\",\"itemListElement\":[{\"@type\":\"ListItem\",\"position\":1,\"name\":\"Home\",\"item\":\"https:\/\/jp2doc.pl\/it\/\"},{\"@type\":\"ListItem\",\"position\":2,\"name\":\"La speranza della risurrezione\"}]},{\"@type\":\"WebSite\",\"@id\":\"https:\/\/jp2doc.pl\/it\/#website\",\"url\":\"https:\/\/jp2doc.pl\/it\/\",\"name\":\"Centro di Documentazione e Studio del Pontificato di Giovanni Paolo II a Roma\",\"description\":\"\",\"publisher\":{\"@id\":\"https:\/\/jp2doc.pl\/it\/#organization\"},\"potentialAction\":[{\"@type\":\"SearchAction\",\"target\":{\"@type\":\"EntryPoint\",\"urlTemplate\":\"https:\/\/jp2doc.pl\/it\/?s={search_term_string}\"},\"query-input\":{\"@type\":\"PropertyValueSpecification\",\"valueRequired\":true,\"valueName\":\"search_term_string\"}}],\"inLanguage\":\"it-IT\"},{\"@type\":\"Organization\",\"@id\":\"https:\/\/jp2doc.pl\/it\/#organization\",\"name\":\"Centro di Documentazione e Studio del Pontificato di Giovanni Paolo II a Roma\",\"url\":\"https:\/\/jp2doc.pl\/it\/\",\"logo\":{\"@type\":\"ImageObject\",\"inLanguage\":\"it-IT\",\"@id\":\"https:\/\/jp2doc.pl\/it\/#\/schema\/logo\/image\/\",\"url\":\"https:\/\/jp2doc.pl\/it\/wp-content\/uploads\/sites\/3\/2017\/03\/cropped-logo.png\",\"contentUrl\":\"https:\/\/jp2doc.pl\/it\/wp-content\/uploads\/sites\/3\/2017\/03\/cropped-logo.png\",\"width\":115,\"height\":115,\"caption\":\"Centro di Documentazione e Studio del Pontificato di Giovanni Paolo II a Roma\"},\"image\":{\"@id\":\"https:\/\/jp2doc.pl\/it\/#\/schema\/logo\/image\/\"}},{\"@type\":\"Person\",\"@id\":\"https:\/\/jp2doc.pl\/it\/#\/schema\/person\/ecb3008f6674a8ed2f0cffc842168b87\",\"name\":\"Anna Nogawczyk\",\"image\":{\"@type\":\"ImageObject\",\"inLanguage\":\"it-IT\",\"@id\":\"https:\/\/jp2doc.pl\/it\/#\/schema\/person\/image\/\",\"url\":\"https:\/\/secure.gravatar.com\/avatar\/7f49c0a3455a5f39b9815332b5595517d52774cc8803ff595476ca8543d405f2?s=96&d=mm&r=g\",\"contentUrl\":\"https:\/\/secure.gravatar.com\/avatar\/7f49c0a3455a5f39b9815332b5595517d52774cc8803ff595476ca8543d405f2?s=96&d=mm&r=g\",\"caption\":\"Anna Nogawczyk\"},\"url\":\"https:\/\/jp2doc.pl\/it\/author\/ania-nogawczyk\/\"}]}<\/script>\n<!-- \/ Yoast SEO plugin. -->","yoast_head_json":{"title":"La speranza della risurrezione - Centro di Documentazione e Studio del Pontificato di Giovanni Paolo II a Roma","robots":{"index":"index","follow":"follow","max-snippet":"max-snippet:-1","max-image-preview":"max-image-preview:large","max-video-preview":"max-video-preview:-1"},"canonical":"https:\/\/jp2doc.pl\/it\/2016\/11\/05\/la-speranza-della-risurrezione\/","og_locale":"it_IT","og_type":"article","og_title":"La speranza della risurrezione - Centro di Documentazione e Studio del Pontificato di Giovanni Paolo II a Roma","og_description":"Rif.: 2Mac 7,1-2.9-14; Sal 16; 2Ts 2,16-3.5; Lc 20,27-38 Sette fratelli sono pronti a morire tra atroci tormenti pur di non venir meno alla Legge dei padri. Il racconto, dal libro dei Maccabei, ci apre al tema liturgico di questa domenica che tratta della risurrezione. Un tema che sconvolge e affascina per il suo proiettarci [&hellip;]","og_url":"https:\/\/jp2doc.pl\/it\/2016\/11\/05\/la-speranza-della-risurrezione\/","og_site_name":"Centro di Documentazione e Studio del Pontificato di Giovanni Paolo II a Roma","article_published_time":"2016-11-05T07:59:15+00:00","article_modified_time":"2017-04-02T06:59:59+00:00","og_image":[{"url":"http:\/\/jp2doc.pl\/it\/wp-content\/uploads\/sites\/3\/2017\/04\/581dccf9b6249a7a91e401201750b66f8623b3a4e5c17.jpg","type":"","width":"","height":""}],"author":"Anna Nogawczyk","twitter_card":"summary_large_image","twitter_misc":{"Scritto da":"Anna Nogawczyk","Tempo di lettura stimato":"2 minuti"},"schema":{"@context":"https:\/\/schema.org","@graph":[{"@type":"Article","@id":"https:\/\/jp2doc.pl\/it\/2016\/11\/05\/la-speranza-della-risurrezione\/#article","isPartOf":{"@id":"https:\/\/jp2doc.pl\/it\/2016\/11\/05\/la-speranza-della-risurrezione\/"},"author":{"name":"Anna Nogawczyk","@id":"https:\/\/jp2doc.pl\/it\/#\/schema\/person\/ecb3008f6674a8ed2f0cffc842168b87"},"headline":"La speranza della risurrezione","datePublished":"2016-11-05T07:59:15+00:00","dateModified":"2017-04-02T06:59:59+00:00","mainEntityOfPage":{"@id":"https:\/\/jp2doc.pl\/it\/2016\/11\/05\/la-speranza-della-risurrezione\/"},"wordCount":505,"commentCount":0,"publisher":{"@id":"https:\/\/jp2doc.pl\/it\/#organization"},"image":{"@id":"https:\/\/jp2doc.pl\/it\/2016\/11\/05\/la-speranza-della-risurrezione\/#primaryimage"},"thumbnailUrl":"http:\/\/jp2doc.pl\/it\/wp-content\/uploads\/sites\/3\/2017\/04\/581dccf9b6249a7a91e401201750b66f8623b3a4e5c17.jpg","articleSection":["Blog"],"inLanguage":"it-IT","potentialAction":[{"@type":"CommentAction","name":"Comment","target":["https:\/\/jp2doc.pl\/it\/2016\/11\/05\/la-speranza-della-risurrezione\/#respond"]}]},{"@type":"WebPage","@id":"https:\/\/jp2doc.pl\/it\/2016\/11\/05\/la-speranza-della-risurrezione\/","url":"https:\/\/jp2doc.pl\/it\/2016\/11\/05\/la-speranza-della-risurrezione\/","name":"La speranza della risurrezione - Centro di Documentazione e Studio del Pontificato di Giovanni Paolo II a Roma","isPartOf":{"@id":"https:\/\/jp2doc.pl\/it\/#website"},"primaryImageOfPage":{"@id":"https:\/\/jp2doc.pl\/it\/2016\/11\/05\/la-speranza-della-risurrezione\/#primaryimage"},"image":{"@id":"https:\/\/jp2doc.pl\/it\/2016\/11\/05\/la-speranza-della-risurrezione\/#primaryimage"},"thumbnailUrl":"http:\/\/jp2doc.pl\/it\/wp-content\/uploads\/sites\/3\/2017\/04\/581dccf9b6249a7a91e401201750b66f8623b3a4e5c17.jpg","datePublished":"2016-11-05T07:59:15+00:00","dateModified":"2017-04-02T06:59:59+00:00","breadcrumb":{"@id":"https:\/\/jp2doc.pl\/it\/2016\/11\/05\/la-speranza-della-risurrezione\/#breadcrumb"},"inLanguage":"it-IT","potentialAction":[{"@type":"ReadAction","target":["https:\/\/jp2doc.pl\/it\/2016\/11\/05\/la-speranza-della-risurrezione\/"]}]},{"@type":"ImageObject","inLanguage":"it-IT","@id":"https:\/\/jp2doc.pl\/it\/2016\/11\/05\/la-speranza-della-risurrezione\/#primaryimage","url":"http:\/\/jp2doc.pl\/it\/wp-content\/uploads\/sites\/3\/2017\/04\/581dccf9b6249a7a91e401201750b66f8623b3a4e5c17.jpg","contentUrl":"http:\/\/jp2doc.pl\/it\/wp-content\/uploads\/sites\/3\/2017\/04\/581dccf9b6249a7a91e401201750b66f8623b3a4e5c17.jpg"},{"@type":"BreadcrumbList","@id":"https:\/\/jp2doc.pl\/it\/2016\/11\/05\/la-speranza-della-risurrezione\/#breadcrumb","itemListElement":[{"@type":"ListItem","position":1,"name":"Home","item":"https:\/\/jp2doc.pl\/it\/"},{"@type":"ListItem","position":2,"name":"La speranza della risurrezione"}]},{"@type":"WebSite","@id":"https:\/\/jp2doc.pl\/it\/#website","url":"https:\/\/jp2doc.pl\/it\/","name":"Centro di Documentazione e Studio del Pontificato di Giovanni Paolo II a Roma","description":"","publisher":{"@id":"https:\/\/jp2doc.pl\/it\/#organization"},"potentialAction":[{"@type":"SearchAction","target":{"@type":"EntryPoint","urlTemplate":"https:\/\/jp2doc.pl\/it\/?s={search_term_string}"},"query-input":{"@type":"PropertyValueSpecification","valueRequired":true,"valueName":"search_term_string"}}],"inLanguage":"it-IT"},{"@type":"Organization","@id":"https:\/\/jp2doc.pl\/it\/#organization","name":"Centro di Documentazione e Studio del Pontificato di Giovanni Paolo II a Roma","url":"https:\/\/jp2doc.pl\/it\/","logo":{"@type":"ImageObject","inLanguage":"it-IT","@id":"https:\/\/jp2doc.pl\/it\/#\/schema\/logo\/image\/","url":"https:\/\/jp2doc.pl\/it\/wp-content\/uploads\/sites\/3\/2017\/03\/cropped-logo.png","contentUrl":"https:\/\/jp2doc.pl\/it\/wp-content\/uploads\/sites\/3\/2017\/03\/cropped-logo.png","width":115,"height":115,"caption":"Centro di Documentazione e Studio del Pontificato di Giovanni Paolo II a Roma"},"image":{"@id":"https:\/\/jp2doc.pl\/it\/#\/schema\/logo\/image\/"}},{"@type":"Person","@id":"https:\/\/jp2doc.pl\/it\/#\/schema\/person\/ecb3008f6674a8ed2f0cffc842168b87","name":"Anna Nogawczyk","image":{"@type":"ImageObject","inLanguage":"it-IT","@id":"https:\/\/jp2doc.pl\/it\/#\/schema\/person\/image\/","url":"https:\/\/secure.gravatar.com\/avatar\/7f49c0a3455a5f39b9815332b5595517d52774cc8803ff595476ca8543d405f2?s=96&d=mm&r=g","contentUrl":"https:\/\/secure.gravatar.com\/avatar\/7f49c0a3455a5f39b9815332b5595517d52774cc8803ff595476ca8543d405f2?s=96&d=mm&r=g","caption":"Anna Nogawczyk"},"url":"https:\/\/jp2doc.pl\/it\/author\/ania-nogawczyk\/"}]}},"_links":{"self":[{"href":"https:\/\/jp2doc.pl\/it\/wp-json\/wp\/v2\/posts\/907","targetHints":{"allow":["GET"]}}],"collection":[{"href":"https:\/\/jp2doc.pl\/it\/wp-json\/wp\/v2\/posts"}],"about":[{"href":"https:\/\/jp2doc.pl\/it\/wp-json\/wp\/v2\/types\/post"}],"author":[{"embeddable":true,"href":"https:\/\/jp2doc.pl\/it\/wp-json\/wp\/v2\/users\/3"}],"replies":[{"embeddable":true,"href":"https:\/\/jp2doc.pl\/it\/wp-json\/wp\/v2\/comments?post=907"}],"version-history":[{"count":1,"href":"https:\/\/jp2doc.pl\/it\/wp-json\/wp\/v2\/posts\/907\/revisions"}],"predecessor-version":[{"id":909,"href":"https:\/\/jp2doc.pl\/it\/wp-json\/wp\/v2\/posts\/907\/revisions\/909"}],"wp:attachment":[{"href":"https:\/\/jp2doc.pl\/it\/wp-json\/wp\/v2\/media?parent=907"}],"wp:term":[{"taxonomy":"category","embeddable":true,"href":"https:\/\/jp2doc.pl\/it\/wp-json\/wp\/v2\/categories?post=907"},{"taxonomy":"post_tag","embeddable":true,"href":"https:\/\/jp2doc.pl\/it\/wp-json\/wp\/v2\/tags?post=907"}],"curies":[{"name":"wp","href":"https:\/\/api.w.org\/{rel}","templated":true}]}}