{"id":919,"date":"2016-10-07T09:05:29","date_gmt":"2016-10-07T07:05:29","guid":{"rendered":"http:\/\/jp2doc.pl\/it\/?p=919"},"modified":"2017-04-02T09:06:45","modified_gmt":"2017-04-02T07:06:45","slug":"torno-indietro-lodando-dio","status":"publish","type":"post","link":"https:\/\/jp2doc.pl\/it\/2016\/10\/07\/torno-indietro-lodando-dio\/","title":{"rendered":"&#8220;&#8230;torn\u00f2 indietro lodando Dio&#8221;"},"content":{"rendered":"<p><i>Rif: 2Re 5,14-17; Sal 97\/98,1-4; 2Tim 2,8-13; Lc 17,11-19<\/p>\n<p><\/i><\/p>\n<p>\u201cFa che nessuno di noi ti cerchi solo per la salute del corpo\u201d.<i> <\/i>Le parole della Colletta seconda ci esortano a dare ali alla nostra preghiera che spesso si limita a chiedere cose di importanza relativa o dalla forte matrice egoistica. Pregare \u00e8 invece chiedere \u201caltro\u201d perch\u00e9 tutto \u00e8 possibile a Dio, \u00e8\u00a0 andare \u201coltre\u201d, spaziare al di l\u00e0 della dimensione fisica, osare l\u2019impossibile perch\u00e9 ogni cosa che viene da Dio \u00e8 infinitamente grande. Ed infine ringraziarlo perch\u00e9 tende l\u2019orecchio alle nostre richieste e sempre ci\u00f2 che ci dona \u00e8 per il nostro bene.<\/p>\n<p>Proprio a proposito del ringraziamento nella preghiera, le letture portano ad esempio due personaggi: il pagano N\u00e0aman, capo dell\u2019esercito di Aram e il Samaritano del Vangelo, anch\u2019egli ritenuto nemico e pagano. Entrambi chiedono la guarigione dalla lebbra ed, esauditi, entrambi sentono il bisogno di tornare indietro per lodare e ringraziare Dio. Essi ci mostrano come la preghiera sia innanzitutto un continuo cammino di \u201critorno\u201d a Dio per mettersi ai suoi piedi non solo per adorarlo, ma dirgli semplicemente: \u201cGrazie!\u201d. Grazie per ci\u00f2 che siamo, per la fede che ci \u00e8 donata, per la vita che viviamo, per ogni giorno in cui ci \u00e8 concesso di svegliarci, cantare, amare, soffrire e, ancor pi\u00f9, ci \u00e8 dato di credere!<\/p>\n<p><img loading=\"lazy\" decoding=\"async\" width=\"560\" height=\"374\" class=\"aligncenter size-full wp-image-920\" src=\"http:\/\/jp2doc.pl\/it\/wp-content\/uploads\/sites\/3\/2017\/04\/57f775253d18d10011884_833016793414758_9048600113360006652_o.jpg\" alt=\"\" \/><\/p>\n<p>Le letture ci esortano con forza a fare un salto di qualit\u00e0 nella fede, ad andare al di l\u00e0 della mera osservanza, della fredda obbedienza che diviene sterile quando \u00e8 fatta tanto per mettersi a posto con la coscienza o al riparo dal castigo. Dio vuole il nostro cuore, cerca la nostra gratitudine come segno di un\u2019anima che riconosce i tanti benefici ricevuti.<\/p>\n<p>Il ritorno di N\u00e0aman da Eliseo e del lebbroso da Cristo ci dicono che Dio, nonostante la sua grandezza vuole sempre instaurare un rapporto con l\u2019uomo e cos\u00ec, amoroso e pietoso, munifico ed onnipotente, Egli ci viene incontro ogni volta che lo invochiamo. Vorrebbe darci l\u2019infinito e noi ci fermiamo a chiedere a \u201cgran voce\u201d la salute, la protezione per i nostri cari, il lavoro per un figlio\u2026 e, una volta che la richiesta \u00e8 stata esaudita, ci sembra incredibile che Dio ci abbia ascoltato, tanto che sarebbe imbarazzante ringraziarlo\u2026 e non ci pensiamo pi\u00f9! Si perpetua cos\u00ec l\u2019atteggiamento dei lebbrosi che chiedono \u201cad alta voce\u201d la guarigione, ma una volta che l\u2019hanno ottenuta si affrettano ad espletare le relative pratiche religiose, dimentichi di ogni riconoscenza. La fede non \u00e8 uno scambio \u201cio prego, tu mi dai\u201d oppure \u201cio osservo i comandamenti e Tu non mi punisci\u201d, Ges\u00f9 va oltre, Egli parla di una gratitudine non fatta di parole, ma di un modo di vivere che riconosca in Dio il Padre, il Creatore e il Salvatore. E allora come Dio dobbiamo pregarlo, come Padre amarlo, ma come Colui che in Cristo ci salva, dobbiamo essergli infinitamente grati perch\u00e9 oltre a crearci e a volerci come figli, ci rende partecipi, in Cristo, della sua stessa vita divina, pronto ad offrirci una salvezza che \u00e8 a portata di mano sempre, anche quando siamo infedeli, poich\u00e9, paradossalmente, come scrive san Paolo, \u201clui rimane sempre fedele perch\u00e9 non pu\u00f2 rinnegare se stesso<i>\u201d<\/i> (II lett.).<\/p>\n","protected":false},"excerpt":{"rendered":"<p>Rif: 2Re 5,14-17; Sal 97\/98,1-4; 2Tim 2,8-13; Lc 17,11-19 \u201cFa che nessuno di noi ti cerchi solo per la salute del corpo\u201d. Le parole della Colletta seconda ci esortano a dare ali alla nostra preghiera che spesso si limita a chiedere cose di importanza relativa o dalla forte matrice egoistica. Pregare \u00e8 invece chiedere \u201caltro\u201d [&hellip;]<\/p>\n","protected":false},"author":3,"featured_media":0,"comment_status":"open","ping_status":"open","sticky":false,"template":"","format":"standard","meta":{"_acf_changed":false,"_exactmetrics_skip_tracking":false,"_exactmetrics_sitenote_active":false,"_exactmetrics_sitenote_note":"","_exactmetrics_sitenote_category":0,"footnotes":""},"categories":[4],"tags":[],"class_list":["post-919","post","type-post","status-publish","format-standard","hentry","category-blog"],"acf":[],"yoast_head":"<!-- This site is optimized with the Yoast SEO plugin v26.2 - https:\/\/yoast.com\/wordpress\/plugins\/seo\/ -->\n<title>&quot;...torn\u00f2 indietro lodando Dio&quot; - Centro di Documentazione e Studio del Pontificato di Giovanni Paolo II a Roma<\/title>\n<meta name=\"robots\" content=\"index, follow, max-snippet:-1, max-image-preview:large, max-video-preview:-1\" \/>\n<link rel=\"canonical\" href=\"https:\/\/jp2doc.pl\/it\/2016\/10\/07\/torno-indietro-lodando-dio\/\" \/>\n<meta property=\"og:locale\" content=\"it_IT\" \/>\n<meta property=\"og:type\" content=\"article\" \/>\n<meta property=\"og:title\" content=\"&quot;...torn\u00f2 indietro lodando Dio&quot; - Centro di Documentazione e Studio del Pontificato di Giovanni Paolo II a Roma\" \/>\n<meta property=\"og:description\" content=\"Rif: 2Re 5,14-17; Sal 97\/98,1-4; 2Tim 2,8-13; Lc 17,11-19 \u201cFa che nessuno di noi ti cerchi solo per la salute del corpo\u201d. Le parole della Colletta seconda ci esortano a dare ali alla nostra preghiera che spesso si limita a chiedere cose di importanza relativa o dalla forte matrice egoistica. Pregare \u00e8 invece chiedere \u201caltro\u201d [&hellip;]\" \/>\n<meta property=\"og:url\" content=\"https:\/\/jp2doc.pl\/it\/2016\/10\/07\/torno-indietro-lodando-dio\/\" \/>\n<meta property=\"og:site_name\" content=\"Centro di Documentazione e Studio del Pontificato di Giovanni Paolo II a Roma\" \/>\n<meta property=\"article:published_time\" content=\"2016-10-07T07:05:29+00:00\" \/>\n<meta property=\"article:modified_time\" content=\"2017-04-02T07:06:45+00:00\" \/>\n<meta property=\"og:image\" content=\"http:\/\/jp2doc.pl\/it\/wp-content\/uploads\/sites\/3\/2017\/04\/57f775253d18d10011884_833016793414758_9048600113360006652_o.jpg\" \/>\n<meta name=\"author\" content=\"Anna Nogawczyk\" \/>\n<meta name=\"twitter:card\" content=\"summary_large_image\" \/>\n<meta name=\"twitter:label1\" content=\"Scritto da\" \/>\n\t<meta name=\"twitter:data1\" content=\"Anna Nogawczyk\" \/>\n\t<meta name=\"twitter:label2\" content=\"Tempo di lettura stimato\" \/>\n\t<meta name=\"twitter:data2\" content=\"3 minuti\" \/>\n<script type=\"application\/ld+json\" class=\"yoast-schema-graph\">{\"@context\":\"https:\/\/schema.org\",\"@graph\":[{\"@type\":\"Article\",\"@id\":\"https:\/\/jp2doc.pl\/it\/2016\/10\/07\/torno-indietro-lodando-dio\/#article\",\"isPartOf\":{\"@id\":\"https:\/\/jp2doc.pl\/it\/2016\/10\/07\/torno-indietro-lodando-dio\/\"},\"author\":{\"name\":\"Anna Nogawczyk\",\"@id\":\"https:\/\/jp2doc.pl\/it\/#\/schema\/person\/ecb3008f6674a8ed2f0cffc842168b87\"},\"headline\":\"&#8220;&#8230;torn\u00f2 indietro lodando Dio&#8221;\",\"datePublished\":\"2016-10-07T07:05:29+00:00\",\"dateModified\":\"2017-04-02T07:06:45+00:00\",\"mainEntityOfPage\":{\"@id\":\"https:\/\/jp2doc.pl\/it\/2016\/10\/07\/torno-indietro-lodando-dio\/\"},\"wordCount\":536,\"commentCount\":0,\"publisher\":{\"@id\":\"https:\/\/jp2doc.pl\/it\/#organization\"},\"image\":{\"@id\":\"https:\/\/jp2doc.pl\/it\/2016\/10\/07\/torno-indietro-lodando-dio\/#primaryimage\"},\"thumbnailUrl\":\"http:\/\/jp2doc.pl\/it\/wp-content\/uploads\/sites\/3\/2017\/04\/57f775253d18d10011884_833016793414758_9048600113360006652_o.jpg\",\"articleSection\":[\"Blog\"],\"inLanguage\":\"it-IT\",\"potentialAction\":[{\"@type\":\"CommentAction\",\"name\":\"Comment\",\"target\":[\"https:\/\/jp2doc.pl\/it\/2016\/10\/07\/torno-indietro-lodando-dio\/#respond\"]}]},{\"@type\":\"WebPage\",\"@id\":\"https:\/\/jp2doc.pl\/it\/2016\/10\/07\/torno-indietro-lodando-dio\/\",\"url\":\"https:\/\/jp2doc.pl\/it\/2016\/10\/07\/torno-indietro-lodando-dio\/\",\"name\":\"\\\"...torn\u00f2 indietro lodando Dio\\\" - Centro di Documentazione e Studio del Pontificato di Giovanni Paolo II a Roma\",\"isPartOf\":{\"@id\":\"https:\/\/jp2doc.pl\/it\/#website\"},\"primaryImageOfPage\":{\"@id\":\"https:\/\/jp2doc.pl\/it\/2016\/10\/07\/torno-indietro-lodando-dio\/#primaryimage\"},\"image\":{\"@id\":\"https:\/\/jp2doc.pl\/it\/2016\/10\/07\/torno-indietro-lodando-dio\/#primaryimage\"},\"thumbnailUrl\":\"http:\/\/jp2doc.pl\/it\/wp-content\/uploads\/sites\/3\/2017\/04\/57f775253d18d10011884_833016793414758_9048600113360006652_o.jpg\",\"datePublished\":\"2016-10-07T07:05:29+00:00\",\"dateModified\":\"2017-04-02T07:06:45+00:00\",\"breadcrumb\":{\"@id\":\"https:\/\/jp2doc.pl\/it\/2016\/10\/07\/torno-indietro-lodando-dio\/#breadcrumb\"},\"inLanguage\":\"it-IT\",\"potentialAction\":[{\"@type\":\"ReadAction\",\"target\":[\"https:\/\/jp2doc.pl\/it\/2016\/10\/07\/torno-indietro-lodando-dio\/\"]}]},{\"@type\":\"ImageObject\",\"inLanguage\":\"it-IT\",\"@id\":\"https:\/\/jp2doc.pl\/it\/2016\/10\/07\/torno-indietro-lodando-dio\/#primaryimage\",\"url\":\"http:\/\/jp2doc.pl\/it\/wp-content\/uploads\/sites\/3\/2017\/04\/57f775253d18d10011884_833016793414758_9048600113360006652_o.jpg\",\"contentUrl\":\"http:\/\/jp2doc.pl\/it\/wp-content\/uploads\/sites\/3\/2017\/04\/57f775253d18d10011884_833016793414758_9048600113360006652_o.jpg\"},{\"@type\":\"BreadcrumbList\",\"@id\":\"https:\/\/jp2doc.pl\/it\/2016\/10\/07\/torno-indietro-lodando-dio\/#breadcrumb\",\"itemListElement\":[{\"@type\":\"ListItem\",\"position\":1,\"name\":\"Home\",\"item\":\"https:\/\/jp2doc.pl\/it\/\"},{\"@type\":\"ListItem\",\"position\":2,\"name\":\"&#8220;&#8230;torn\u00f2 indietro lodando Dio&#8221;\"}]},{\"@type\":\"WebSite\",\"@id\":\"https:\/\/jp2doc.pl\/it\/#website\",\"url\":\"https:\/\/jp2doc.pl\/it\/\",\"name\":\"Centro di Documentazione e Studio del Pontificato di Giovanni Paolo II a Roma\",\"description\":\"\",\"publisher\":{\"@id\":\"https:\/\/jp2doc.pl\/it\/#organization\"},\"potentialAction\":[{\"@type\":\"SearchAction\",\"target\":{\"@type\":\"EntryPoint\",\"urlTemplate\":\"https:\/\/jp2doc.pl\/it\/?s={search_term_string}\"},\"query-input\":{\"@type\":\"PropertyValueSpecification\",\"valueRequired\":true,\"valueName\":\"search_term_string\"}}],\"inLanguage\":\"it-IT\"},{\"@type\":\"Organization\",\"@id\":\"https:\/\/jp2doc.pl\/it\/#organization\",\"name\":\"Centro di Documentazione e Studio del Pontificato di Giovanni Paolo II a Roma\",\"url\":\"https:\/\/jp2doc.pl\/it\/\",\"logo\":{\"@type\":\"ImageObject\",\"inLanguage\":\"it-IT\",\"@id\":\"https:\/\/jp2doc.pl\/it\/#\/schema\/logo\/image\/\",\"url\":\"https:\/\/jp2doc.pl\/it\/wp-content\/uploads\/sites\/3\/2017\/03\/cropped-logo.png\",\"contentUrl\":\"https:\/\/jp2doc.pl\/it\/wp-content\/uploads\/sites\/3\/2017\/03\/cropped-logo.png\",\"width\":115,\"height\":115,\"caption\":\"Centro di Documentazione e Studio del Pontificato di Giovanni Paolo II a Roma\"},\"image\":{\"@id\":\"https:\/\/jp2doc.pl\/it\/#\/schema\/logo\/image\/\"}},{\"@type\":\"Person\",\"@id\":\"https:\/\/jp2doc.pl\/it\/#\/schema\/person\/ecb3008f6674a8ed2f0cffc842168b87\",\"name\":\"Anna Nogawczyk\",\"image\":{\"@type\":\"ImageObject\",\"inLanguage\":\"it-IT\",\"@id\":\"https:\/\/jp2doc.pl\/it\/#\/schema\/person\/image\/\",\"url\":\"https:\/\/secure.gravatar.com\/avatar\/7f49c0a3455a5f39b9815332b5595517d52774cc8803ff595476ca8543d405f2?s=96&d=mm&r=g\",\"contentUrl\":\"https:\/\/secure.gravatar.com\/avatar\/7f49c0a3455a5f39b9815332b5595517d52774cc8803ff595476ca8543d405f2?s=96&d=mm&r=g\",\"caption\":\"Anna Nogawczyk\"},\"url\":\"https:\/\/jp2doc.pl\/it\/author\/ania-nogawczyk\/\"}]}<\/script>\n<!-- \/ Yoast SEO plugin. -->","yoast_head_json":{"title":"\"...torn\u00f2 indietro lodando Dio\" - Centro di Documentazione e Studio del Pontificato di Giovanni Paolo II a Roma","robots":{"index":"index","follow":"follow","max-snippet":"max-snippet:-1","max-image-preview":"max-image-preview:large","max-video-preview":"max-video-preview:-1"},"canonical":"https:\/\/jp2doc.pl\/it\/2016\/10\/07\/torno-indietro-lodando-dio\/","og_locale":"it_IT","og_type":"article","og_title":"\"...torn\u00f2 indietro lodando Dio\" - Centro di Documentazione e Studio del Pontificato di Giovanni Paolo II a Roma","og_description":"Rif: 2Re 5,14-17; Sal 97\/98,1-4; 2Tim 2,8-13; Lc 17,11-19 \u201cFa che nessuno di noi ti cerchi solo per la salute del corpo\u201d. Le parole della Colletta seconda ci esortano a dare ali alla nostra preghiera che spesso si limita a chiedere cose di importanza relativa o dalla forte matrice egoistica. Pregare \u00e8 invece chiedere \u201caltro\u201d [&hellip;]","og_url":"https:\/\/jp2doc.pl\/it\/2016\/10\/07\/torno-indietro-lodando-dio\/","og_site_name":"Centro di Documentazione e Studio del Pontificato di Giovanni Paolo II a Roma","article_published_time":"2016-10-07T07:05:29+00:00","article_modified_time":"2017-04-02T07:06:45+00:00","og_image":[{"url":"http:\/\/jp2doc.pl\/it\/wp-content\/uploads\/sites\/3\/2017\/04\/57f775253d18d10011884_833016793414758_9048600113360006652_o.jpg","type":"","width":"","height":""}],"author":"Anna Nogawczyk","twitter_card":"summary_large_image","twitter_misc":{"Scritto da":"Anna Nogawczyk","Tempo di lettura stimato":"3 minuti"},"schema":{"@context":"https:\/\/schema.org","@graph":[{"@type":"Article","@id":"https:\/\/jp2doc.pl\/it\/2016\/10\/07\/torno-indietro-lodando-dio\/#article","isPartOf":{"@id":"https:\/\/jp2doc.pl\/it\/2016\/10\/07\/torno-indietro-lodando-dio\/"},"author":{"name":"Anna Nogawczyk","@id":"https:\/\/jp2doc.pl\/it\/#\/schema\/person\/ecb3008f6674a8ed2f0cffc842168b87"},"headline":"&#8220;&#8230;torn\u00f2 indietro lodando Dio&#8221;","datePublished":"2016-10-07T07:05:29+00:00","dateModified":"2017-04-02T07:06:45+00:00","mainEntityOfPage":{"@id":"https:\/\/jp2doc.pl\/it\/2016\/10\/07\/torno-indietro-lodando-dio\/"},"wordCount":536,"commentCount":0,"publisher":{"@id":"https:\/\/jp2doc.pl\/it\/#organization"},"image":{"@id":"https:\/\/jp2doc.pl\/it\/2016\/10\/07\/torno-indietro-lodando-dio\/#primaryimage"},"thumbnailUrl":"http:\/\/jp2doc.pl\/it\/wp-content\/uploads\/sites\/3\/2017\/04\/57f775253d18d10011884_833016793414758_9048600113360006652_o.jpg","articleSection":["Blog"],"inLanguage":"it-IT","potentialAction":[{"@type":"CommentAction","name":"Comment","target":["https:\/\/jp2doc.pl\/it\/2016\/10\/07\/torno-indietro-lodando-dio\/#respond"]}]},{"@type":"WebPage","@id":"https:\/\/jp2doc.pl\/it\/2016\/10\/07\/torno-indietro-lodando-dio\/","url":"https:\/\/jp2doc.pl\/it\/2016\/10\/07\/torno-indietro-lodando-dio\/","name":"\"...torn\u00f2 indietro lodando Dio\" - Centro di Documentazione e Studio del Pontificato di Giovanni Paolo II a Roma","isPartOf":{"@id":"https:\/\/jp2doc.pl\/it\/#website"},"primaryImageOfPage":{"@id":"https:\/\/jp2doc.pl\/it\/2016\/10\/07\/torno-indietro-lodando-dio\/#primaryimage"},"image":{"@id":"https:\/\/jp2doc.pl\/it\/2016\/10\/07\/torno-indietro-lodando-dio\/#primaryimage"},"thumbnailUrl":"http:\/\/jp2doc.pl\/it\/wp-content\/uploads\/sites\/3\/2017\/04\/57f775253d18d10011884_833016793414758_9048600113360006652_o.jpg","datePublished":"2016-10-07T07:05:29+00:00","dateModified":"2017-04-02T07:06:45+00:00","breadcrumb":{"@id":"https:\/\/jp2doc.pl\/it\/2016\/10\/07\/torno-indietro-lodando-dio\/#breadcrumb"},"inLanguage":"it-IT","potentialAction":[{"@type":"ReadAction","target":["https:\/\/jp2doc.pl\/it\/2016\/10\/07\/torno-indietro-lodando-dio\/"]}]},{"@type":"ImageObject","inLanguage":"it-IT","@id":"https:\/\/jp2doc.pl\/it\/2016\/10\/07\/torno-indietro-lodando-dio\/#primaryimage","url":"http:\/\/jp2doc.pl\/it\/wp-content\/uploads\/sites\/3\/2017\/04\/57f775253d18d10011884_833016793414758_9048600113360006652_o.jpg","contentUrl":"http:\/\/jp2doc.pl\/it\/wp-content\/uploads\/sites\/3\/2017\/04\/57f775253d18d10011884_833016793414758_9048600113360006652_o.jpg"},{"@type":"BreadcrumbList","@id":"https:\/\/jp2doc.pl\/it\/2016\/10\/07\/torno-indietro-lodando-dio\/#breadcrumb","itemListElement":[{"@type":"ListItem","position":1,"name":"Home","item":"https:\/\/jp2doc.pl\/it\/"},{"@type":"ListItem","position":2,"name":"&#8220;&#8230;torn\u00f2 indietro lodando Dio&#8221;"}]},{"@type":"WebSite","@id":"https:\/\/jp2doc.pl\/it\/#website","url":"https:\/\/jp2doc.pl\/it\/","name":"Centro di Documentazione e Studio del Pontificato di Giovanni Paolo II a Roma","description":"","publisher":{"@id":"https:\/\/jp2doc.pl\/it\/#organization"},"potentialAction":[{"@type":"SearchAction","target":{"@type":"EntryPoint","urlTemplate":"https:\/\/jp2doc.pl\/it\/?s={search_term_string}"},"query-input":{"@type":"PropertyValueSpecification","valueRequired":true,"valueName":"search_term_string"}}],"inLanguage":"it-IT"},{"@type":"Organization","@id":"https:\/\/jp2doc.pl\/it\/#organization","name":"Centro di Documentazione e Studio del Pontificato di Giovanni Paolo II a Roma","url":"https:\/\/jp2doc.pl\/it\/","logo":{"@type":"ImageObject","inLanguage":"it-IT","@id":"https:\/\/jp2doc.pl\/it\/#\/schema\/logo\/image\/","url":"https:\/\/jp2doc.pl\/it\/wp-content\/uploads\/sites\/3\/2017\/03\/cropped-logo.png","contentUrl":"https:\/\/jp2doc.pl\/it\/wp-content\/uploads\/sites\/3\/2017\/03\/cropped-logo.png","width":115,"height":115,"caption":"Centro di Documentazione e Studio del Pontificato di Giovanni Paolo II a Roma"},"image":{"@id":"https:\/\/jp2doc.pl\/it\/#\/schema\/logo\/image\/"}},{"@type":"Person","@id":"https:\/\/jp2doc.pl\/it\/#\/schema\/person\/ecb3008f6674a8ed2f0cffc842168b87","name":"Anna Nogawczyk","image":{"@type":"ImageObject","inLanguage":"it-IT","@id":"https:\/\/jp2doc.pl\/it\/#\/schema\/person\/image\/","url":"https:\/\/secure.gravatar.com\/avatar\/7f49c0a3455a5f39b9815332b5595517d52774cc8803ff595476ca8543d405f2?s=96&d=mm&r=g","contentUrl":"https:\/\/secure.gravatar.com\/avatar\/7f49c0a3455a5f39b9815332b5595517d52774cc8803ff595476ca8543d405f2?s=96&d=mm&r=g","caption":"Anna Nogawczyk"},"url":"https:\/\/jp2doc.pl\/it\/author\/ania-nogawczyk\/"}]}},"_links":{"self":[{"href":"https:\/\/jp2doc.pl\/it\/wp-json\/wp\/v2\/posts\/919","targetHints":{"allow":["GET"]}}],"collection":[{"href":"https:\/\/jp2doc.pl\/it\/wp-json\/wp\/v2\/posts"}],"about":[{"href":"https:\/\/jp2doc.pl\/it\/wp-json\/wp\/v2\/types\/post"}],"author":[{"embeddable":true,"href":"https:\/\/jp2doc.pl\/it\/wp-json\/wp\/v2\/users\/3"}],"replies":[{"embeddable":true,"href":"https:\/\/jp2doc.pl\/it\/wp-json\/wp\/v2\/comments?post=919"}],"version-history":[{"count":1,"href":"https:\/\/jp2doc.pl\/it\/wp-json\/wp\/v2\/posts\/919\/revisions"}],"predecessor-version":[{"id":921,"href":"https:\/\/jp2doc.pl\/it\/wp-json\/wp\/v2\/posts\/919\/revisions\/921"}],"wp:attachment":[{"href":"https:\/\/jp2doc.pl\/it\/wp-json\/wp\/v2\/media?parent=919"}],"wp:term":[{"taxonomy":"category","embeddable":true,"href":"https:\/\/jp2doc.pl\/it\/wp-json\/wp\/v2\/categories?post=919"},{"taxonomy":"post_tag","embeddable":true,"href":"https:\/\/jp2doc.pl\/it\/wp-json\/wp\/v2\/tags?post=919"}],"curies":[{"name":"wp","href":"https:\/\/api.w.org\/{rel}","templated":true}]}}