{"id":925,"date":"2016-09-24T09:08:03","date_gmt":"2016-09-24T07:08:03","guid":{"rendered":"http:\/\/jp2doc.pl\/it\/?p=925"},"modified":"2017-04-02T09:09:23","modified_gmt":"2017-04-02T07:09:23","slug":"fa-che-aderiamo-in-tempo-alla-tua-parola","status":"publish","type":"post","link":"https:\/\/jp2doc.pl\/it\/2016\/09\/24\/fa-che-aderiamo-in-tempo-alla-tua-parola\/","title":{"rendered":"&#8220;Fa che aderiamo in tempo alla tua Parola&#8221;"},"content":{"rendered":"<p><i>Rif.: Am 6,1.4-7; Sal 145; 1Tm 6,11-16; Lc 16,19-31<\/i><\/p>\n<p>La preghiera di Colletta II ci mette sull&#8217;avviso: l&#8217;uomo \u00e8 circoscritto in un tempo, quello della sua vita, durante il quale deve prendere decisioni, aderire alla fede, vivere secondo la Parola di Dio, dono questo che gli \u00e8 dato solo in questa vita per prepararsi all&#8217;eternit\u00e0. Tempo da investire fruttuosamente, per accumulare non danaro, ma opere di amore, questo il senso e l&#8217;invito dell&#8217;odierna Liturgia.<\/p>\n<p>Le letture mettono a confronto le eterne categorie di questo mondo: poveri e ricchi, l&#8217;indifferenza di questi e i bisogni dei primi. Dio non si scaglia contro la ricchezza, non \u00e8 contrario ad essa, se non in quanto chiude il cuore dell&#8217;uomo e lo rende insensibile ai bisogni dei fratelli. \u201cGuai agli spensierati di Sion\u201d tuona il profeta Amos (I lett) scagliandosi contro coloro che, circondati da un lusso sfrenato, vivono dimentichi degli altri e termina: \u201ccesser\u00e0 l&#8217;orgia dei dissoluti\u201d. Ora il termine dissoluto indica qualcosa che si \u00e8 disperso, dissolto, svanito&#8230; ed \u00e8 proprio questo il grande male della ricchezza. L&#8217;indifferenza, l&#8217;arroganza, l&#8217;egoismo che essa genera producono una \u201cdissoluzione\u201d, una dispersione della dignit\u00e0 insita in ogni uomo e che \u00e8 costituita dai valori quali il bene e l&#8217;amore. Il ricco non ha pi\u00f9 questo tipo di dignit\u00e0 e non la riconosce nemmeno al povero, altrimenti lo aiuterebbe.<\/p>\n<p><img loading=\"lazy\" decoding=\"async\" width=\"480\" height=\"360\" class=\"aligncenter size-full wp-image-926\" src=\"http:\/\/jp2doc.pl\/it\/wp-content\/uploads\/sites\/3\/2017\/04\/57e69054108e849ac8fbe006064443553e10a35439dc4.jpg\" alt=\"\" \/><br \/>\nE&#8217; questo il caso che ci presenta il Vangelo: un ricco ricoperto di vesti lussuose, siede ad una tavola lautamente imbandita, alla sua porta giace un povero piagato e affamato. Vivono cos\u00ec, divisi da una porta, per giunta aperta, cos\u00ec che il povero Lazzaro vede il cibo cadere dalla tavola del ricco e lo desidera, ma nessuno gliene da. I loro occhi non si incontrano mai perch\u00e9 il ricco tiene lo sguardo rivolto al cibo, intento solo a scegliere i bocconi migliori. Alla loro morte, mentre Lazzaro viene portato in cielo dagli angeli, il ricco \u201csar\u00e0 sepolto\u201d, annota il Vangelo, quasi a sottolineare che la troppa ricchezza finisce col seppellire l&#8217;uomo e fargli da tumulo.<\/p>\n<p>Peccato!&#8230; Il ricco ha sprecato l&#8217;unica, preziosa occasione della sua vita: il povero Lazzaro. Se solo lo avesse guardato, se si fosse lasciato impietosire dalla sua sofferenza, se gli avesse prestato attenzione&#8230;, se&#8230;, se&#8230;, ma il tempo \u00e8 passato e con esso le possibilit\u00e0 di arricchirsi spiritualmente agli occhi di Dio. Quella distanza fra il ricco e il povero, che su questa terra poteva essere annullata da un piccolo gesto di carit\u00e0, \u00e8 divenuta incolmabile, irreparabile&#8230; ora si, essi sono divisi per sempre. Ancora una volta, le cose terrene, destinate a finire con noi, mostrano la loro effimera realt\u00e0; ma, se esse sono senza valore, qual \u00e8 il bene che dura, quello che veramente ci arricchisce? Paradossalmente la strada della vera ed eterna ricchezza passa attraverso la povert\u00e0. Il ricco si sarebbe arricchito eternamente se avesse recato sollievo al corpo piagato di Lazzaro, se avesse saziato un po\u2019 della sua fame, se avesse diviso con lui le sue stoffe preziose e il suo comodo divano. Ed ora gli angeli accorrono dal povero Lazzaro come accorreranno intorno al Corpo piagato e offeso del Figlio di Dio ed in ogni povero della terra riconosceranno il frutto di un\u2019insanabile ingiustizia che penetra nel cuore del Padre e chiede riparazione.<\/p>\n<p>&nbsp;<\/p>\n","protected":false},"excerpt":{"rendered":"<p>Rif.: Am 6,1.4-7; Sal 145; 1Tm 6,11-16; Lc 16,19-31 La preghiera di Colletta II ci mette sull&#8217;avviso: l&#8217;uomo \u00e8 circoscritto in un tempo, quello della sua vita, durante il quale deve prendere decisioni, aderire alla fede, vivere secondo la Parola di Dio, dono questo che gli \u00e8 dato solo in questa vita per prepararsi all&#8217;eternit\u00e0. [&hellip;]<\/p>\n","protected":false},"author":3,"featured_media":0,"comment_status":"open","ping_status":"open","sticky":false,"template":"","format":"standard","meta":{"_acf_changed":false,"_exactmetrics_skip_tracking":false,"_exactmetrics_sitenote_active":false,"_exactmetrics_sitenote_note":"","_exactmetrics_sitenote_category":0,"footnotes":""},"categories":[4],"tags":[],"class_list":["post-925","post","type-post","status-publish","format-standard","hentry","category-blog"],"acf":[],"yoast_head":"<!-- This site is optimized with the Yoast SEO plugin v26.2 - https:\/\/yoast.com\/wordpress\/plugins\/seo\/ -->\n<title>&quot;Fa che aderiamo in tempo alla tua Parola&quot; - Centro di Documentazione e Studio del Pontificato di Giovanni Paolo II a Roma<\/title>\n<meta name=\"robots\" content=\"index, follow, max-snippet:-1, max-image-preview:large, max-video-preview:-1\" \/>\n<link rel=\"canonical\" href=\"https:\/\/jp2doc.pl\/it\/2016\/09\/24\/fa-che-aderiamo-in-tempo-alla-tua-parola\/\" \/>\n<meta property=\"og:locale\" content=\"it_IT\" \/>\n<meta property=\"og:type\" content=\"article\" \/>\n<meta property=\"og:title\" content=\"&quot;Fa che aderiamo in tempo alla tua Parola&quot; - Centro di Documentazione e Studio del Pontificato di Giovanni Paolo II a Roma\" \/>\n<meta property=\"og:description\" content=\"Rif.: Am 6,1.4-7; Sal 145; 1Tm 6,11-16; Lc 16,19-31 La preghiera di Colletta II ci mette sull&#8217;avviso: l&#8217;uomo \u00e8 circoscritto in un tempo, quello della sua vita, durante il quale deve prendere decisioni, aderire alla fede, vivere secondo la Parola di Dio, dono questo che gli \u00e8 dato solo in questa vita per prepararsi all&#8217;eternit\u00e0. [&hellip;]\" \/>\n<meta property=\"og:url\" content=\"https:\/\/jp2doc.pl\/it\/2016\/09\/24\/fa-che-aderiamo-in-tempo-alla-tua-parola\/\" \/>\n<meta property=\"og:site_name\" content=\"Centro di Documentazione e Studio del Pontificato di Giovanni Paolo II a Roma\" \/>\n<meta property=\"article:published_time\" content=\"2016-09-24T07:08:03+00:00\" \/>\n<meta property=\"article:modified_time\" content=\"2017-04-02T07:09:23+00:00\" \/>\n<meta property=\"og:image\" content=\"http:\/\/jp2doc.pl\/it\/wp-content\/uploads\/sites\/3\/2017\/04\/57e69054108e849ac8fbe006064443553e10a35439dc4.jpg\" \/>\n<meta name=\"author\" content=\"Anna Nogawczyk\" \/>\n<meta name=\"twitter:card\" content=\"summary_large_image\" \/>\n<meta name=\"twitter:label1\" content=\"Scritto da\" \/>\n\t<meta name=\"twitter:data1\" content=\"Anna Nogawczyk\" \/>\n\t<meta name=\"twitter:label2\" content=\"Tempo di lettura stimato\" \/>\n\t<meta name=\"twitter:data2\" content=\"3 minuti\" \/>\n<script type=\"application\/ld+json\" class=\"yoast-schema-graph\">{\"@context\":\"https:\/\/schema.org\",\"@graph\":[{\"@type\":\"Article\",\"@id\":\"https:\/\/jp2doc.pl\/it\/2016\/09\/24\/fa-che-aderiamo-in-tempo-alla-tua-parola\/#article\",\"isPartOf\":{\"@id\":\"https:\/\/jp2doc.pl\/it\/2016\/09\/24\/fa-che-aderiamo-in-tempo-alla-tua-parola\/\"},\"author\":{\"name\":\"Anna Nogawczyk\",\"@id\":\"https:\/\/jp2doc.pl\/it\/#\/schema\/person\/ecb3008f6674a8ed2f0cffc842168b87\"},\"headline\":\"&#8220;Fa che aderiamo in tempo alla tua Parola&#8221;\",\"datePublished\":\"2016-09-24T07:08:03+00:00\",\"dateModified\":\"2017-04-02T07:09:23+00:00\",\"mainEntityOfPage\":{\"@id\":\"https:\/\/jp2doc.pl\/it\/2016\/09\/24\/fa-che-aderiamo-in-tempo-alla-tua-parola\/\"},\"wordCount\":557,\"commentCount\":0,\"publisher\":{\"@id\":\"https:\/\/jp2doc.pl\/it\/#organization\"},\"image\":{\"@id\":\"https:\/\/jp2doc.pl\/it\/2016\/09\/24\/fa-che-aderiamo-in-tempo-alla-tua-parola\/#primaryimage\"},\"thumbnailUrl\":\"http:\/\/jp2doc.pl\/it\/wp-content\/uploads\/sites\/3\/2017\/04\/57e69054108e849ac8fbe006064443553e10a35439dc4.jpg\",\"articleSection\":[\"Blog\"],\"inLanguage\":\"it-IT\",\"potentialAction\":[{\"@type\":\"CommentAction\",\"name\":\"Comment\",\"target\":[\"https:\/\/jp2doc.pl\/it\/2016\/09\/24\/fa-che-aderiamo-in-tempo-alla-tua-parola\/#respond\"]}]},{\"@type\":\"WebPage\",\"@id\":\"https:\/\/jp2doc.pl\/it\/2016\/09\/24\/fa-che-aderiamo-in-tempo-alla-tua-parola\/\",\"url\":\"https:\/\/jp2doc.pl\/it\/2016\/09\/24\/fa-che-aderiamo-in-tempo-alla-tua-parola\/\",\"name\":\"\\\"Fa che aderiamo in tempo alla tua Parola\\\" - Centro di Documentazione e Studio del Pontificato di Giovanni Paolo II a Roma\",\"isPartOf\":{\"@id\":\"https:\/\/jp2doc.pl\/it\/#website\"},\"primaryImageOfPage\":{\"@id\":\"https:\/\/jp2doc.pl\/it\/2016\/09\/24\/fa-che-aderiamo-in-tempo-alla-tua-parola\/#primaryimage\"},\"image\":{\"@id\":\"https:\/\/jp2doc.pl\/it\/2016\/09\/24\/fa-che-aderiamo-in-tempo-alla-tua-parola\/#primaryimage\"},\"thumbnailUrl\":\"http:\/\/jp2doc.pl\/it\/wp-content\/uploads\/sites\/3\/2017\/04\/57e69054108e849ac8fbe006064443553e10a35439dc4.jpg\",\"datePublished\":\"2016-09-24T07:08:03+00:00\",\"dateModified\":\"2017-04-02T07:09:23+00:00\",\"breadcrumb\":{\"@id\":\"https:\/\/jp2doc.pl\/it\/2016\/09\/24\/fa-che-aderiamo-in-tempo-alla-tua-parola\/#breadcrumb\"},\"inLanguage\":\"it-IT\",\"potentialAction\":[{\"@type\":\"ReadAction\",\"target\":[\"https:\/\/jp2doc.pl\/it\/2016\/09\/24\/fa-che-aderiamo-in-tempo-alla-tua-parola\/\"]}]},{\"@type\":\"ImageObject\",\"inLanguage\":\"it-IT\",\"@id\":\"https:\/\/jp2doc.pl\/it\/2016\/09\/24\/fa-che-aderiamo-in-tempo-alla-tua-parola\/#primaryimage\",\"url\":\"http:\/\/jp2doc.pl\/it\/wp-content\/uploads\/sites\/3\/2017\/04\/57e69054108e849ac8fbe006064443553e10a35439dc4.jpg\",\"contentUrl\":\"http:\/\/jp2doc.pl\/it\/wp-content\/uploads\/sites\/3\/2017\/04\/57e69054108e849ac8fbe006064443553e10a35439dc4.jpg\"},{\"@type\":\"BreadcrumbList\",\"@id\":\"https:\/\/jp2doc.pl\/it\/2016\/09\/24\/fa-che-aderiamo-in-tempo-alla-tua-parola\/#breadcrumb\",\"itemListElement\":[{\"@type\":\"ListItem\",\"position\":1,\"name\":\"Home\",\"item\":\"https:\/\/jp2doc.pl\/it\/\"},{\"@type\":\"ListItem\",\"position\":2,\"name\":\"&#8220;Fa che aderiamo in tempo alla tua Parola&#8221;\"}]},{\"@type\":\"WebSite\",\"@id\":\"https:\/\/jp2doc.pl\/it\/#website\",\"url\":\"https:\/\/jp2doc.pl\/it\/\",\"name\":\"Centro di Documentazione e Studio del Pontificato di Giovanni Paolo II a Roma\",\"description\":\"\",\"publisher\":{\"@id\":\"https:\/\/jp2doc.pl\/it\/#organization\"},\"potentialAction\":[{\"@type\":\"SearchAction\",\"target\":{\"@type\":\"EntryPoint\",\"urlTemplate\":\"https:\/\/jp2doc.pl\/it\/?s={search_term_string}\"},\"query-input\":{\"@type\":\"PropertyValueSpecification\",\"valueRequired\":true,\"valueName\":\"search_term_string\"}}],\"inLanguage\":\"it-IT\"},{\"@type\":\"Organization\",\"@id\":\"https:\/\/jp2doc.pl\/it\/#organization\",\"name\":\"Centro di Documentazione e Studio del Pontificato di Giovanni Paolo II a Roma\",\"url\":\"https:\/\/jp2doc.pl\/it\/\",\"logo\":{\"@type\":\"ImageObject\",\"inLanguage\":\"it-IT\",\"@id\":\"https:\/\/jp2doc.pl\/it\/#\/schema\/logo\/image\/\",\"url\":\"https:\/\/jp2doc.pl\/it\/wp-content\/uploads\/sites\/3\/2017\/03\/cropped-logo.png\",\"contentUrl\":\"https:\/\/jp2doc.pl\/it\/wp-content\/uploads\/sites\/3\/2017\/03\/cropped-logo.png\",\"width\":115,\"height\":115,\"caption\":\"Centro di Documentazione e Studio del Pontificato di Giovanni Paolo II a Roma\"},\"image\":{\"@id\":\"https:\/\/jp2doc.pl\/it\/#\/schema\/logo\/image\/\"}},{\"@type\":\"Person\",\"@id\":\"https:\/\/jp2doc.pl\/it\/#\/schema\/person\/ecb3008f6674a8ed2f0cffc842168b87\",\"name\":\"Anna Nogawczyk\",\"image\":{\"@type\":\"ImageObject\",\"inLanguage\":\"it-IT\",\"@id\":\"https:\/\/jp2doc.pl\/it\/#\/schema\/person\/image\/\",\"url\":\"https:\/\/secure.gravatar.com\/avatar\/7f49c0a3455a5f39b9815332b5595517d52774cc8803ff595476ca8543d405f2?s=96&d=mm&r=g\",\"contentUrl\":\"https:\/\/secure.gravatar.com\/avatar\/7f49c0a3455a5f39b9815332b5595517d52774cc8803ff595476ca8543d405f2?s=96&d=mm&r=g\",\"caption\":\"Anna Nogawczyk\"},\"url\":\"https:\/\/jp2doc.pl\/it\/author\/ania-nogawczyk\/\"}]}<\/script>\n<!-- \/ Yoast SEO plugin. -->","yoast_head_json":{"title":"\"Fa che aderiamo in tempo alla tua Parola\" - Centro di Documentazione e Studio del Pontificato di Giovanni Paolo II a Roma","robots":{"index":"index","follow":"follow","max-snippet":"max-snippet:-1","max-image-preview":"max-image-preview:large","max-video-preview":"max-video-preview:-1"},"canonical":"https:\/\/jp2doc.pl\/it\/2016\/09\/24\/fa-che-aderiamo-in-tempo-alla-tua-parola\/","og_locale":"it_IT","og_type":"article","og_title":"\"Fa che aderiamo in tempo alla tua Parola\" - Centro di Documentazione e Studio del Pontificato di Giovanni Paolo II a Roma","og_description":"Rif.: Am 6,1.4-7; Sal 145; 1Tm 6,11-16; Lc 16,19-31 La preghiera di Colletta II ci mette sull&#8217;avviso: l&#8217;uomo \u00e8 circoscritto in un tempo, quello della sua vita, durante il quale deve prendere decisioni, aderire alla fede, vivere secondo la Parola di Dio, dono questo che gli \u00e8 dato solo in questa vita per prepararsi all&#8217;eternit\u00e0. [&hellip;]","og_url":"https:\/\/jp2doc.pl\/it\/2016\/09\/24\/fa-che-aderiamo-in-tempo-alla-tua-parola\/","og_site_name":"Centro di Documentazione e Studio del Pontificato di Giovanni Paolo II a Roma","article_published_time":"2016-09-24T07:08:03+00:00","article_modified_time":"2017-04-02T07:09:23+00:00","og_image":[{"url":"http:\/\/jp2doc.pl\/it\/wp-content\/uploads\/sites\/3\/2017\/04\/57e69054108e849ac8fbe006064443553e10a35439dc4.jpg","type":"","width":"","height":""}],"author":"Anna Nogawczyk","twitter_card":"summary_large_image","twitter_misc":{"Scritto da":"Anna Nogawczyk","Tempo di lettura stimato":"3 minuti"},"schema":{"@context":"https:\/\/schema.org","@graph":[{"@type":"Article","@id":"https:\/\/jp2doc.pl\/it\/2016\/09\/24\/fa-che-aderiamo-in-tempo-alla-tua-parola\/#article","isPartOf":{"@id":"https:\/\/jp2doc.pl\/it\/2016\/09\/24\/fa-che-aderiamo-in-tempo-alla-tua-parola\/"},"author":{"name":"Anna Nogawczyk","@id":"https:\/\/jp2doc.pl\/it\/#\/schema\/person\/ecb3008f6674a8ed2f0cffc842168b87"},"headline":"&#8220;Fa che aderiamo in tempo alla tua Parola&#8221;","datePublished":"2016-09-24T07:08:03+00:00","dateModified":"2017-04-02T07:09:23+00:00","mainEntityOfPage":{"@id":"https:\/\/jp2doc.pl\/it\/2016\/09\/24\/fa-che-aderiamo-in-tempo-alla-tua-parola\/"},"wordCount":557,"commentCount":0,"publisher":{"@id":"https:\/\/jp2doc.pl\/it\/#organization"},"image":{"@id":"https:\/\/jp2doc.pl\/it\/2016\/09\/24\/fa-che-aderiamo-in-tempo-alla-tua-parola\/#primaryimage"},"thumbnailUrl":"http:\/\/jp2doc.pl\/it\/wp-content\/uploads\/sites\/3\/2017\/04\/57e69054108e849ac8fbe006064443553e10a35439dc4.jpg","articleSection":["Blog"],"inLanguage":"it-IT","potentialAction":[{"@type":"CommentAction","name":"Comment","target":["https:\/\/jp2doc.pl\/it\/2016\/09\/24\/fa-che-aderiamo-in-tempo-alla-tua-parola\/#respond"]}]},{"@type":"WebPage","@id":"https:\/\/jp2doc.pl\/it\/2016\/09\/24\/fa-che-aderiamo-in-tempo-alla-tua-parola\/","url":"https:\/\/jp2doc.pl\/it\/2016\/09\/24\/fa-che-aderiamo-in-tempo-alla-tua-parola\/","name":"\"Fa che aderiamo in tempo alla tua Parola\" - Centro di Documentazione e Studio del Pontificato di Giovanni Paolo II a Roma","isPartOf":{"@id":"https:\/\/jp2doc.pl\/it\/#website"},"primaryImageOfPage":{"@id":"https:\/\/jp2doc.pl\/it\/2016\/09\/24\/fa-che-aderiamo-in-tempo-alla-tua-parola\/#primaryimage"},"image":{"@id":"https:\/\/jp2doc.pl\/it\/2016\/09\/24\/fa-che-aderiamo-in-tempo-alla-tua-parola\/#primaryimage"},"thumbnailUrl":"http:\/\/jp2doc.pl\/it\/wp-content\/uploads\/sites\/3\/2017\/04\/57e69054108e849ac8fbe006064443553e10a35439dc4.jpg","datePublished":"2016-09-24T07:08:03+00:00","dateModified":"2017-04-02T07:09:23+00:00","breadcrumb":{"@id":"https:\/\/jp2doc.pl\/it\/2016\/09\/24\/fa-che-aderiamo-in-tempo-alla-tua-parola\/#breadcrumb"},"inLanguage":"it-IT","potentialAction":[{"@type":"ReadAction","target":["https:\/\/jp2doc.pl\/it\/2016\/09\/24\/fa-che-aderiamo-in-tempo-alla-tua-parola\/"]}]},{"@type":"ImageObject","inLanguage":"it-IT","@id":"https:\/\/jp2doc.pl\/it\/2016\/09\/24\/fa-che-aderiamo-in-tempo-alla-tua-parola\/#primaryimage","url":"http:\/\/jp2doc.pl\/it\/wp-content\/uploads\/sites\/3\/2017\/04\/57e69054108e849ac8fbe006064443553e10a35439dc4.jpg","contentUrl":"http:\/\/jp2doc.pl\/it\/wp-content\/uploads\/sites\/3\/2017\/04\/57e69054108e849ac8fbe006064443553e10a35439dc4.jpg"},{"@type":"BreadcrumbList","@id":"https:\/\/jp2doc.pl\/it\/2016\/09\/24\/fa-che-aderiamo-in-tempo-alla-tua-parola\/#breadcrumb","itemListElement":[{"@type":"ListItem","position":1,"name":"Home","item":"https:\/\/jp2doc.pl\/it\/"},{"@type":"ListItem","position":2,"name":"&#8220;Fa che aderiamo in tempo alla tua Parola&#8221;"}]},{"@type":"WebSite","@id":"https:\/\/jp2doc.pl\/it\/#website","url":"https:\/\/jp2doc.pl\/it\/","name":"Centro di Documentazione e Studio del Pontificato di Giovanni Paolo II a Roma","description":"","publisher":{"@id":"https:\/\/jp2doc.pl\/it\/#organization"},"potentialAction":[{"@type":"SearchAction","target":{"@type":"EntryPoint","urlTemplate":"https:\/\/jp2doc.pl\/it\/?s={search_term_string}"},"query-input":{"@type":"PropertyValueSpecification","valueRequired":true,"valueName":"search_term_string"}}],"inLanguage":"it-IT"},{"@type":"Organization","@id":"https:\/\/jp2doc.pl\/it\/#organization","name":"Centro di Documentazione e Studio del Pontificato di Giovanni Paolo II a Roma","url":"https:\/\/jp2doc.pl\/it\/","logo":{"@type":"ImageObject","inLanguage":"it-IT","@id":"https:\/\/jp2doc.pl\/it\/#\/schema\/logo\/image\/","url":"https:\/\/jp2doc.pl\/it\/wp-content\/uploads\/sites\/3\/2017\/03\/cropped-logo.png","contentUrl":"https:\/\/jp2doc.pl\/it\/wp-content\/uploads\/sites\/3\/2017\/03\/cropped-logo.png","width":115,"height":115,"caption":"Centro di Documentazione e Studio del Pontificato di Giovanni Paolo II a Roma"},"image":{"@id":"https:\/\/jp2doc.pl\/it\/#\/schema\/logo\/image\/"}},{"@type":"Person","@id":"https:\/\/jp2doc.pl\/it\/#\/schema\/person\/ecb3008f6674a8ed2f0cffc842168b87","name":"Anna Nogawczyk","image":{"@type":"ImageObject","inLanguage":"it-IT","@id":"https:\/\/jp2doc.pl\/it\/#\/schema\/person\/image\/","url":"https:\/\/secure.gravatar.com\/avatar\/7f49c0a3455a5f39b9815332b5595517d52774cc8803ff595476ca8543d405f2?s=96&d=mm&r=g","contentUrl":"https:\/\/secure.gravatar.com\/avatar\/7f49c0a3455a5f39b9815332b5595517d52774cc8803ff595476ca8543d405f2?s=96&d=mm&r=g","caption":"Anna Nogawczyk"},"url":"https:\/\/jp2doc.pl\/it\/author\/ania-nogawczyk\/"}]}},"_links":{"self":[{"href":"https:\/\/jp2doc.pl\/it\/wp-json\/wp\/v2\/posts\/925","targetHints":{"allow":["GET"]}}],"collection":[{"href":"https:\/\/jp2doc.pl\/it\/wp-json\/wp\/v2\/posts"}],"about":[{"href":"https:\/\/jp2doc.pl\/it\/wp-json\/wp\/v2\/types\/post"}],"author":[{"embeddable":true,"href":"https:\/\/jp2doc.pl\/it\/wp-json\/wp\/v2\/users\/3"}],"replies":[{"embeddable":true,"href":"https:\/\/jp2doc.pl\/it\/wp-json\/wp\/v2\/comments?post=925"}],"version-history":[{"count":1,"href":"https:\/\/jp2doc.pl\/it\/wp-json\/wp\/v2\/posts\/925\/revisions"}],"predecessor-version":[{"id":927,"href":"https:\/\/jp2doc.pl\/it\/wp-json\/wp\/v2\/posts\/925\/revisions\/927"}],"wp:attachment":[{"href":"https:\/\/jp2doc.pl\/it\/wp-json\/wp\/v2\/media?parent=925"}],"wp:term":[{"taxonomy":"category","embeddable":true,"href":"https:\/\/jp2doc.pl\/it\/wp-json\/wp\/v2\/categories?post=925"},{"taxonomy":"post_tag","embeddable":true,"href":"https:\/\/jp2doc.pl\/it\/wp-json\/wp\/v2\/tags?post=925"}],"curies":[{"name":"wp","href":"https:\/\/api.w.org\/{rel}","templated":true}]}}