{"id":934,"date":"2016-09-03T09:12:00","date_gmt":"2016-09-03T07:12:00","guid":{"rendered":"http:\/\/jp2doc.pl\/it\/?p=934"},"modified":"2017-04-02T09:12:52","modified_gmt":"2017-04-02T07:12:52","slug":"se-sei-mio-amico-accoglilo-come-me-stesso","status":"publish","type":"post","link":"https:\/\/jp2doc.pl\/it\/2016\/09\/03\/se-sei-mio-amico-accoglilo-come-me-stesso\/","title":{"rendered":"&#8220;Se sei mio amico, accoglilo come me stesso&#8221;"},"content":{"rendered":"<p><i>Rif.: Sap 9,13-18; Sal 89\/90,3-6.12-14.17; Fil 9b-10.12-17; Lc 14,25-33<\/i><\/p>\n<p>\u201cChi pu\u00f2 immaginare che cosa vuole il Signore?\u201d, si apre con questo interrogativo una delle pi\u00f9 significative pagine della Scrittura che ci immergono nel misterioso rapporto tra Dio e l\u2019uomo. E\u2019 vero noi non possiamo dire di conoscere i pensieri di Dio eppure parliamo, agiamo come se potessimo dirigere la divina volont\u00e0 o piegarla a nostro piacimento, ma prima o poi incontriamo la Croce di Cristo o ci scontriamo con la nostra piccola croce e allora diventa nostro il drammatico interrogativo della Sapienza: \u201cQuale uomo pu\u00f2 conoscere il volere di Dio?\u201d. Chi \u00e8 questo Dio che ogni cosa spiega attraverso la Croce del Figlio e le nostre piccole croci quotidiane? I suoi pensieri e le sue motivazioni ci sfuggono, la nostra dimensione \u00e8 talmente limitata che mai riusciremmo a comprendere se non venisse in nostro aiuto lo Spirito Santo che ci istruisce, ammonisce, guida, esorta (I lett.).<br \/>\nCos\u00ec senza una risposta, ma con piena fiducia, il credente si lascia guidare da quella Parola che \u00e8 Dono ineffabile per mezzo del quale Dio si china su di noi per rivelarci la sua volont\u00e0 e spingerci ad agire in modo inaspettato ai nostri stessi occhi. E\u2019 il caso di Filemone &#8211; padrone di On\u00e8simo, schiavo ladro ed infedele \u2013 che \u00e8 esortato da Paolo, in nome di Cristo, ad accogliere lo schiavo ribelle non come un servo, ma come fratello carissimo. Una richiesta che sconvolge non solo il costume dell\u2019epoca, ma anche la giustizia umana: il colpevole non solo non sar\u00e0 punito, ma riacquister\u00e0 la libert\u00e0, la dignit\u00e0 e un impensabile rapporto di fratellanza con il suo padrone. Anche in questo caso non c\u2019\u00e8 altra spiegazione, n\u00e9 potremmo comprendere la richiesta di Paolo se non guardando a quella Croce che ci ha reso fratelli, che ci pone agli occhi di Dio su un piano di uguaglianza non solo fra noi, ma con il suo stesso Figlio, ciascuno abbracciato alla propria croce, ciascuno disposto a compiere la Sua volont\u00e0 che \u00e8 al disopra di ogni nostro pensiero.Il caso di Filemone ci aiuta a comprendere meglio cos\u2019\u00e8 la croce agli Dio, non mera sofferenza fisica, non punizione, ma silenziosa e amorosa accettazione del pensiero di Dio. Infatti a Filemone non \u00e8 richiesta la sofferenza fisica, ma l\u2019accoglienza dello schiavo come il ritorno gioioso di un fratello perduto ed ora ritrovato. In questo modo egli dovr\u00e0 rinunciare ai propri diritti, al proprio modo di pensare, all\u2019appartenenza sociale, per rendersi disponibile al comandamento di Cristo: \u201camatevi gli uni gli altri come io ho amato voi\u201d.<\/p>\n<p><img loading=\"lazy\" decoding=\"async\" width=\"560\" height=\"373\" class=\"aligncenter size-full wp-image-935\" src=\"http:\/\/jp2doc.pl\/it\/wp-content\/uploads\/sites\/3\/2017\/04\/57cab335783d613923606_10154371766169547_7188288624224959705_o.jpg\" alt=\"\" \/><\/p>\n<p>Il Vangelo allora si offre a noi in una nuova visione, quando Ges\u00f9 parla dell\u2019uomo che prima di compiere un\u2019impresa si ferma a riflettere sui mezzi che ha disposizione, non si riferisce alla disponibilit\u00e0 finanziaria, ma alla capacit\u00e0 di rinunciare a se stessi. La forza dell\u2019uomo non si misura in rapporto alla potenza dei suoi mezzi fisici o monetari, ma in base alla disponibilit\u00e0 di lasciarsi guidare da Dio. Fermarsi a riflettere vuol dire anche pregare per ottenere la forza di \u201cdare un taglio\u201d a ci\u00f2 che ci tiene legati, affinch\u00e9, come dice il Vangelo, \u201cuna volta gettate le fondamenta\u201d siamo capaci di completare l\u2019opera che Dio vuole da noi.<\/p>\n","protected":false},"excerpt":{"rendered":"<p>Rif.: Sap 9,13-18; Sal 89\/90,3-6.12-14.17; Fil 9b-10.12-17; Lc 14,25-33 \u201cChi pu\u00f2 immaginare che cosa vuole il Signore?\u201d, si apre con questo interrogativo una delle pi\u00f9 significative pagine della Scrittura che ci immergono nel misterioso rapporto tra Dio e l\u2019uomo. E\u2019 vero noi non possiamo dire di conoscere i pensieri di Dio eppure parliamo, agiamo come [&hellip;]<\/p>\n","protected":false},"author":3,"featured_media":0,"comment_status":"open","ping_status":"open","sticky":false,"template":"","format":"standard","meta":{"_acf_changed":false,"_exactmetrics_skip_tracking":false,"_exactmetrics_sitenote_active":false,"_exactmetrics_sitenote_note":"","_exactmetrics_sitenote_category":0,"footnotes":""},"categories":[4],"tags":[],"class_list":["post-934","post","type-post","status-publish","format-standard","hentry","category-blog"],"acf":[],"yoast_head":"<!-- This site is optimized with the Yoast SEO plugin v26.2 - https:\/\/yoast.com\/wordpress\/plugins\/seo\/ -->\n<title>&quot;Se sei mio amico, accoglilo come me stesso&quot; - Centro di Documentazione e Studio del Pontificato di Giovanni Paolo II a Roma<\/title>\n<meta name=\"robots\" content=\"index, follow, max-snippet:-1, max-image-preview:large, max-video-preview:-1\" \/>\n<link rel=\"canonical\" href=\"https:\/\/jp2doc.pl\/it\/2016\/09\/03\/se-sei-mio-amico-accoglilo-come-me-stesso\/\" \/>\n<meta property=\"og:locale\" content=\"it_IT\" \/>\n<meta property=\"og:type\" content=\"article\" \/>\n<meta property=\"og:title\" content=\"&quot;Se sei mio amico, accoglilo come me stesso&quot; - Centro di Documentazione e Studio del Pontificato di Giovanni Paolo II a Roma\" \/>\n<meta property=\"og:description\" content=\"Rif.: Sap 9,13-18; Sal 89\/90,3-6.12-14.17; Fil 9b-10.12-17; Lc 14,25-33 \u201cChi pu\u00f2 immaginare che cosa vuole il Signore?\u201d, si apre con questo interrogativo una delle pi\u00f9 significative pagine della Scrittura che ci immergono nel misterioso rapporto tra Dio e l\u2019uomo. E\u2019 vero noi non possiamo dire di conoscere i pensieri di Dio eppure parliamo, agiamo come [&hellip;]\" \/>\n<meta property=\"og:url\" content=\"https:\/\/jp2doc.pl\/it\/2016\/09\/03\/se-sei-mio-amico-accoglilo-come-me-stesso\/\" \/>\n<meta property=\"og:site_name\" content=\"Centro di Documentazione e Studio del Pontificato di Giovanni Paolo II a Roma\" \/>\n<meta property=\"article:published_time\" content=\"2016-09-03T07:12:00+00:00\" \/>\n<meta property=\"article:modified_time\" content=\"2017-04-02T07:12:52+00:00\" \/>\n<meta property=\"og:image\" content=\"http:\/\/jp2doc.pl\/it\/wp-content\/uploads\/sites\/3\/2017\/04\/57cab335783d613923606_10154371766169547_7188288624224959705_o.jpg\" \/>\n<meta name=\"author\" content=\"Anna Nogawczyk\" \/>\n<meta name=\"twitter:card\" content=\"summary_large_image\" \/>\n<meta name=\"twitter:label1\" content=\"Scritto da\" \/>\n\t<meta name=\"twitter:data1\" content=\"Anna Nogawczyk\" \/>\n\t<meta name=\"twitter:label2\" content=\"Tempo di lettura stimato\" \/>\n\t<meta name=\"twitter:data2\" content=\"3 minuti\" \/>\n<script type=\"application\/ld+json\" class=\"yoast-schema-graph\">{\"@context\":\"https:\/\/schema.org\",\"@graph\":[{\"@type\":\"Article\",\"@id\":\"https:\/\/jp2doc.pl\/it\/2016\/09\/03\/se-sei-mio-amico-accoglilo-come-me-stesso\/#article\",\"isPartOf\":{\"@id\":\"https:\/\/jp2doc.pl\/it\/2016\/09\/03\/se-sei-mio-amico-accoglilo-come-me-stesso\/\"},\"author\":{\"name\":\"Anna Nogawczyk\",\"@id\":\"https:\/\/jp2doc.pl\/it\/#\/schema\/person\/ecb3008f6674a8ed2f0cffc842168b87\"},\"headline\":\"&#8220;Se sei mio amico, accoglilo come me stesso&#8221;\",\"datePublished\":\"2016-09-03T07:12:00+00:00\",\"dateModified\":\"2017-04-02T07:12:52+00:00\",\"mainEntityOfPage\":{\"@id\":\"https:\/\/jp2doc.pl\/it\/2016\/09\/03\/se-sei-mio-amico-accoglilo-come-me-stesso\/\"},\"wordCount\":551,\"commentCount\":0,\"publisher\":{\"@id\":\"https:\/\/jp2doc.pl\/it\/#organization\"},\"image\":{\"@id\":\"https:\/\/jp2doc.pl\/it\/2016\/09\/03\/se-sei-mio-amico-accoglilo-come-me-stesso\/#primaryimage\"},\"thumbnailUrl\":\"http:\/\/jp2doc.pl\/it\/wp-content\/uploads\/sites\/3\/2017\/04\/57cab335783d613923606_10154371766169547_7188288624224959705_o.jpg\",\"articleSection\":[\"Blog\"],\"inLanguage\":\"it-IT\",\"potentialAction\":[{\"@type\":\"CommentAction\",\"name\":\"Comment\",\"target\":[\"https:\/\/jp2doc.pl\/it\/2016\/09\/03\/se-sei-mio-amico-accoglilo-come-me-stesso\/#respond\"]}]},{\"@type\":\"WebPage\",\"@id\":\"https:\/\/jp2doc.pl\/it\/2016\/09\/03\/se-sei-mio-amico-accoglilo-come-me-stesso\/\",\"url\":\"https:\/\/jp2doc.pl\/it\/2016\/09\/03\/se-sei-mio-amico-accoglilo-come-me-stesso\/\",\"name\":\"\\\"Se sei mio amico, accoglilo come me stesso\\\" - Centro di Documentazione e Studio del Pontificato di Giovanni Paolo II a Roma\",\"isPartOf\":{\"@id\":\"https:\/\/jp2doc.pl\/it\/#website\"},\"primaryImageOfPage\":{\"@id\":\"https:\/\/jp2doc.pl\/it\/2016\/09\/03\/se-sei-mio-amico-accoglilo-come-me-stesso\/#primaryimage\"},\"image\":{\"@id\":\"https:\/\/jp2doc.pl\/it\/2016\/09\/03\/se-sei-mio-amico-accoglilo-come-me-stesso\/#primaryimage\"},\"thumbnailUrl\":\"http:\/\/jp2doc.pl\/it\/wp-content\/uploads\/sites\/3\/2017\/04\/57cab335783d613923606_10154371766169547_7188288624224959705_o.jpg\",\"datePublished\":\"2016-09-03T07:12:00+00:00\",\"dateModified\":\"2017-04-02T07:12:52+00:00\",\"breadcrumb\":{\"@id\":\"https:\/\/jp2doc.pl\/it\/2016\/09\/03\/se-sei-mio-amico-accoglilo-come-me-stesso\/#breadcrumb\"},\"inLanguage\":\"it-IT\",\"potentialAction\":[{\"@type\":\"ReadAction\",\"target\":[\"https:\/\/jp2doc.pl\/it\/2016\/09\/03\/se-sei-mio-amico-accoglilo-come-me-stesso\/\"]}]},{\"@type\":\"ImageObject\",\"inLanguage\":\"it-IT\",\"@id\":\"https:\/\/jp2doc.pl\/it\/2016\/09\/03\/se-sei-mio-amico-accoglilo-come-me-stesso\/#primaryimage\",\"url\":\"http:\/\/jp2doc.pl\/it\/wp-content\/uploads\/sites\/3\/2017\/04\/57cab335783d613923606_10154371766169547_7188288624224959705_o.jpg\",\"contentUrl\":\"http:\/\/jp2doc.pl\/it\/wp-content\/uploads\/sites\/3\/2017\/04\/57cab335783d613923606_10154371766169547_7188288624224959705_o.jpg\"},{\"@type\":\"BreadcrumbList\",\"@id\":\"https:\/\/jp2doc.pl\/it\/2016\/09\/03\/se-sei-mio-amico-accoglilo-come-me-stesso\/#breadcrumb\",\"itemListElement\":[{\"@type\":\"ListItem\",\"position\":1,\"name\":\"Home\",\"item\":\"https:\/\/jp2doc.pl\/it\/\"},{\"@type\":\"ListItem\",\"position\":2,\"name\":\"&#8220;Se sei mio amico, accoglilo come me stesso&#8221;\"}]},{\"@type\":\"WebSite\",\"@id\":\"https:\/\/jp2doc.pl\/it\/#website\",\"url\":\"https:\/\/jp2doc.pl\/it\/\",\"name\":\"Centro di Documentazione e Studio del Pontificato di Giovanni Paolo II a Roma\",\"description\":\"\",\"publisher\":{\"@id\":\"https:\/\/jp2doc.pl\/it\/#organization\"},\"potentialAction\":[{\"@type\":\"SearchAction\",\"target\":{\"@type\":\"EntryPoint\",\"urlTemplate\":\"https:\/\/jp2doc.pl\/it\/?s={search_term_string}\"},\"query-input\":{\"@type\":\"PropertyValueSpecification\",\"valueRequired\":true,\"valueName\":\"search_term_string\"}}],\"inLanguage\":\"it-IT\"},{\"@type\":\"Organization\",\"@id\":\"https:\/\/jp2doc.pl\/it\/#organization\",\"name\":\"Centro di Documentazione e Studio del Pontificato di Giovanni Paolo II a Roma\",\"url\":\"https:\/\/jp2doc.pl\/it\/\",\"logo\":{\"@type\":\"ImageObject\",\"inLanguage\":\"it-IT\",\"@id\":\"https:\/\/jp2doc.pl\/it\/#\/schema\/logo\/image\/\",\"url\":\"https:\/\/jp2doc.pl\/it\/wp-content\/uploads\/sites\/3\/2017\/03\/cropped-logo.png\",\"contentUrl\":\"https:\/\/jp2doc.pl\/it\/wp-content\/uploads\/sites\/3\/2017\/03\/cropped-logo.png\",\"width\":115,\"height\":115,\"caption\":\"Centro di Documentazione e Studio del Pontificato di Giovanni Paolo II a Roma\"},\"image\":{\"@id\":\"https:\/\/jp2doc.pl\/it\/#\/schema\/logo\/image\/\"}},{\"@type\":\"Person\",\"@id\":\"https:\/\/jp2doc.pl\/it\/#\/schema\/person\/ecb3008f6674a8ed2f0cffc842168b87\",\"name\":\"Anna Nogawczyk\",\"image\":{\"@type\":\"ImageObject\",\"inLanguage\":\"it-IT\",\"@id\":\"https:\/\/jp2doc.pl\/it\/#\/schema\/person\/image\/\",\"url\":\"https:\/\/secure.gravatar.com\/avatar\/7f49c0a3455a5f39b9815332b5595517d52774cc8803ff595476ca8543d405f2?s=96&d=mm&r=g\",\"contentUrl\":\"https:\/\/secure.gravatar.com\/avatar\/7f49c0a3455a5f39b9815332b5595517d52774cc8803ff595476ca8543d405f2?s=96&d=mm&r=g\",\"caption\":\"Anna Nogawczyk\"},\"url\":\"https:\/\/jp2doc.pl\/it\/author\/ania-nogawczyk\/\"}]}<\/script>\n<!-- \/ Yoast SEO plugin. -->","yoast_head_json":{"title":"\"Se sei mio amico, accoglilo come me stesso\" - Centro di Documentazione e Studio del Pontificato di Giovanni Paolo II a Roma","robots":{"index":"index","follow":"follow","max-snippet":"max-snippet:-1","max-image-preview":"max-image-preview:large","max-video-preview":"max-video-preview:-1"},"canonical":"https:\/\/jp2doc.pl\/it\/2016\/09\/03\/se-sei-mio-amico-accoglilo-come-me-stesso\/","og_locale":"it_IT","og_type":"article","og_title":"\"Se sei mio amico, accoglilo come me stesso\" - Centro di Documentazione e Studio del Pontificato di Giovanni Paolo II a Roma","og_description":"Rif.: Sap 9,13-18; Sal 89\/90,3-6.12-14.17; Fil 9b-10.12-17; Lc 14,25-33 \u201cChi pu\u00f2 immaginare che cosa vuole il Signore?\u201d, si apre con questo interrogativo una delle pi\u00f9 significative pagine della Scrittura che ci immergono nel misterioso rapporto tra Dio e l\u2019uomo. E\u2019 vero noi non possiamo dire di conoscere i pensieri di Dio eppure parliamo, agiamo come [&hellip;]","og_url":"https:\/\/jp2doc.pl\/it\/2016\/09\/03\/se-sei-mio-amico-accoglilo-come-me-stesso\/","og_site_name":"Centro di Documentazione e Studio del Pontificato di Giovanni Paolo II a Roma","article_published_time":"2016-09-03T07:12:00+00:00","article_modified_time":"2017-04-02T07:12:52+00:00","og_image":[{"url":"http:\/\/jp2doc.pl\/it\/wp-content\/uploads\/sites\/3\/2017\/04\/57cab335783d613923606_10154371766169547_7188288624224959705_o.jpg","type":"","width":"","height":""}],"author":"Anna Nogawczyk","twitter_card":"summary_large_image","twitter_misc":{"Scritto da":"Anna Nogawczyk","Tempo di lettura stimato":"3 minuti"},"schema":{"@context":"https:\/\/schema.org","@graph":[{"@type":"Article","@id":"https:\/\/jp2doc.pl\/it\/2016\/09\/03\/se-sei-mio-amico-accoglilo-come-me-stesso\/#article","isPartOf":{"@id":"https:\/\/jp2doc.pl\/it\/2016\/09\/03\/se-sei-mio-amico-accoglilo-come-me-stesso\/"},"author":{"name":"Anna Nogawczyk","@id":"https:\/\/jp2doc.pl\/it\/#\/schema\/person\/ecb3008f6674a8ed2f0cffc842168b87"},"headline":"&#8220;Se sei mio amico, accoglilo come me stesso&#8221;","datePublished":"2016-09-03T07:12:00+00:00","dateModified":"2017-04-02T07:12:52+00:00","mainEntityOfPage":{"@id":"https:\/\/jp2doc.pl\/it\/2016\/09\/03\/se-sei-mio-amico-accoglilo-come-me-stesso\/"},"wordCount":551,"commentCount":0,"publisher":{"@id":"https:\/\/jp2doc.pl\/it\/#organization"},"image":{"@id":"https:\/\/jp2doc.pl\/it\/2016\/09\/03\/se-sei-mio-amico-accoglilo-come-me-stesso\/#primaryimage"},"thumbnailUrl":"http:\/\/jp2doc.pl\/it\/wp-content\/uploads\/sites\/3\/2017\/04\/57cab335783d613923606_10154371766169547_7188288624224959705_o.jpg","articleSection":["Blog"],"inLanguage":"it-IT","potentialAction":[{"@type":"CommentAction","name":"Comment","target":["https:\/\/jp2doc.pl\/it\/2016\/09\/03\/se-sei-mio-amico-accoglilo-come-me-stesso\/#respond"]}]},{"@type":"WebPage","@id":"https:\/\/jp2doc.pl\/it\/2016\/09\/03\/se-sei-mio-amico-accoglilo-come-me-stesso\/","url":"https:\/\/jp2doc.pl\/it\/2016\/09\/03\/se-sei-mio-amico-accoglilo-come-me-stesso\/","name":"\"Se sei mio amico, accoglilo come me stesso\" - Centro di Documentazione e Studio del Pontificato di Giovanni Paolo II a Roma","isPartOf":{"@id":"https:\/\/jp2doc.pl\/it\/#website"},"primaryImageOfPage":{"@id":"https:\/\/jp2doc.pl\/it\/2016\/09\/03\/se-sei-mio-amico-accoglilo-come-me-stesso\/#primaryimage"},"image":{"@id":"https:\/\/jp2doc.pl\/it\/2016\/09\/03\/se-sei-mio-amico-accoglilo-come-me-stesso\/#primaryimage"},"thumbnailUrl":"http:\/\/jp2doc.pl\/it\/wp-content\/uploads\/sites\/3\/2017\/04\/57cab335783d613923606_10154371766169547_7188288624224959705_o.jpg","datePublished":"2016-09-03T07:12:00+00:00","dateModified":"2017-04-02T07:12:52+00:00","breadcrumb":{"@id":"https:\/\/jp2doc.pl\/it\/2016\/09\/03\/se-sei-mio-amico-accoglilo-come-me-stesso\/#breadcrumb"},"inLanguage":"it-IT","potentialAction":[{"@type":"ReadAction","target":["https:\/\/jp2doc.pl\/it\/2016\/09\/03\/se-sei-mio-amico-accoglilo-come-me-stesso\/"]}]},{"@type":"ImageObject","inLanguage":"it-IT","@id":"https:\/\/jp2doc.pl\/it\/2016\/09\/03\/se-sei-mio-amico-accoglilo-come-me-stesso\/#primaryimage","url":"http:\/\/jp2doc.pl\/it\/wp-content\/uploads\/sites\/3\/2017\/04\/57cab335783d613923606_10154371766169547_7188288624224959705_o.jpg","contentUrl":"http:\/\/jp2doc.pl\/it\/wp-content\/uploads\/sites\/3\/2017\/04\/57cab335783d613923606_10154371766169547_7188288624224959705_o.jpg"},{"@type":"BreadcrumbList","@id":"https:\/\/jp2doc.pl\/it\/2016\/09\/03\/se-sei-mio-amico-accoglilo-come-me-stesso\/#breadcrumb","itemListElement":[{"@type":"ListItem","position":1,"name":"Home","item":"https:\/\/jp2doc.pl\/it\/"},{"@type":"ListItem","position":2,"name":"&#8220;Se sei mio amico, accoglilo come me stesso&#8221;"}]},{"@type":"WebSite","@id":"https:\/\/jp2doc.pl\/it\/#website","url":"https:\/\/jp2doc.pl\/it\/","name":"Centro di Documentazione e Studio del Pontificato di Giovanni Paolo II a Roma","description":"","publisher":{"@id":"https:\/\/jp2doc.pl\/it\/#organization"},"potentialAction":[{"@type":"SearchAction","target":{"@type":"EntryPoint","urlTemplate":"https:\/\/jp2doc.pl\/it\/?s={search_term_string}"},"query-input":{"@type":"PropertyValueSpecification","valueRequired":true,"valueName":"search_term_string"}}],"inLanguage":"it-IT"},{"@type":"Organization","@id":"https:\/\/jp2doc.pl\/it\/#organization","name":"Centro di Documentazione e Studio del Pontificato di Giovanni Paolo II a Roma","url":"https:\/\/jp2doc.pl\/it\/","logo":{"@type":"ImageObject","inLanguage":"it-IT","@id":"https:\/\/jp2doc.pl\/it\/#\/schema\/logo\/image\/","url":"https:\/\/jp2doc.pl\/it\/wp-content\/uploads\/sites\/3\/2017\/03\/cropped-logo.png","contentUrl":"https:\/\/jp2doc.pl\/it\/wp-content\/uploads\/sites\/3\/2017\/03\/cropped-logo.png","width":115,"height":115,"caption":"Centro di Documentazione e Studio del Pontificato di Giovanni Paolo II a Roma"},"image":{"@id":"https:\/\/jp2doc.pl\/it\/#\/schema\/logo\/image\/"}},{"@type":"Person","@id":"https:\/\/jp2doc.pl\/it\/#\/schema\/person\/ecb3008f6674a8ed2f0cffc842168b87","name":"Anna Nogawczyk","image":{"@type":"ImageObject","inLanguage":"it-IT","@id":"https:\/\/jp2doc.pl\/it\/#\/schema\/person\/image\/","url":"https:\/\/secure.gravatar.com\/avatar\/7f49c0a3455a5f39b9815332b5595517d52774cc8803ff595476ca8543d405f2?s=96&d=mm&r=g","contentUrl":"https:\/\/secure.gravatar.com\/avatar\/7f49c0a3455a5f39b9815332b5595517d52774cc8803ff595476ca8543d405f2?s=96&d=mm&r=g","caption":"Anna Nogawczyk"},"url":"https:\/\/jp2doc.pl\/it\/author\/ania-nogawczyk\/"}]}},"_links":{"self":[{"href":"https:\/\/jp2doc.pl\/it\/wp-json\/wp\/v2\/posts\/934","targetHints":{"allow":["GET"]}}],"collection":[{"href":"https:\/\/jp2doc.pl\/it\/wp-json\/wp\/v2\/posts"}],"about":[{"href":"https:\/\/jp2doc.pl\/it\/wp-json\/wp\/v2\/types\/post"}],"author":[{"embeddable":true,"href":"https:\/\/jp2doc.pl\/it\/wp-json\/wp\/v2\/users\/3"}],"replies":[{"embeddable":true,"href":"https:\/\/jp2doc.pl\/it\/wp-json\/wp\/v2\/comments?post=934"}],"version-history":[{"count":1,"href":"https:\/\/jp2doc.pl\/it\/wp-json\/wp\/v2\/posts\/934\/revisions"}],"predecessor-version":[{"id":936,"href":"https:\/\/jp2doc.pl\/it\/wp-json\/wp\/v2\/posts\/934\/revisions\/936"}],"wp:attachment":[{"href":"https:\/\/jp2doc.pl\/it\/wp-json\/wp\/v2\/media?parent=934"}],"wp:term":[{"taxonomy":"category","embeddable":true,"href":"https:\/\/jp2doc.pl\/it\/wp-json\/wp\/v2\/categories?post=934"},{"taxonomy":"post_tag","embeddable":true,"href":"https:\/\/jp2doc.pl\/it\/wp-json\/wp\/v2\/tags?post=934"}],"curies":[{"name":"wp","href":"https:\/\/api.w.org\/{rel}","templated":true}]}}