{"id":940,"date":"2016-08-28T09:14:19","date_gmt":"2016-08-28T07:14:19","guid":{"rendered":"http:\/\/jp2doc.pl\/it\/?p=940"},"modified":"2017-04-02T09:15:17","modified_gmt":"2017-04-02T07:15:17","slug":"gesu-passava-insegnando","status":"publish","type":"post","link":"https:\/\/jp2doc.pl\/it\/2016\/08\/28\/gesu-passava-insegnando\/","title":{"rendered":"&#8220;Ges\u00f9 passava insegnando&#8221;"},"content":{"rendered":"<p><i>Rif.: Is 66,18b-21; Sal 116\/117,1-2; Eb 12,5-7.11-13; Lc 13,22-30<\/i><\/p>\n<p>Forse, pi\u00f9 che per il disegno, l\u2019evangelista Luca viene definito pittore per la sua abilit\u00e0 di tracciare con le parole il ritratto essenziale di una persona o di una situazione. Cos\u00ec questa settimana Ges\u00f9 \u00e8 rappresentato mentre \u00e8 in cammino verso Gerusalemme, la sua determinazione \u00e8 inalterata, niente e nessuno pu\u00f2 fermare il suo viaggio ciononostante il suo andare non ha il sapore di una fuga, quanto piuttosto di un incontro. Alla base del suo itinerario, del suo agire e delle sue parole vi \u00e8 sempre infatti l\u2019infinita compassione per l\u2019uomo e per la sua fragilit\u00e0 e cos\u00ec Ges\u00f9 non trascura l\u2019insegnamento, l\u2019annuncio del Regno che si inaugura nella sua persona.<\/p>\n<p><img loading=\"lazy\" decoding=\"async\" width=\"398\" height=\"600\" class=\"aligncenter size-full wp-image-941\" src=\"http:\/\/jp2doc.pl\/it\/wp-content\/uploads\/sites\/3\/2017\/04\/57b8161f959d2jjjj.jpg\" alt=\"\" \/><\/p>\n<p>Le sue parole sono un\u2019esortazione accorata a non lasciarsi travolgere dalla dispersivit\u00e0 delle vacanze:\u00a0 \u201cSforzatevi di entrare per la porta stretta\u201d. La vita cristiana si basa su un impegno costante che non conosce stagioni, che non vuole interruzioni, come si ama una persona sempre, notte e giorno, nei momenti buoni o cattivi, cos\u00ec il rapporto con Dio non deve essere mai interrotto. Dio ci attende al di l\u00e0 di quella porta stretta attraverso la quale dovremo passare, non importa se il suo nome \u00e8 Croce. Dio ci attende, allora vale la pena impegnarsi, deporre ogni ingombro, sciogliere ogni legame che intralci il cammino per entrare in quella porta che, stretta nel passaggio, si spalanca poi sull\u2019eterna vita in Dio.<\/p>\n<p>Il \u201cpassaggio\u201d di Ges\u00f9 attraverso le citt\u00e0 e i villaggi ci \u00e8 di esempio, \u00e8 necessario affrontare la difficoltosa porta dell\u2019impegno quotidiano e delle contrariet\u00e0, ma bisogna andare perch\u00e9 Cristo ha tracciato per noi un cammino che rende pi\u00f9 agevole il nostro, perch\u00e9 Dio vuole la nostra salvezza e ce la offre, perch\u00e9 l\u2019eternit\u00e0 ci attende e ognuno \u00e8 artefice del proprio eterno destino. Dio ci accoglier\u00e0 o ci rifiuter\u00e0 a seconda del nostro modo di essere. Tutto il brano evangelico ci dice infatti che non basta aver sentito parlare di Ges\u00f9, essere andati in Chiesa o aver partecipato ai sacramenti, c\u2019\u00e8 qualcosa in pi\u00f9 che Dio si attende da noi: la nostra amicizia, l\u2019accettazione della sua volont\u00e0, la nostra gratitudine filiale che lo riconosce Padre eterno e Santo che ci corregge e ci punisce, ci percuote e ci salva (II lett.), ma che sopra ogni cosa ci ama ora e sempre, fin dall\u2019eternit\u00e0 pi\u00f9 remota, ancor prima di essere creati noi siamo stati amati da Lui che ora ci attende per aiutarci in quello stretto passaggio che a Lui conduce!<\/p>\n<p>Il profeta Isaia annuncia che Dio stesso raduner\u00e0 le genti e le lingue del mondo, popoli di terre lontane e sconosciute adoreranno il Signore nella santa Gerusalemme. La profezia trova compimento in Cristo, Egli si \u00e8 inserito nel Tempo e nella Storia annunciando a tutti che la salvezza \u00e8 nella sua persona. La Croce che si staglia all\u2019orizzonte \u00e8 misura della nostra fede: chi avr\u00e0 il coraggio di unirsi a Lui trover\u00e0 la felicit\u00e0, chi avr\u00e0 il coraggio di vedere in Lui Dio fatto uomo e crocifisso per amore sar\u00e0 salvato. Non avr\u00e0 pi\u00f9 importanza la dottrina, la conoscenza, le pratiche religiose, ma solo l&#8217;amore e la fede in Lui saranno motivo di privilegio e: \u201cgli ultimi saranno primi, e vi sono primi che saranno ultimi\u201d (Vangelo).<\/p>\n","protected":false},"excerpt":{"rendered":"<p>Rif.: Is 66,18b-21; Sal 116\/117,1-2; Eb 12,5-7.11-13; Lc 13,22-30 Forse, pi\u00f9 che per il disegno, l\u2019evangelista Luca viene definito pittore per la sua abilit\u00e0 di tracciare con le parole il ritratto essenziale di una persona o di una situazione. Cos\u00ec questa settimana Ges\u00f9 \u00e8 rappresentato mentre \u00e8 in cammino verso Gerusalemme, la sua determinazione \u00e8 [&hellip;]<\/p>\n","protected":false},"author":3,"featured_media":0,"comment_status":"open","ping_status":"open","sticky":false,"template":"","format":"standard","meta":{"_acf_changed":false,"_exactmetrics_skip_tracking":false,"_exactmetrics_sitenote_active":false,"_exactmetrics_sitenote_note":"","_exactmetrics_sitenote_category":0,"footnotes":""},"categories":[4],"tags":[],"class_list":["post-940","post","type-post","status-publish","format-standard","hentry","category-blog"],"acf":[],"yoast_head":"<!-- This site is optimized with the Yoast SEO plugin v26.2 - https:\/\/yoast.com\/wordpress\/plugins\/seo\/ -->\n<title>&quot;Ges\u00f9 passava insegnando&quot; - Centro di Documentazione e Studio del Pontificato di Giovanni Paolo II a Roma<\/title>\n<meta name=\"robots\" content=\"index, follow, max-snippet:-1, max-image-preview:large, max-video-preview:-1\" \/>\n<link rel=\"canonical\" href=\"https:\/\/jp2doc.pl\/it\/2016\/08\/28\/gesu-passava-insegnando\/\" \/>\n<meta property=\"og:locale\" content=\"it_IT\" \/>\n<meta property=\"og:type\" content=\"article\" \/>\n<meta property=\"og:title\" content=\"&quot;Ges\u00f9 passava insegnando&quot; - Centro di Documentazione e Studio del Pontificato di Giovanni Paolo II a Roma\" \/>\n<meta property=\"og:description\" content=\"Rif.: Is 66,18b-21; Sal 116\/117,1-2; Eb 12,5-7.11-13; Lc 13,22-30 Forse, pi\u00f9 che per il disegno, l\u2019evangelista Luca viene definito pittore per la sua abilit\u00e0 di tracciare con le parole il ritratto essenziale di una persona o di una situazione. Cos\u00ec questa settimana Ges\u00f9 \u00e8 rappresentato mentre \u00e8 in cammino verso Gerusalemme, la sua determinazione \u00e8 [&hellip;]\" \/>\n<meta property=\"og:url\" content=\"https:\/\/jp2doc.pl\/it\/2016\/08\/28\/gesu-passava-insegnando\/\" \/>\n<meta property=\"og:site_name\" content=\"Centro di Documentazione e Studio del Pontificato di Giovanni Paolo II a Roma\" \/>\n<meta property=\"article:published_time\" content=\"2016-08-28T07:14:19+00:00\" \/>\n<meta property=\"article:modified_time\" content=\"2017-04-02T07:15:17+00:00\" \/>\n<meta property=\"og:image\" content=\"http:\/\/jp2doc.pl\/it\/wp-content\/uploads\/sites\/3\/2017\/04\/57b8161f959d2jjjj.jpg\" \/>\n<meta name=\"author\" content=\"Anna Nogawczyk\" \/>\n<meta name=\"twitter:card\" content=\"summary_large_image\" \/>\n<meta name=\"twitter:label1\" content=\"Scritto da\" \/>\n\t<meta name=\"twitter:data1\" content=\"Anna Nogawczyk\" \/>\n\t<meta name=\"twitter:label2\" content=\"Tempo di lettura stimato\" \/>\n\t<meta name=\"twitter:data2\" content=\"3 minuti\" \/>\n<script type=\"application\/ld+json\" class=\"yoast-schema-graph\">{\"@context\":\"https:\/\/schema.org\",\"@graph\":[{\"@type\":\"Article\",\"@id\":\"https:\/\/jp2doc.pl\/it\/2016\/08\/28\/gesu-passava-insegnando\/#article\",\"isPartOf\":{\"@id\":\"https:\/\/jp2doc.pl\/it\/2016\/08\/28\/gesu-passava-insegnando\/\"},\"author\":{\"name\":\"Anna Nogawczyk\",\"@id\":\"https:\/\/jp2doc.pl\/it\/#\/schema\/person\/ecb3008f6674a8ed2f0cffc842168b87\"},\"headline\":\"&#8220;Ges\u00f9 passava insegnando&#8221;\",\"datePublished\":\"2016-08-28T07:14:19+00:00\",\"dateModified\":\"2017-04-02T07:15:17+00:00\",\"mainEntityOfPage\":{\"@id\":\"https:\/\/jp2doc.pl\/it\/2016\/08\/28\/gesu-passava-insegnando\/\"},\"wordCount\":553,\"commentCount\":0,\"publisher\":{\"@id\":\"https:\/\/jp2doc.pl\/it\/#organization\"},\"image\":{\"@id\":\"https:\/\/jp2doc.pl\/it\/2016\/08\/28\/gesu-passava-insegnando\/#primaryimage\"},\"thumbnailUrl\":\"http:\/\/jp2doc.pl\/it\/wp-content\/uploads\/sites\/3\/2017\/04\/57b8161f959d2jjjj.jpg\",\"articleSection\":[\"Blog\"],\"inLanguage\":\"it-IT\",\"potentialAction\":[{\"@type\":\"CommentAction\",\"name\":\"Comment\",\"target\":[\"https:\/\/jp2doc.pl\/it\/2016\/08\/28\/gesu-passava-insegnando\/#respond\"]}]},{\"@type\":\"WebPage\",\"@id\":\"https:\/\/jp2doc.pl\/it\/2016\/08\/28\/gesu-passava-insegnando\/\",\"url\":\"https:\/\/jp2doc.pl\/it\/2016\/08\/28\/gesu-passava-insegnando\/\",\"name\":\"\\\"Ges\u00f9 passava insegnando\\\" - Centro di Documentazione e Studio del Pontificato di Giovanni Paolo II a Roma\",\"isPartOf\":{\"@id\":\"https:\/\/jp2doc.pl\/it\/#website\"},\"primaryImageOfPage\":{\"@id\":\"https:\/\/jp2doc.pl\/it\/2016\/08\/28\/gesu-passava-insegnando\/#primaryimage\"},\"image\":{\"@id\":\"https:\/\/jp2doc.pl\/it\/2016\/08\/28\/gesu-passava-insegnando\/#primaryimage\"},\"thumbnailUrl\":\"http:\/\/jp2doc.pl\/it\/wp-content\/uploads\/sites\/3\/2017\/04\/57b8161f959d2jjjj.jpg\",\"datePublished\":\"2016-08-28T07:14:19+00:00\",\"dateModified\":\"2017-04-02T07:15:17+00:00\",\"breadcrumb\":{\"@id\":\"https:\/\/jp2doc.pl\/it\/2016\/08\/28\/gesu-passava-insegnando\/#breadcrumb\"},\"inLanguage\":\"it-IT\",\"potentialAction\":[{\"@type\":\"ReadAction\",\"target\":[\"https:\/\/jp2doc.pl\/it\/2016\/08\/28\/gesu-passava-insegnando\/\"]}]},{\"@type\":\"ImageObject\",\"inLanguage\":\"it-IT\",\"@id\":\"https:\/\/jp2doc.pl\/it\/2016\/08\/28\/gesu-passava-insegnando\/#primaryimage\",\"url\":\"http:\/\/jp2doc.pl\/it\/wp-content\/uploads\/sites\/3\/2017\/04\/57b8161f959d2jjjj.jpg\",\"contentUrl\":\"http:\/\/jp2doc.pl\/it\/wp-content\/uploads\/sites\/3\/2017\/04\/57b8161f959d2jjjj.jpg\"},{\"@type\":\"BreadcrumbList\",\"@id\":\"https:\/\/jp2doc.pl\/it\/2016\/08\/28\/gesu-passava-insegnando\/#breadcrumb\",\"itemListElement\":[{\"@type\":\"ListItem\",\"position\":1,\"name\":\"Home\",\"item\":\"https:\/\/jp2doc.pl\/it\/\"},{\"@type\":\"ListItem\",\"position\":2,\"name\":\"&#8220;Ges\u00f9 passava insegnando&#8221;\"}]},{\"@type\":\"WebSite\",\"@id\":\"https:\/\/jp2doc.pl\/it\/#website\",\"url\":\"https:\/\/jp2doc.pl\/it\/\",\"name\":\"Centro di Documentazione e Studio del Pontificato di Giovanni Paolo II a Roma\",\"description\":\"\",\"publisher\":{\"@id\":\"https:\/\/jp2doc.pl\/it\/#organization\"},\"potentialAction\":[{\"@type\":\"SearchAction\",\"target\":{\"@type\":\"EntryPoint\",\"urlTemplate\":\"https:\/\/jp2doc.pl\/it\/?s={search_term_string}\"},\"query-input\":{\"@type\":\"PropertyValueSpecification\",\"valueRequired\":true,\"valueName\":\"search_term_string\"}}],\"inLanguage\":\"it-IT\"},{\"@type\":\"Organization\",\"@id\":\"https:\/\/jp2doc.pl\/it\/#organization\",\"name\":\"Centro di Documentazione e Studio del Pontificato di Giovanni Paolo II a Roma\",\"url\":\"https:\/\/jp2doc.pl\/it\/\",\"logo\":{\"@type\":\"ImageObject\",\"inLanguage\":\"it-IT\",\"@id\":\"https:\/\/jp2doc.pl\/it\/#\/schema\/logo\/image\/\",\"url\":\"https:\/\/jp2doc.pl\/it\/wp-content\/uploads\/sites\/3\/2017\/03\/cropped-logo.png\",\"contentUrl\":\"https:\/\/jp2doc.pl\/it\/wp-content\/uploads\/sites\/3\/2017\/03\/cropped-logo.png\",\"width\":115,\"height\":115,\"caption\":\"Centro di Documentazione e Studio del Pontificato di Giovanni Paolo II a Roma\"},\"image\":{\"@id\":\"https:\/\/jp2doc.pl\/it\/#\/schema\/logo\/image\/\"}},{\"@type\":\"Person\",\"@id\":\"https:\/\/jp2doc.pl\/it\/#\/schema\/person\/ecb3008f6674a8ed2f0cffc842168b87\",\"name\":\"Anna Nogawczyk\",\"image\":{\"@type\":\"ImageObject\",\"inLanguage\":\"it-IT\",\"@id\":\"https:\/\/jp2doc.pl\/it\/#\/schema\/person\/image\/\",\"url\":\"https:\/\/secure.gravatar.com\/avatar\/7f49c0a3455a5f39b9815332b5595517d52774cc8803ff595476ca8543d405f2?s=96&d=mm&r=g\",\"contentUrl\":\"https:\/\/secure.gravatar.com\/avatar\/7f49c0a3455a5f39b9815332b5595517d52774cc8803ff595476ca8543d405f2?s=96&d=mm&r=g\",\"caption\":\"Anna Nogawczyk\"},\"url\":\"https:\/\/jp2doc.pl\/it\/author\/ania-nogawczyk\/\"}]}<\/script>\n<!-- \/ Yoast SEO plugin. -->","yoast_head_json":{"title":"\"Ges\u00f9 passava insegnando\" - Centro di Documentazione e Studio del Pontificato di Giovanni Paolo II a Roma","robots":{"index":"index","follow":"follow","max-snippet":"max-snippet:-1","max-image-preview":"max-image-preview:large","max-video-preview":"max-video-preview:-1"},"canonical":"https:\/\/jp2doc.pl\/it\/2016\/08\/28\/gesu-passava-insegnando\/","og_locale":"it_IT","og_type":"article","og_title":"\"Ges\u00f9 passava insegnando\" - Centro di Documentazione e Studio del Pontificato di Giovanni Paolo II a Roma","og_description":"Rif.: Is 66,18b-21; Sal 116\/117,1-2; Eb 12,5-7.11-13; Lc 13,22-30 Forse, pi\u00f9 che per il disegno, l\u2019evangelista Luca viene definito pittore per la sua abilit\u00e0 di tracciare con le parole il ritratto essenziale di una persona o di una situazione. Cos\u00ec questa settimana Ges\u00f9 \u00e8 rappresentato mentre \u00e8 in cammino verso Gerusalemme, la sua determinazione \u00e8 [&hellip;]","og_url":"https:\/\/jp2doc.pl\/it\/2016\/08\/28\/gesu-passava-insegnando\/","og_site_name":"Centro di Documentazione e Studio del Pontificato di Giovanni Paolo II a Roma","article_published_time":"2016-08-28T07:14:19+00:00","article_modified_time":"2017-04-02T07:15:17+00:00","og_image":[{"url":"http:\/\/jp2doc.pl\/it\/wp-content\/uploads\/sites\/3\/2017\/04\/57b8161f959d2jjjj.jpg","type":"","width":"","height":""}],"author":"Anna Nogawczyk","twitter_card":"summary_large_image","twitter_misc":{"Scritto da":"Anna Nogawczyk","Tempo di lettura stimato":"3 minuti"},"schema":{"@context":"https:\/\/schema.org","@graph":[{"@type":"Article","@id":"https:\/\/jp2doc.pl\/it\/2016\/08\/28\/gesu-passava-insegnando\/#article","isPartOf":{"@id":"https:\/\/jp2doc.pl\/it\/2016\/08\/28\/gesu-passava-insegnando\/"},"author":{"name":"Anna Nogawczyk","@id":"https:\/\/jp2doc.pl\/it\/#\/schema\/person\/ecb3008f6674a8ed2f0cffc842168b87"},"headline":"&#8220;Ges\u00f9 passava insegnando&#8221;","datePublished":"2016-08-28T07:14:19+00:00","dateModified":"2017-04-02T07:15:17+00:00","mainEntityOfPage":{"@id":"https:\/\/jp2doc.pl\/it\/2016\/08\/28\/gesu-passava-insegnando\/"},"wordCount":553,"commentCount":0,"publisher":{"@id":"https:\/\/jp2doc.pl\/it\/#organization"},"image":{"@id":"https:\/\/jp2doc.pl\/it\/2016\/08\/28\/gesu-passava-insegnando\/#primaryimage"},"thumbnailUrl":"http:\/\/jp2doc.pl\/it\/wp-content\/uploads\/sites\/3\/2017\/04\/57b8161f959d2jjjj.jpg","articleSection":["Blog"],"inLanguage":"it-IT","potentialAction":[{"@type":"CommentAction","name":"Comment","target":["https:\/\/jp2doc.pl\/it\/2016\/08\/28\/gesu-passava-insegnando\/#respond"]}]},{"@type":"WebPage","@id":"https:\/\/jp2doc.pl\/it\/2016\/08\/28\/gesu-passava-insegnando\/","url":"https:\/\/jp2doc.pl\/it\/2016\/08\/28\/gesu-passava-insegnando\/","name":"\"Ges\u00f9 passava insegnando\" - Centro di Documentazione e Studio del Pontificato di Giovanni Paolo II a Roma","isPartOf":{"@id":"https:\/\/jp2doc.pl\/it\/#website"},"primaryImageOfPage":{"@id":"https:\/\/jp2doc.pl\/it\/2016\/08\/28\/gesu-passava-insegnando\/#primaryimage"},"image":{"@id":"https:\/\/jp2doc.pl\/it\/2016\/08\/28\/gesu-passava-insegnando\/#primaryimage"},"thumbnailUrl":"http:\/\/jp2doc.pl\/it\/wp-content\/uploads\/sites\/3\/2017\/04\/57b8161f959d2jjjj.jpg","datePublished":"2016-08-28T07:14:19+00:00","dateModified":"2017-04-02T07:15:17+00:00","breadcrumb":{"@id":"https:\/\/jp2doc.pl\/it\/2016\/08\/28\/gesu-passava-insegnando\/#breadcrumb"},"inLanguage":"it-IT","potentialAction":[{"@type":"ReadAction","target":["https:\/\/jp2doc.pl\/it\/2016\/08\/28\/gesu-passava-insegnando\/"]}]},{"@type":"ImageObject","inLanguage":"it-IT","@id":"https:\/\/jp2doc.pl\/it\/2016\/08\/28\/gesu-passava-insegnando\/#primaryimage","url":"http:\/\/jp2doc.pl\/it\/wp-content\/uploads\/sites\/3\/2017\/04\/57b8161f959d2jjjj.jpg","contentUrl":"http:\/\/jp2doc.pl\/it\/wp-content\/uploads\/sites\/3\/2017\/04\/57b8161f959d2jjjj.jpg"},{"@type":"BreadcrumbList","@id":"https:\/\/jp2doc.pl\/it\/2016\/08\/28\/gesu-passava-insegnando\/#breadcrumb","itemListElement":[{"@type":"ListItem","position":1,"name":"Home","item":"https:\/\/jp2doc.pl\/it\/"},{"@type":"ListItem","position":2,"name":"&#8220;Ges\u00f9 passava insegnando&#8221;"}]},{"@type":"WebSite","@id":"https:\/\/jp2doc.pl\/it\/#website","url":"https:\/\/jp2doc.pl\/it\/","name":"Centro di Documentazione e Studio del Pontificato di Giovanni Paolo II a Roma","description":"","publisher":{"@id":"https:\/\/jp2doc.pl\/it\/#organization"},"potentialAction":[{"@type":"SearchAction","target":{"@type":"EntryPoint","urlTemplate":"https:\/\/jp2doc.pl\/it\/?s={search_term_string}"},"query-input":{"@type":"PropertyValueSpecification","valueRequired":true,"valueName":"search_term_string"}}],"inLanguage":"it-IT"},{"@type":"Organization","@id":"https:\/\/jp2doc.pl\/it\/#organization","name":"Centro di Documentazione e Studio del Pontificato di Giovanni Paolo II a Roma","url":"https:\/\/jp2doc.pl\/it\/","logo":{"@type":"ImageObject","inLanguage":"it-IT","@id":"https:\/\/jp2doc.pl\/it\/#\/schema\/logo\/image\/","url":"https:\/\/jp2doc.pl\/it\/wp-content\/uploads\/sites\/3\/2017\/03\/cropped-logo.png","contentUrl":"https:\/\/jp2doc.pl\/it\/wp-content\/uploads\/sites\/3\/2017\/03\/cropped-logo.png","width":115,"height":115,"caption":"Centro di Documentazione e Studio del Pontificato di Giovanni Paolo II a Roma"},"image":{"@id":"https:\/\/jp2doc.pl\/it\/#\/schema\/logo\/image\/"}},{"@type":"Person","@id":"https:\/\/jp2doc.pl\/it\/#\/schema\/person\/ecb3008f6674a8ed2f0cffc842168b87","name":"Anna Nogawczyk","image":{"@type":"ImageObject","inLanguage":"it-IT","@id":"https:\/\/jp2doc.pl\/it\/#\/schema\/person\/image\/","url":"https:\/\/secure.gravatar.com\/avatar\/7f49c0a3455a5f39b9815332b5595517d52774cc8803ff595476ca8543d405f2?s=96&d=mm&r=g","contentUrl":"https:\/\/secure.gravatar.com\/avatar\/7f49c0a3455a5f39b9815332b5595517d52774cc8803ff595476ca8543d405f2?s=96&d=mm&r=g","caption":"Anna Nogawczyk"},"url":"https:\/\/jp2doc.pl\/it\/author\/ania-nogawczyk\/"}]}},"_links":{"self":[{"href":"https:\/\/jp2doc.pl\/it\/wp-json\/wp\/v2\/posts\/940","targetHints":{"allow":["GET"]}}],"collection":[{"href":"https:\/\/jp2doc.pl\/it\/wp-json\/wp\/v2\/posts"}],"about":[{"href":"https:\/\/jp2doc.pl\/it\/wp-json\/wp\/v2\/types\/post"}],"author":[{"embeddable":true,"href":"https:\/\/jp2doc.pl\/it\/wp-json\/wp\/v2\/users\/3"}],"replies":[{"embeddable":true,"href":"https:\/\/jp2doc.pl\/it\/wp-json\/wp\/v2\/comments?post=940"}],"version-history":[{"count":1,"href":"https:\/\/jp2doc.pl\/it\/wp-json\/wp\/v2\/posts\/940\/revisions"}],"predecessor-version":[{"id":942,"href":"https:\/\/jp2doc.pl\/it\/wp-json\/wp\/v2\/posts\/940\/revisions\/942"}],"wp:attachment":[{"href":"https:\/\/jp2doc.pl\/it\/wp-json\/wp\/v2\/media?parent=940"}],"wp:term":[{"taxonomy":"category","embeddable":true,"href":"https:\/\/jp2doc.pl\/it\/wp-json\/wp\/v2\/categories?post=940"},{"taxonomy":"post_tag","embeddable":true,"href":"https:\/\/jp2doc.pl\/it\/wp-json\/wp\/v2\/tags?post=940"}],"curies":[{"name":"wp","href":"https:\/\/api.w.org\/{rel}","templated":true}]}}