{"id":943,"date":"2016-08-13T09:15:28","date_gmt":"2016-08-13T07:15:28","guid":{"rendered":"http:\/\/jp2doc.pl\/it\/?p=943"},"modified":"2017-04-02T09:17:21","modified_gmt":"2017-04-02T07:17:21","slug":"ho-sperato-nel-signore","status":"publish","type":"post","link":"https:\/\/jp2doc.pl\/it\/2016\/08\/13\/ho-sperato-nel-signore\/","title":{"rendered":"&#8220;Ho sperato nel Signore&#8221;"},"content":{"rendered":"<p><i>Rif.: Ger 38,4-6.8-10; Sal39; Eb 12,1-4; Lc 12,49-57<\/i><\/p>\n<p>Il salmista sembra dar voce al profeta Geremia liberato dalla cisterna fangosa dopo un\u2019iniqua condanna: \u201cmi ha tratto dalla fossa della morte, dal fango della palude\u201d. Una sorte ingiusta quella di Geremia, innocente, eppure perseguitato dal suo stesso popolo a causa della parola che Dio gli ordina di annunciare. La sua figura \u00e8 molto simile, seppure inferiore, a quella di Cristo che si sottopose alla croce, ma che ora \u00e8 \u201cassiso alla destra del trono di Dio\u201d. Anch\u2019Egli fu condannato perch\u00e9 risult\u00f2 scomodo ai capi religiosi e politici del popolo, la sua persona e la sua Parola erano un\u2019accusa vivente per tutti quelli che, disonesti nell\u2019animo, onoravano Dio solo con gesti esteriori. Lo stesso Ges\u00f9, nel Vangelo, parla di s\u00e9 come persona che divide gli animi, incidendo profondamente perfino i rapporti familiari pi\u00f9 sacri e pi\u00f9 stretti: \u201cpadre contro figlio, figlio contro padre, madre contro figlia, figlia contro madre\u2026\u201d.<\/p>\n<p>Ma perch\u00e9 spesso il giusto viene perseguitato? E\u2019 evidente che c\u2019\u00e8 in questo accanimento il desiderio di mettere a tacere la sua voce che accusa, rimprovera, ammonisce. Le sue parole scendono nella profondit\u00e0 dell\u2019animo, interrogano la coscienza, illuminano le azioni rivelandone le segrete intenzioni, di fronte ad esse l\u2019anima viene denudata di ogni ornamento, privata di ogni rifugio, reso inutile ogni tentativo di nascondersi. Unica alternativa: o cambiare se stessi o mettere a tacere la sua voce a qualunque costo. E all\u2019ingiustizia della propria vita si aggiunge il sopruso di condannare un innocente.<\/p>\n<p>Questa, in massima parte, la sorte dei profeti nell\u2019Antico Testamento, questa la sorte di Ges\u00f9, Nostro Signore e, non dissimile dalla sua, la sorte dei suoi discepoli. Non c\u2019\u00e8 una via di mezzo, o le parole di Ges\u00f9 sono accettate fino a diventare vita vissuta o si tenta di distruggere la sua credibilit\u00e0 e perfino la sua divinit\u00e0. Ecco il perch\u00e9 della crisi perfino all\u2019interno dei rapporti familiari. Scegliere Ges\u00f9, infatti, implica modificare se stessi, la propria vita, il proprio modo di pensare, di agire e tutto ci\u00f2 \u00e8 un rinnegare la formazione ricevuta in famiglia per accogliere ci\u00f2 che Lui \u00e8, ci dice e ci d\u00e0.<\/p>\n<p><img loading=\"lazy\" decoding=\"async\" width=\"560\" height=\"372\" class=\"aligncenter size-full wp-image-944\" src=\"http:\/\/jp2doc.pl\/it\/wp-content\/uploads\/sites\/3\/2017\/04\/57aed6e9465dadokaza02.jpg\" alt=\"\" \/><br \/>\nPoi Ges\u00f9, lancia ai presenti ed a noi oggi una forte provocazione: come mai noi che sappiamo prevedere la pioggia dalla nuvola posta a ponente e l\u2019arrivo del caldo al soffio dello scirocco, non sappiamo vedere in Lui il Segno dei tempi nuovi giunti ad illuminare la storia? E come mai noi uomini di scienza e di sapienza, non sappiamo scorgere nella sua Parola l\u2019eterno amore di Dio e vedere nella Croce la sua misericordia?<\/p>\n<p>Dopo che per due domeniche la Liturgia ci ha richiamati alla riflessione sulla transitoriet\u00e0 delle cose e della vita, ecco che oggi ci mette in guardia contro \u201cil rifiuto della verit\u00e0 e della grazia\u201d(Colletta II). Cosa sarebbe di noi se, presi dalle faccende terrene, rifiutassimo di confrontarci con quella Parola che sola dona sapienza e rinnegassimo Dio che solo pu\u00f2 salvarci? Mentre non resta altro che invocarlo con fede: \u201cSignore, vieni presto in mio aiuto\u201d(salmo responsoriale).<\/p>\n","protected":false},"excerpt":{"rendered":"<p>Rif.: Ger 38,4-6.8-10; Sal39; Eb 12,1-4; Lc 12,49-57 Il salmista sembra dar voce al profeta Geremia liberato dalla cisterna fangosa dopo un\u2019iniqua condanna: \u201cmi ha tratto dalla fossa della morte, dal fango della palude\u201d. Una sorte ingiusta quella di Geremia, innocente, eppure perseguitato dal suo stesso popolo a causa della parola che Dio gli ordina [&hellip;]<\/p>\n","protected":false},"author":3,"featured_media":0,"comment_status":"open","ping_status":"open","sticky":false,"template":"","format":"standard","meta":{"_acf_changed":false,"_exactmetrics_skip_tracking":false,"_exactmetrics_sitenote_active":false,"_exactmetrics_sitenote_note":"","_exactmetrics_sitenote_category":0,"footnotes":""},"categories":[4],"tags":[],"class_list":["post-943","post","type-post","status-publish","format-standard","hentry","category-blog"],"acf":[],"yoast_head":"<!-- This site is optimized with the Yoast SEO plugin v26.2 - https:\/\/yoast.com\/wordpress\/plugins\/seo\/ -->\n<title>&quot;Ho sperato nel Signore&quot; - Centro di Documentazione e Studio del Pontificato di Giovanni Paolo II a Roma<\/title>\n<meta name=\"robots\" content=\"index, follow, max-snippet:-1, max-image-preview:large, max-video-preview:-1\" \/>\n<link rel=\"canonical\" href=\"https:\/\/jp2doc.pl\/it\/2016\/08\/13\/ho-sperato-nel-signore\/\" \/>\n<meta property=\"og:locale\" content=\"it_IT\" \/>\n<meta property=\"og:type\" content=\"article\" \/>\n<meta property=\"og:title\" content=\"&quot;Ho sperato nel Signore&quot; - Centro di Documentazione e Studio del Pontificato di Giovanni Paolo II a Roma\" \/>\n<meta property=\"og:description\" content=\"Rif.: Ger 38,4-6.8-10; Sal39; Eb 12,1-4; Lc 12,49-57 Il salmista sembra dar voce al profeta Geremia liberato dalla cisterna fangosa dopo un\u2019iniqua condanna: \u201cmi ha tratto dalla fossa della morte, dal fango della palude\u201d. Una sorte ingiusta quella di Geremia, innocente, eppure perseguitato dal suo stesso popolo a causa della parola che Dio gli ordina [&hellip;]\" \/>\n<meta property=\"og:url\" content=\"https:\/\/jp2doc.pl\/it\/2016\/08\/13\/ho-sperato-nel-signore\/\" \/>\n<meta property=\"og:site_name\" content=\"Centro di Documentazione e Studio del Pontificato di Giovanni Paolo II a Roma\" \/>\n<meta property=\"article:published_time\" content=\"2016-08-13T07:15:28+00:00\" \/>\n<meta property=\"article:modified_time\" content=\"2017-04-02T07:17:21+00:00\" \/>\n<meta property=\"og:image\" content=\"http:\/\/jp2doc.pl\/it\/wp-content\/uploads\/sites\/3\/2017\/04\/57aed6e9465dadokaza02.jpg\" \/>\n<meta name=\"author\" content=\"Anna Nogawczyk\" \/>\n<meta name=\"twitter:card\" content=\"summary_large_image\" \/>\n<meta name=\"twitter:label1\" content=\"Scritto da\" \/>\n\t<meta name=\"twitter:data1\" content=\"Anna Nogawczyk\" \/>\n\t<meta name=\"twitter:label2\" content=\"Tempo di lettura stimato\" \/>\n\t<meta name=\"twitter:data2\" content=\"3 minuti\" \/>\n<script type=\"application\/ld+json\" class=\"yoast-schema-graph\">{\"@context\":\"https:\/\/schema.org\",\"@graph\":[{\"@type\":\"Article\",\"@id\":\"https:\/\/jp2doc.pl\/it\/2016\/08\/13\/ho-sperato-nel-signore\/#article\",\"isPartOf\":{\"@id\":\"https:\/\/jp2doc.pl\/it\/2016\/08\/13\/ho-sperato-nel-signore\/\"},\"author\":{\"name\":\"Anna Nogawczyk\",\"@id\":\"https:\/\/jp2doc.pl\/it\/#\/schema\/person\/ecb3008f6674a8ed2f0cffc842168b87\"},\"headline\":\"&#8220;Ho sperato nel Signore&#8221;\",\"datePublished\":\"2016-08-13T07:15:28+00:00\",\"dateModified\":\"2017-04-02T07:17:21+00:00\",\"mainEntityOfPage\":{\"@id\":\"https:\/\/jp2doc.pl\/it\/2016\/08\/13\/ho-sperato-nel-signore\/\"},\"wordCount\":522,\"commentCount\":0,\"publisher\":{\"@id\":\"https:\/\/jp2doc.pl\/it\/#organization\"},\"image\":{\"@id\":\"https:\/\/jp2doc.pl\/it\/2016\/08\/13\/ho-sperato-nel-signore\/#primaryimage\"},\"thumbnailUrl\":\"http:\/\/jp2doc.pl\/it\/wp-content\/uploads\/sites\/3\/2017\/04\/57aed6e9465dadokaza02.jpg\",\"articleSection\":[\"Blog\"],\"inLanguage\":\"it-IT\",\"potentialAction\":[{\"@type\":\"CommentAction\",\"name\":\"Comment\",\"target\":[\"https:\/\/jp2doc.pl\/it\/2016\/08\/13\/ho-sperato-nel-signore\/#respond\"]}]},{\"@type\":\"WebPage\",\"@id\":\"https:\/\/jp2doc.pl\/it\/2016\/08\/13\/ho-sperato-nel-signore\/\",\"url\":\"https:\/\/jp2doc.pl\/it\/2016\/08\/13\/ho-sperato-nel-signore\/\",\"name\":\"\\\"Ho sperato nel Signore\\\" - Centro di Documentazione e Studio del Pontificato di Giovanni Paolo II a Roma\",\"isPartOf\":{\"@id\":\"https:\/\/jp2doc.pl\/it\/#website\"},\"primaryImageOfPage\":{\"@id\":\"https:\/\/jp2doc.pl\/it\/2016\/08\/13\/ho-sperato-nel-signore\/#primaryimage\"},\"image\":{\"@id\":\"https:\/\/jp2doc.pl\/it\/2016\/08\/13\/ho-sperato-nel-signore\/#primaryimage\"},\"thumbnailUrl\":\"http:\/\/jp2doc.pl\/it\/wp-content\/uploads\/sites\/3\/2017\/04\/57aed6e9465dadokaza02.jpg\",\"datePublished\":\"2016-08-13T07:15:28+00:00\",\"dateModified\":\"2017-04-02T07:17:21+00:00\",\"breadcrumb\":{\"@id\":\"https:\/\/jp2doc.pl\/it\/2016\/08\/13\/ho-sperato-nel-signore\/#breadcrumb\"},\"inLanguage\":\"it-IT\",\"potentialAction\":[{\"@type\":\"ReadAction\",\"target\":[\"https:\/\/jp2doc.pl\/it\/2016\/08\/13\/ho-sperato-nel-signore\/\"]}]},{\"@type\":\"ImageObject\",\"inLanguage\":\"it-IT\",\"@id\":\"https:\/\/jp2doc.pl\/it\/2016\/08\/13\/ho-sperato-nel-signore\/#primaryimage\",\"url\":\"http:\/\/jp2doc.pl\/it\/wp-content\/uploads\/sites\/3\/2017\/04\/57aed6e9465dadokaza02.jpg\",\"contentUrl\":\"http:\/\/jp2doc.pl\/it\/wp-content\/uploads\/sites\/3\/2017\/04\/57aed6e9465dadokaza02.jpg\"},{\"@type\":\"BreadcrumbList\",\"@id\":\"https:\/\/jp2doc.pl\/it\/2016\/08\/13\/ho-sperato-nel-signore\/#breadcrumb\",\"itemListElement\":[{\"@type\":\"ListItem\",\"position\":1,\"name\":\"Home\",\"item\":\"https:\/\/jp2doc.pl\/it\/\"},{\"@type\":\"ListItem\",\"position\":2,\"name\":\"&#8220;Ho sperato nel Signore&#8221;\"}]},{\"@type\":\"WebSite\",\"@id\":\"https:\/\/jp2doc.pl\/it\/#website\",\"url\":\"https:\/\/jp2doc.pl\/it\/\",\"name\":\"Centro di Documentazione e Studio del Pontificato di Giovanni Paolo II a Roma\",\"description\":\"\",\"publisher\":{\"@id\":\"https:\/\/jp2doc.pl\/it\/#organization\"},\"potentialAction\":[{\"@type\":\"SearchAction\",\"target\":{\"@type\":\"EntryPoint\",\"urlTemplate\":\"https:\/\/jp2doc.pl\/it\/?s={search_term_string}\"},\"query-input\":{\"@type\":\"PropertyValueSpecification\",\"valueRequired\":true,\"valueName\":\"search_term_string\"}}],\"inLanguage\":\"it-IT\"},{\"@type\":\"Organization\",\"@id\":\"https:\/\/jp2doc.pl\/it\/#organization\",\"name\":\"Centro di Documentazione e Studio del Pontificato di Giovanni Paolo II a Roma\",\"url\":\"https:\/\/jp2doc.pl\/it\/\",\"logo\":{\"@type\":\"ImageObject\",\"inLanguage\":\"it-IT\",\"@id\":\"https:\/\/jp2doc.pl\/it\/#\/schema\/logo\/image\/\",\"url\":\"https:\/\/jp2doc.pl\/it\/wp-content\/uploads\/sites\/3\/2017\/03\/cropped-logo.png\",\"contentUrl\":\"https:\/\/jp2doc.pl\/it\/wp-content\/uploads\/sites\/3\/2017\/03\/cropped-logo.png\",\"width\":115,\"height\":115,\"caption\":\"Centro di Documentazione e Studio del Pontificato di Giovanni Paolo II a Roma\"},\"image\":{\"@id\":\"https:\/\/jp2doc.pl\/it\/#\/schema\/logo\/image\/\"}},{\"@type\":\"Person\",\"@id\":\"https:\/\/jp2doc.pl\/it\/#\/schema\/person\/ecb3008f6674a8ed2f0cffc842168b87\",\"name\":\"Anna Nogawczyk\",\"image\":{\"@type\":\"ImageObject\",\"inLanguage\":\"it-IT\",\"@id\":\"https:\/\/jp2doc.pl\/it\/#\/schema\/person\/image\/\",\"url\":\"https:\/\/secure.gravatar.com\/avatar\/7f49c0a3455a5f39b9815332b5595517d52774cc8803ff595476ca8543d405f2?s=96&d=mm&r=g\",\"contentUrl\":\"https:\/\/secure.gravatar.com\/avatar\/7f49c0a3455a5f39b9815332b5595517d52774cc8803ff595476ca8543d405f2?s=96&d=mm&r=g\",\"caption\":\"Anna Nogawczyk\"},\"url\":\"https:\/\/jp2doc.pl\/it\/author\/ania-nogawczyk\/\"}]}<\/script>\n<!-- \/ Yoast SEO plugin. -->","yoast_head_json":{"title":"\"Ho sperato nel Signore\" - Centro di Documentazione e Studio del Pontificato di Giovanni Paolo II a Roma","robots":{"index":"index","follow":"follow","max-snippet":"max-snippet:-1","max-image-preview":"max-image-preview:large","max-video-preview":"max-video-preview:-1"},"canonical":"https:\/\/jp2doc.pl\/it\/2016\/08\/13\/ho-sperato-nel-signore\/","og_locale":"it_IT","og_type":"article","og_title":"\"Ho sperato nel Signore\" - Centro di Documentazione e Studio del Pontificato di Giovanni Paolo II a Roma","og_description":"Rif.: Ger 38,4-6.8-10; Sal39; Eb 12,1-4; Lc 12,49-57 Il salmista sembra dar voce al profeta Geremia liberato dalla cisterna fangosa dopo un\u2019iniqua condanna: \u201cmi ha tratto dalla fossa della morte, dal fango della palude\u201d. Una sorte ingiusta quella di Geremia, innocente, eppure perseguitato dal suo stesso popolo a causa della parola che Dio gli ordina [&hellip;]","og_url":"https:\/\/jp2doc.pl\/it\/2016\/08\/13\/ho-sperato-nel-signore\/","og_site_name":"Centro di Documentazione e Studio del Pontificato di Giovanni Paolo II a Roma","article_published_time":"2016-08-13T07:15:28+00:00","article_modified_time":"2017-04-02T07:17:21+00:00","og_image":[{"url":"http:\/\/jp2doc.pl\/it\/wp-content\/uploads\/sites\/3\/2017\/04\/57aed6e9465dadokaza02.jpg","type":"","width":"","height":""}],"author":"Anna Nogawczyk","twitter_card":"summary_large_image","twitter_misc":{"Scritto da":"Anna Nogawczyk","Tempo di lettura stimato":"3 minuti"},"schema":{"@context":"https:\/\/schema.org","@graph":[{"@type":"Article","@id":"https:\/\/jp2doc.pl\/it\/2016\/08\/13\/ho-sperato-nel-signore\/#article","isPartOf":{"@id":"https:\/\/jp2doc.pl\/it\/2016\/08\/13\/ho-sperato-nel-signore\/"},"author":{"name":"Anna Nogawczyk","@id":"https:\/\/jp2doc.pl\/it\/#\/schema\/person\/ecb3008f6674a8ed2f0cffc842168b87"},"headline":"&#8220;Ho sperato nel Signore&#8221;","datePublished":"2016-08-13T07:15:28+00:00","dateModified":"2017-04-02T07:17:21+00:00","mainEntityOfPage":{"@id":"https:\/\/jp2doc.pl\/it\/2016\/08\/13\/ho-sperato-nel-signore\/"},"wordCount":522,"commentCount":0,"publisher":{"@id":"https:\/\/jp2doc.pl\/it\/#organization"},"image":{"@id":"https:\/\/jp2doc.pl\/it\/2016\/08\/13\/ho-sperato-nel-signore\/#primaryimage"},"thumbnailUrl":"http:\/\/jp2doc.pl\/it\/wp-content\/uploads\/sites\/3\/2017\/04\/57aed6e9465dadokaza02.jpg","articleSection":["Blog"],"inLanguage":"it-IT","potentialAction":[{"@type":"CommentAction","name":"Comment","target":["https:\/\/jp2doc.pl\/it\/2016\/08\/13\/ho-sperato-nel-signore\/#respond"]}]},{"@type":"WebPage","@id":"https:\/\/jp2doc.pl\/it\/2016\/08\/13\/ho-sperato-nel-signore\/","url":"https:\/\/jp2doc.pl\/it\/2016\/08\/13\/ho-sperato-nel-signore\/","name":"\"Ho sperato nel Signore\" - Centro di Documentazione e Studio del Pontificato di Giovanni Paolo II a Roma","isPartOf":{"@id":"https:\/\/jp2doc.pl\/it\/#website"},"primaryImageOfPage":{"@id":"https:\/\/jp2doc.pl\/it\/2016\/08\/13\/ho-sperato-nel-signore\/#primaryimage"},"image":{"@id":"https:\/\/jp2doc.pl\/it\/2016\/08\/13\/ho-sperato-nel-signore\/#primaryimage"},"thumbnailUrl":"http:\/\/jp2doc.pl\/it\/wp-content\/uploads\/sites\/3\/2017\/04\/57aed6e9465dadokaza02.jpg","datePublished":"2016-08-13T07:15:28+00:00","dateModified":"2017-04-02T07:17:21+00:00","breadcrumb":{"@id":"https:\/\/jp2doc.pl\/it\/2016\/08\/13\/ho-sperato-nel-signore\/#breadcrumb"},"inLanguage":"it-IT","potentialAction":[{"@type":"ReadAction","target":["https:\/\/jp2doc.pl\/it\/2016\/08\/13\/ho-sperato-nel-signore\/"]}]},{"@type":"ImageObject","inLanguage":"it-IT","@id":"https:\/\/jp2doc.pl\/it\/2016\/08\/13\/ho-sperato-nel-signore\/#primaryimage","url":"http:\/\/jp2doc.pl\/it\/wp-content\/uploads\/sites\/3\/2017\/04\/57aed6e9465dadokaza02.jpg","contentUrl":"http:\/\/jp2doc.pl\/it\/wp-content\/uploads\/sites\/3\/2017\/04\/57aed6e9465dadokaza02.jpg"},{"@type":"BreadcrumbList","@id":"https:\/\/jp2doc.pl\/it\/2016\/08\/13\/ho-sperato-nel-signore\/#breadcrumb","itemListElement":[{"@type":"ListItem","position":1,"name":"Home","item":"https:\/\/jp2doc.pl\/it\/"},{"@type":"ListItem","position":2,"name":"&#8220;Ho sperato nel Signore&#8221;"}]},{"@type":"WebSite","@id":"https:\/\/jp2doc.pl\/it\/#website","url":"https:\/\/jp2doc.pl\/it\/","name":"Centro di Documentazione e Studio del Pontificato di Giovanni Paolo II a Roma","description":"","publisher":{"@id":"https:\/\/jp2doc.pl\/it\/#organization"},"potentialAction":[{"@type":"SearchAction","target":{"@type":"EntryPoint","urlTemplate":"https:\/\/jp2doc.pl\/it\/?s={search_term_string}"},"query-input":{"@type":"PropertyValueSpecification","valueRequired":true,"valueName":"search_term_string"}}],"inLanguage":"it-IT"},{"@type":"Organization","@id":"https:\/\/jp2doc.pl\/it\/#organization","name":"Centro di Documentazione e Studio del Pontificato di Giovanni Paolo II a Roma","url":"https:\/\/jp2doc.pl\/it\/","logo":{"@type":"ImageObject","inLanguage":"it-IT","@id":"https:\/\/jp2doc.pl\/it\/#\/schema\/logo\/image\/","url":"https:\/\/jp2doc.pl\/it\/wp-content\/uploads\/sites\/3\/2017\/03\/cropped-logo.png","contentUrl":"https:\/\/jp2doc.pl\/it\/wp-content\/uploads\/sites\/3\/2017\/03\/cropped-logo.png","width":115,"height":115,"caption":"Centro di Documentazione e Studio del Pontificato di Giovanni Paolo II a Roma"},"image":{"@id":"https:\/\/jp2doc.pl\/it\/#\/schema\/logo\/image\/"}},{"@type":"Person","@id":"https:\/\/jp2doc.pl\/it\/#\/schema\/person\/ecb3008f6674a8ed2f0cffc842168b87","name":"Anna Nogawczyk","image":{"@type":"ImageObject","inLanguage":"it-IT","@id":"https:\/\/jp2doc.pl\/it\/#\/schema\/person\/image\/","url":"https:\/\/secure.gravatar.com\/avatar\/7f49c0a3455a5f39b9815332b5595517d52774cc8803ff595476ca8543d405f2?s=96&d=mm&r=g","contentUrl":"https:\/\/secure.gravatar.com\/avatar\/7f49c0a3455a5f39b9815332b5595517d52774cc8803ff595476ca8543d405f2?s=96&d=mm&r=g","caption":"Anna Nogawczyk"},"url":"https:\/\/jp2doc.pl\/it\/author\/ania-nogawczyk\/"}]}},"_links":{"self":[{"href":"https:\/\/jp2doc.pl\/it\/wp-json\/wp\/v2\/posts\/943","targetHints":{"allow":["GET"]}}],"collection":[{"href":"https:\/\/jp2doc.pl\/it\/wp-json\/wp\/v2\/posts"}],"about":[{"href":"https:\/\/jp2doc.pl\/it\/wp-json\/wp\/v2\/types\/post"}],"author":[{"embeddable":true,"href":"https:\/\/jp2doc.pl\/it\/wp-json\/wp\/v2\/users\/3"}],"replies":[{"embeddable":true,"href":"https:\/\/jp2doc.pl\/it\/wp-json\/wp\/v2\/comments?post=943"}],"version-history":[{"count":1,"href":"https:\/\/jp2doc.pl\/it\/wp-json\/wp\/v2\/posts\/943\/revisions"}],"predecessor-version":[{"id":945,"href":"https:\/\/jp2doc.pl\/it\/wp-json\/wp\/v2\/posts\/943\/revisions\/945"}],"wp:attachment":[{"href":"https:\/\/jp2doc.pl\/it\/wp-json\/wp\/v2\/media?parent=943"}],"wp:term":[{"taxonomy":"category","embeddable":true,"href":"https:\/\/jp2doc.pl\/it\/wp-json\/wp\/v2\/categories?post=943"},{"taxonomy":"post_tag","embeddable":true,"href":"https:\/\/jp2doc.pl\/it\/wp-json\/wp\/v2\/tags?post=943"}],"curies":[{"name":"wp","href":"https:\/\/api.w.org\/{rel}","templated":true}]}}