{"id":961,"date":"2016-07-07T09:22:56","date_gmt":"2016-07-07T07:22:56","guid":{"rendered":"http:\/\/jp2doc.pl\/it\/?p=961"},"modified":"2017-04-02T09:24:32","modified_gmt":"2017-04-02T07:24:32","slug":"amerai-compendio-e-anima-della-legge","status":"publish","type":"post","link":"https:\/\/jp2doc.pl\/it\/2016\/07\/07\/amerai-compendio-e-anima-della-legge\/","title":{"rendered":"Amerai! Compendio e anima della legge"},"content":{"rendered":"<p><i>\u00a0Rif.: Dt 30,10-14; Sal 18\/19,8-11; Col 1,15-20; Lc 10,25-37<\/i><\/p>\n<p>La Liturgia di questa domenica appare come una lunga catechesi sul senso della Legge, spesso considerata come un elenco di 10 divieti, ormai superati, che lasciano il tempo che trovano. Dalla Prima lettura apprendiamo che essa \u00e8 innanzitutto Parola che Dio rivolge alle sue creature per metterle in guardia contro il male, Parola che Dio deposita sulle labbra e incide nel cuore dell&#8217;uomo, Parola viva, presente all&#8217;interno di ogni coscienza per illuminarne scelte e azioni, ispirarne volont\u00e0 e progetti (I lett.).<\/p>\n<p><img loading=\"lazy\" decoding=\"async\" width=\"560\" height=\"374\" class=\"aligncenter size-full wp-image-962\" src=\"http:\/\/jp2doc.pl\/it\/wp-content\/uploads\/sites\/3\/2017\/04\/577e1e89524db2313537844_948798412d_o.jpg\" alt=\"\" \/><\/p>\n<p>San Paolo, invece, ha pi\u00f9 volte ribadito, e anche questa domenica sottolinea, che non \u00e8 la Legge a donarci la salvezza, ma Cristo, Alfa e Omega della creazione, che ha riconciliato in s\u00e9, per mezzo della Croce, ogni creatura della terra e del cielo (II lett.). Allora che senso ha ubbidire ai Comandamenti se \u00e8 Cristo a salvarci e perdonarci? L&#8217;apparente contraddizione tra prima e seconda lettura \u00e8 risolta dal Vangelo. Messo alla prova da un dottore della Legge, che gli chiede cosa fare per ottenere la vita eterna, Ges\u00f9 risponde: \u201cCosa sta scritto nella Legge? Come leggi?\u201d.<\/p>\n<p>Il dottore comprende che Ges\u00f9, pur facendo riferimento ai comandamenti, si attende una risposta diversa. \u201cCome leggi?\u201d vuol dire che lettura ne dai, come la interpreti, che valore essa da alla tua vita? E l&#8217;uomo va al cuore della Legge, al suo pilastro portante: l&#8217;amore e, con una risposta illuminante, la riassume in due soli comandamenti: \u201cAmerai il Signore tuo Dio con tutto il tuo cuore &#8230;, e il tuo prossimo come te stesso\u201d. Lo studioso ha compreso che la Legge non \u00e8 un elenco negativo di proibizioni, essa \u00e8 un cuore pulsante che dona e chiede vita e amore. La sua lettura corretta non \u00e8 al negativo: \u201cnon fare\u201d, ma al positivo: \u201cama\u201d, ama Dio, il prossimo, il creato, apprezza la bellezza insita in ogni cosa o persona che ti circonda.<\/p>\n<p>Allora il \u201cNon nominare il nome di Dio invano\u201d \u2013 perch\u00e9 toglieresti solennit\u00e0 al Nome che ti salva, ridurresti ad abitudine il richiamo a Colui che devi pregare e priveresti la tua preghiera di dignit\u00e0 \u2013 sar\u00e0: ringrazia per tutto ci\u00f2 che Dio ti ha concesso, ama ogni cosa che hai ricevuto in dono, ogni persona che ti \u00e8 stata affidata e abb\u00ecne cura.<\/p>\n<p>E il \u201cnon uccidere\u201d perch\u00e9 distruggeresti l&#8217;intima bellezza di ognuno, disprezzeresti Dio e l&#8217;immagine di Lui che ciascun uomo si porta dentro, diventer\u00e0 \u201csii attento alle sofferenze e alle miserie\u201d dei tuoi fratelli. Solo cos\u00ec la Legge sar\u00e0 una strada che porta all&#8217;imitazione di Cristo che si \u00e8 fatto nostro prossimo e su di noi si chinato per curare le nostre ferite e miserie.<\/p>\n<p>Legge, Parola da amare per amare Dio e gli uomini.<\/p>\n<p><img loading=\"lazy\" decoding=\"async\" width=\"560\" height=\"840\" class=\"aligncenter size-full wp-image-963\" src=\"http:\/\/jp2doc.pl\/it\/wp-content\/uploads\/sites\/3\/2017\/04\/577e1ed719d2e751869707_44425471bc_o.jpg\" alt=\"\" srcset=\"https:\/\/jp2doc.pl\/it\/wp-content\/uploads\/sites\/3\/2017\/04\/577e1ed719d2e751869707_44425471bc_o.jpg 560w, https:\/\/jp2doc.pl\/it\/wp-content\/uploads\/sites\/3\/2017\/04\/577e1ed719d2e751869707_44425471bc_o-427x640.jpg 427w\" sizes=\"auto, (max-width: 560px) 100vw, 560px\" \/><\/p>\n","protected":false},"excerpt":{"rendered":"<p>\u00a0Rif.: Dt 30,10-14; Sal 18\/19,8-11; Col 1,15-20; Lc 10,25-37 La Liturgia di questa domenica appare come una lunga catechesi sul senso della Legge, spesso considerata come un elenco di 10 divieti, ormai superati, che lasciano il tempo che trovano. Dalla Prima lettura apprendiamo che essa \u00e8 innanzitutto Parola che Dio rivolge alle sue creature per [&hellip;]<\/p>\n","protected":false},"author":3,"featured_media":0,"comment_status":"open","ping_status":"open","sticky":false,"template":"","format":"standard","meta":{"_acf_changed":false,"_exactmetrics_skip_tracking":false,"_exactmetrics_sitenote_active":false,"_exactmetrics_sitenote_note":"","_exactmetrics_sitenote_category":0,"footnotes":""},"categories":[4],"tags":[],"class_list":["post-961","post","type-post","status-publish","format-standard","hentry","category-blog"],"acf":[],"yoast_head":"<!-- This site is optimized with the Yoast SEO plugin v26.2 - https:\/\/yoast.com\/wordpress\/plugins\/seo\/ -->\n<title>Amerai! Compendio e anima della legge - Centro di Documentazione e Studio del Pontificato di Giovanni Paolo II a Roma<\/title>\n<meta name=\"robots\" content=\"index, follow, max-snippet:-1, max-image-preview:large, max-video-preview:-1\" \/>\n<link rel=\"canonical\" href=\"https:\/\/jp2doc.pl\/it\/2016\/07\/07\/amerai-compendio-e-anima-della-legge\/\" \/>\n<meta property=\"og:locale\" content=\"it_IT\" \/>\n<meta property=\"og:type\" content=\"article\" \/>\n<meta property=\"og:title\" content=\"Amerai! Compendio e anima della legge - Centro di Documentazione e Studio del Pontificato di Giovanni Paolo II a Roma\" \/>\n<meta property=\"og:description\" content=\"\u00a0Rif.: Dt 30,10-14; Sal 18\/19,8-11; Col 1,15-20; Lc 10,25-37 La Liturgia di questa domenica appare come una lunga catechesi sul senso della Legge, spesso considerata come un elenco di 10 divieti, ormai superati, che lasciano il tempo che trovano. Dalla Prima lettura apprendiamo che essa \u00e8 innanzitutto Parola che Dio rivolge alle sue creature per [&hellip;]\" \/>\n<meta property=\"og:url\" content=\"https:\/\/jp2doc.pl\/it\/2016\/07\/07\/amerai-compendio-e-anima-della-legge\/\" \/>\n<meta property=\"og:site_name\" content=\"Centro di Documentazione e Studio del Pontificato di Giovanni Paolo II a Roma\" \/>\n<meta property=\"article:published_time\" content=\"2016-07-07T07:22:56+00:00\" \/>\n<meta property=\"article:modified_time\" content=\"2017-04-02T07:24:32+00:00\" \/>\n<meta property=\"og:image\" content=\"http:\/\/jp2doc.pl\/it\/wp-content\/uploads\/sites\/3\/2017\/04\/577e1e89524db2313537844_948798412d_o.jpg\" \/>\n<meta name=\"author\" content=\"Anna Nogawczyk\" \/>\n<meta name=\"twitter:card\" content=\"summary_large_image\" \/>\n<meta name=\"twitter:label1\" content=\"Scritto da\" \/>\n\t<meta name=\"twitter:data1\" content=\"Anna Nogawczyk\" \/>\n\t<meta name=\"twitter:label2\" content=\"Tempo di lettura stimato\" \/>\n\t<meta name=\"twitter:data2\" content=\"2 minuti\" \/>\n<script type=\"application\/ld+json\" class=\"yoast-schema-graph\">{\"@context\":\"https:\/\/schema.org\",\"@graph\":[{\"@type\":\"Article\",\"@id\":\"https:\/\/jp2doc.pl\/it\/2016\/07\/07\/amerai-compendio-e-anima-della-legge\/#article\",\"isPartOf\":{\"@id\":\"https:\/\/jp2doc.pl\/it\/2016\/07\/07\/amerai-compendio-e-anima-della-legge\/\"},\"author\":{\"name\":\"Anna Nogawczyk\",\"@id\":\"https:\/\/jp2doc.pl\/it\/#\/schema\/person\/ecb3008f6674a8ed2f0cffc842168b87\"},\"headline\":\"Amerai! Compendio e anima della legge\",\"datePublished\":\"2016-07-07T07:22:56+00:00\",\"dateModified\":\"2017-04-02T07:24:32+00:00\",\"mainEntityOfPage\":{\"@id\":\"https:\/\/jp2doc.pl\/it\/2016\/07\/07\/amerai-compendio-e-anima-della-legge\/\"},\"wordCount\":460,\"commentCount\":0,\"publisher\":{\"@id\":\"https:\/\/jp2doc.pl\/it\/#organization\"},\"image\":{\"@id\":\"https:\/\/jp2doc.pl\/it\/2016\/07\/07\/amerai-compendio-e-anima-della-legge\/#primaryimage\"},\"thumbnailUrl\":\"http:\/\/jp2doc.pl\/it\/wp-content\/uploads\/sites\/3\/2017\/04\/577e1e89524db2313537844_948798412d_o.jpg\",\"articleSection\":[\"Blog\"],\"inLanguage\":\"it-IT\",\"potentialAction\":[{\"@type\":\"CommentAction\",\"name\":\"Comment\",\"target\":[\"https:\/\/jp2doc.pl\/it\/2016\/07\/07\/amerai-compendio-e-anima-della-legge\/#respond\"]}]},{\"@type\":\"WebPage\",\"@id\":\"https:\/\/jp2doc.pl\/it\/2016\/07\/07\/amerai-compendio-e-anima-della-legge\/\",\"url\":\"https:\/\/jp2doc.pl\/it\/2016\/07\/07\/amerai-compendio-e-anima-della-legge\/\",\"name\":\"Amerai! Compendio e anima della legge - Centro di Documentazione e Studio del Pontificato di Giovanni Paolo II a Roma\",\"isPartOf\":{\"@id\":\"https:\/\/jp2doc.pl\/it\/#website\"},\"primaryImageOfPage\":{\"@id\":\"https:\/\/jp2doc.pl\/it\/2016\/07\/07\/amerai-compendio-e-anima-della-legge\/#primaryimage\"},\"image\":{\"@id\":\"https:\/\/jp2doc.pl\/it\/2016\/07\/07\/amerai-compendio-e-anima-della-legge\/#primaryimage\"},\"thumbnailUrl\":\"http:\/\/jp2doc.pl\/it\/wp-content\/uploads\/sites\/3\/2017\/04\/577e1e89524db2313537844_948798412d_o.jpg\",\"datePublished\":\"2016-07-07T07:22:56+00:00\",\"dateModified\":\"2017-04-02T07:24:32+00:00\",\"breadcrumb\":{\"@id\":\"https:\/\/jp2doc.pl\/it\/2016\/07\/07\/amerai-compendio-e-anima-della-legge\/#breadcrumb\"},\"inLanguage\":\"it-IT\",\"potentialAction\":[{\"@type\":\"ReadAction\",\"target\":[\"https:\/\/jp2doc.pl\/it\/2016\/07\/07\/amerai-compendio-e-anima-della-legge\/\"]}]},{\"@type\":\"ImageObject\",\"inLanguage\":\"it-IT\",\"@id\":\"https:\/\/jp2doc.pl\/it\/2016\/07\/07\/amerai-compendio-e-anima-della-legge\/#primaryimage\",\"url\":\"http:\/\/jp2doc.pl\/it\/wp-content\/uploads\/sites\/3\/2017\/04\/577e1e89524db2313537844_948798412d_o.jpg\",\"contentUrl\":\"http:\/\/jp2doc.pl\/it\/wp-content\/uploads\/sites\/3\/2017\/04\/577e1e89524db2313537844_948798412d_o.jpg\"},{\"@type\":\"BreadcrumbList\",\"@id\":\"https:\/\/jp2doc.pl\/it\/2016\/07\/07\/amerai-compendio-e-anima-della-legge\/#breadcrumb\",\"itemListElement\":[{\"@type\":\"ListItem\",\"position\":1,\"name\":\"Home\",\"item\":\"https:\/\/jp2doc.pl\/it\/\"},{\"@type\":\"ListItem\",\"position\":2,\"name\":\"Amerai! Compendio e anima della legge\"}]},{\"@type\":\"WebSite\",\"@id\":\"https:\/\/jp2doc.pl\/it\/#website\",\"url\":\"https:\/\/jp2doc.pl\/it\/\",\"name\":\"Centro di Documentazione e Studio del Pontificato di Giovanni Paolo II a Roma\",\"description\":\"\",\"publisher\":{\"@id\":\"https:\/\/jp2doc.pl\/it\/#organization\"},\"potentialAction\":[{\"@type\":\"SearchAction\",\"target\":{\"@type\":\"EntryPoint\",\"urlTemplate\":\"https:\/\/jp2doc.pl\/it\/?s={search_term_string}\"},\"query-input\":{\"@type\":\"PropertyValueSpecification\",\"valueRequired\":true,\"valueName\":\"search_term_string\"}}],\"inLanguage\":\"it-IT\"},{\"@type\":\"Organization\",\"@id\":\"https:\/\/jp2doc.pl\/it\/#organization\",\"name\":\"Centro di Documentazione e Studio del Pontificato di Giovanni Paolo II a Roma\",\"url\":\"https:\/\/jp2doc.pl\/it\/\",\"logo\":{\"@type\":\"ImageObject\",\"inLanguage\":\"it-IT\",\"@id\":\"https:\/\/jp2doc.pl\/it\/#\/schema\/logo\/image\/\",\"url\":\"https:\/\/jp2doc.pl\/it\/wp-content\/uploads\/sites\/3\/2017\/03\/cropped-logo.png\",\"contentUrl\":\"https:\/\/jp2doc.pl\/it\/wp-content\/uploads\/sites\/3\/2017\/03\/cropped-logo.png\",\"width\":115,\"height\":115,\"caption\":\"Centro di Documentazione e Studio del Pontificato di Giovanni Paolo II a Roma\"},\"image\":{\"@id\":\"https:\/\/jp2doc.pl\/it\/#\/schema\/logo\/image\/\"}},{\"@type\":\"Person\",\"@id\":\"https:\/\/jp2doc.pl\/it\/#\/schema\/person\/ecb3008f6674a8ed2f0cffc842168b87\",\"name\":\"Anna Nogawczyk\",\"image\":{\"@type\":\"ImageObject\",\"inLanguage\":\"it-IT\",\"@id\":\"https:\/\/jp2doc.pl\/it\/#\/schema\/person\/image\/\",\"url\":\"https:\/\/secure.gravatar.com\/avatar\/7f49c0a3455a5f39b9815332b5595517d52774cc8803ff595476ca8543d405f2?s=96&d=mm&r=g\",\"contentUrl\":\"https:\/\/secure.gravatar.com\/avatar\/7f49c0a3455a5f39b9815332b5595517d52774cc8803ff595476ca8543d405f2?s=96&d=mm&r=g\",\"caption\":\"Anna Nogawczyk\"},\"url\":\"https:\/\/jp2doc.pl\/it\/author\/ania-nogawczyk\/\"}]}<\/script>\n<!-- \/ Yoast SEO plugin. -->","yoast_head_json":{"title":"Amerai! Compendio e anima della legge - Centro di Documentazione e Studio del Pontificato di Giovanni Paolo II a Roma","robots":{"index":"index","follow":"follow","max-snippet":"max-snippet:-1","max-image-preview":"max-image-preview:large","max-video-preview":"max-video-preview:-1"},"canonical":"https:\/\/jp2doc.pl\/it\/2016\/07\/07\/amerai-compendio-e-anima-della-legge\/","og_locale":"it_IT","og_type":"article","og_title":"Amerai! Compendio e anima della legge - Centro di Documentazione e Studio del Pontificato di Giovanni Paolo II a Roma","og_description":"\u00a0Rif.: Dt 30,10-14; Sal 18\/19,8-11; Col 1,15-20; Lc 10,25-37 La Liturgia di questa domenica appare come una lunga catechesi sul senso della Legge, spesso considerata come un elenco di 10 divieti, ormai superati, che lasciano il tempo che trovano. Dalla Prima lettura apprendiamo che essa \u00e8 innanzitutto Parola che Dio rivolge alle sue creature per [&hellip;]","og_url":"https:\/\/jp2doc.pl\/it\/2016\/07\/07\/amerai-compendio-e-anima-della-legge\/","og_site_name":"Centro di Documentazione e Studio del Pontificato di Giovanni Paolo II a Roma","article_published_time":"2016-07-07T07:22:56+00:00","article_modified_time":"2017-04-02T07:24:32+00:00","og_image":[{"url":"http:\/\/jp2doc.pl\/it\/wp-content\/uploads\/sites\/3\/2017\/04\/577e1e89524db2313537844_948798412d_o.jpg","type":"","width":"","height":""}],"author":"Anna Nogawczyk","twitter_card":"summary_large_image","twitter_misc":{"Scritto da":"Anna Nogawczyk","Tempo di lettura stimato":"2 minuti"},"schema":{"@context":"https:\/\/schema.org","@graph":[{"@type":"Article","@id":"https:\/\/jp2doc.pl\/it\/2016\/07\/07\/amerai-compendio-e-anima-della-legge\/#article","isPartOf":{"@id":"https:\/\/jp2doc.pl\/it\/2016\/07\/07\/amerai-compendio-e-anima-della-legge\/"},"author":{"name":"Anna Nogawczyk","@id":"https:\/\/jp2doc.pl\/it\/#\/schema\/person\/ecb3008f6674a8ed2f0cffc842168b87"},"headline":"Amerai! Compendio e anima della legge","datePublished":"2016-07-07T07:22:56+00:00","dateModified":"2017-04-02T07:24:32+00:00","mainEntityOfPage":{"@id":"https:\/\/jp2doc.pl\/it\/2016\/07\/07\/amerai-compendio-e-anima-della-legge\/"},"wordCount":460,"commentCount":0,"publisher":{"@id":"https:\/\/jp2doc.pl\/it\/#organization"},"image":{"@id":"https:\/\/jp2doc.pl\/it\/2016\/07\/07\/amerai-compendio-e-anima-della-legge\/#primaryimage"},"thumbnailUrl":"http:\/\/jp2doc.pl\/it\/wp-content\/uploads\/sites\/3\/2017\/04\/577e1e89524db2313537844_948798412d_o.jpg","articleSection":["Blog"],"inLanguage":"it-IT","potentialAction":[{"@type":"CommentAction","name":"Comment","target":["https:\/\/jp2doc.pl\/it\/2016\/07\/07\/amerai-compendio-e-anima-della-legge\/#respond"]}]},{"@type":"WebPage","@id":"https:\/\/jp2doc.pl\/it\/2016\/07\/07\/amerai-compendio-e-anima-della-legge\/","url":"https:\/\/jp2doc.pl\/it\/2016\/07\/07\/amerai-compendio-e-anima-della-legge\/","name":"Amerai! Compendio e anima della legge - Centro di Documentazione e Studio del Pontificato di Giovanni Paolo II a Roma","isPartOf":{"@id":"https:\/\/jp2doc.pl\/it\/#website"},"primaryImageOfPage":{"@id":"https:\/\/jp2doc.pl\/it\/2016\/07\/07\/amerai-compendio-e-anima-della-legge\/#primaryimage"},"image":{"@id":"https:\/\/jp2doc.pl\/it\/2016\/07\/07\/amerai-compendio-e-anima-della-legge\/#primaryimage"},"thumbnailUrl":"http:\/\/jp2doc.pl\/it\/wp-content\/uploads\/sites\/3\/2017\/04\/577e1e89524db2313537844_948798412d_o.jpg","datePublished":"2016-07-07T07:22:56+00:00","dateModified":"2017-04-02T07:24:32+00:00","breadcrumb":{"@id":"https:\/\/jp2doc.pl\/it\/2016\/07\/07\/amerai-compendio-e-anima-della-legge\/#breadcrumb"},"inLanguage":"it-IT","potentialAction":[{"@type":"ReadAction","target":["https:\/\/jp2doc.pl\/it\/2016\/07\/07\/amerai-compendio-e-anima-della-legge\/"]}]},{"@type":"ImageObject","inLanguage":"it-IT","@id":"https:\/\/jp2doc.pl\/it\/2016\/07\/07\/amerai-compendio-e-anima-della-legge\/#primaryimage","url":"http:\/\/jp2doc.pl\/it\/wp-content\/uploads\/sites\/3\/2017\/04\/577e1e89524db2313537844_948798412d_o.jpg","contentUrl":"http:\/\/jp2doc.pl\/it\/wp-content\/uploads\/sites\/3\/2017\/04\/577e1e89524db2313537844_948798412d_o.jpg"},{"@type":"BreadcrumbList","@id":"https:\/\/jp2doc.pl\/it\/2016\/07\/07\/amerai-compendio-e-anima-della-legge\/#breadcrumb","itemListElement":[{"@type":"ListItem","position":1,"name":"Home","item":"https:\/\/jp2doc.pl\/it\/"},{"@type":"ListItem","position":2,"name":"Amerai! Compendio e anima della legge"}]},{"@type":"WebSite","@id":"https:\/\/jp2doc.pl\/it\/#website","url":"https:\/\/jp2doc.pl\/it\/","name":"Centro di Documentazione e Studio del Pontificato di Giovanni Paolo II a Roma","description":"","publisher":{"@id":"https:\/\/jp2doc.pl\/it\/#organization"},"potentialAction":[{"@type":"SearchAction","target":{"@type":"EntryPoint","urlTemplate":"https:\/\/jp2doc.pl\/it\/?s={search_term_string}"},"query-input":{"@type":"PropertyValueSpecification","valueRequired":true,"valueName":"search_term_string"}}],"inLanguage":"it-IT"},{"@type":"Organization","@id":"https:\/\/jp2doc.pl\/it\/#organization","name":"Centro di Documentazione e Studio del Pontificato di Giovanni Paolo II a Roma","url":"https:\/\/jp2doc.pl\/it\/","logo":{"@type":"ImageObject","inLanguage":"it-IT","@id":"https:\/\/jp2doc.pl\/it\/#\/schema\/logo\/image\/","url":"https:\/\/jp2doc.pl\/it\/wp-content\/uploads\/sites\/3\/2017\/03\/cropped-logo.png","contentUrl":"https:\/\/jp2doc.pl\/it\/wp-content\/uploads\/sites\/3\/2017\/03\/cropped-logo.png","width":115,"height":115,"caption":"Centro di Documentazione e Studio del Pontificato di Giovanni Paolo II a Roma"},"image":{"@id":"https:\/\/jp2doc.pl\/it\/#\/schema\/logo\/image\/"}},{"@type":"Person","@id":"https:\/\/jp2doc.pl\/it\/#\/schema\/person\/ecb3008f6674a8ed2f0cffc842168b87","name":"Anna Nogawczyk","image":{"@type":"ImageObject","inLanguage":"it-IT","@id":"https:\/\/jp2doc.pl\/it\/#\/schema\/person\/image\/","url":"https:\/\/secure.gravatar.com\/avatar\/7f49c0a3455a5f39b9815332b5595517d52774cc8803ff595476ca8543d405f2?s=96&d=mm&r=g","contentUrl":"https:\/\/secure.gravatar.com\/avatar\/7f49c0a3455a5f39b9815332b5595517d52774cc8803ff595476ca8543d405f2?s=96&d=mm&r=g","caption":"Anna Nogawczyk"},"url":"https:\/\/jp2doc.pl\/it\/author\/ania-nogawczyk\/"}]}},"_links":{"self":[{"href":"https:\/\/jp2doc.pl\/it\/wp-json\/wp\/v2\/posts\/961","targetHints":{"allow":["GET"]}}],"collection":[{"href":"https:\/\/jp2doc.pl\/it\/wp-json\/wp\/v2\/posts"}],"about":[{"href":"https:\/\/jp2doc.pl\/it\/wp-json\/wp\/v2\/types\/post"}],"author":[{"embeddable":true,"href":"https:\/\/jp2doc.pl\/it\/wp-json\/wp\/v2\/users\/3"}],"replies":[{"embeddable":true,"href":"https:\/\/jp2doc.pl\/it\/wp-json\/wp\/v2\/comments?post=961"}],"version-history":[{"count":1,"href":"https:\/\/jp2doc.pl\/it\/wp-json\/wp\/v2\/posts\/961\/revisions"}],"predecessor-version":[{"id":964,"href":"https:\/\/jp2doc.pl\/it\/wp-json\/wp\/v2\/posts\/961\/revisions\/964"}],"wp:attachment":[{"href":"https:\/\/jp2doc.pl\/it\/wp-json\/wp\/v2\/media?parent=961"}],"wp:term":[{"taxonomy":"category","embeddable":true,"href":"https:\/\/jp2doc.pl\/it\/wp-json\/wp\/v2\/categories?post=961"},{"taxonomy":"post_tag","embeddable":true,"href":"https:\/\/jp2doc.pl\/it\/wp-json\/wp\/v2\/tags?post=961"}],"curies":[{"name":"wp","href":"https:\/\/api.w.org\/{rel}","templated":true}]}}