{"id":965,"date":"2016-06-30T09:24:52","date_gmt":"2016-06-30T07:24:52","guid":{"rendered":"http:\/\/jp2doc.pl\/it\/?p=965"},"modified":"2017-04-02T09:26:17","modified_gmt":"2017-04-02T07:26:17","slug":"come-agnelli-in-mezzo-ai-lupi","status":"publish","type":"post","link":"https:\/\/jp2doc.pl\/it\/2016\/06\/30\/come-agnelli-in-mezzo-ai-lupi\/","title":{"rendered":"\u201cCome agnelli in mezzo ai lupi\u201d"},"content":{"rendered":"<p><i>\u00a0Rif.: Is 66,10-14c; Sal 65\/66,1-7.16.20; Gal 6,14-18; Lc 10,1-12.17-20<\/i><\/p>\n<p>Nelle Letture di questa domenica si intrecciano strettamente i temi della vocazione e della pace, la prima finalizzata all\u2019annuncio della seconda.<\/p>\n<p>Isaia, il grande profeta, \u00e8 inviato al popolo affinch\u00e9 lo esorti a mantenere intatta la fede e la speranza in Dio: presto l\u2019esilio finir\u00e0, vicino \u00e8 il tempo del ritorno in patria, soprattutto \u00e8 vicino il tempo della pace con Dio. S\u00ec, il Signore ha deposto il castigo e consoler\u00e0 il popolo come una madre consola il figlio. La grande visione della prossima riconciliazione \u00e8 certamente diretta ai contemporanei, ma il profeta non \u00e8 mai legato al tempo, le sue parole si estendono al di l\u00e0 del momento storico e ci conducono alla visione della Gerusalemme celeste, l\u00e0 dove Dio consoler\u00e0 ogni uomo e asciugher\u00e0 ogni lacrima in una pace eterna e definitiva.<\/p>\n<p><img loading=\"lazy\" decoding=\"async\" width=\"560\" height=\"375\" class=\"aligncenter size-full wp-image-966\" src=\"http:\/\/jp2doc.pl\/it\/wp-content\/uploads\/sites\/3\/2017\/04\/5775167f10dadtrekking-299000.jpg\" alt=\"\" \/><\/p>\n<p>Anche s. Paolo (II lett.) \u00e8 un apostolo, un \u201cinviato\u201d dal Signore, che si rivolge ai suoi contemporanei, ma, come Isaia, anche le sue parole giungono a noi oggi, intatte nella loro attualit\u00e0. A differenza del profeta, le sue parole segnano un passo avanti nella fede: non bisogna pi\u00f9 attendere la liberazione dall\u2019esilio, il cristiano \u00e8 gi\u00e0 stato liberato da Cristo e, immerso in Lui, rinasce come nuova creatura e lo stesso Paolo ne \u00e8 esempio vivente. Dall\u2019incontro con il Signore, infatti, l\u2019Apostolo ha ricevuto una nuova visione delle cose e, ci\u00f2 che prima era motivo di vanto: lo stato sociale, la cultura, l\u2019antico orgoglio farisaico, l\u2019appartenenza all\u2019ebraismo simboleggiata dalla circoncisione, ora \u00e8 considerato come un nulla, poich\u00e9, conclude: \u201c(per me) non ci sia altro vanto che nella croce del Signore nostro Ges\u00f9 Cristo\u201d. Affrancato da ogni vincolo egli \u00e8 libero di seguire il Signore e di conformarsi a Lui. Non \u00e8 pi\u00f9 Saulo di Tarso, ma Paolo, Apostolo delle genti che invita il mondo a \u201clasciarsi riconciliare con Dio\u201d.<\/p>\n<p>Anche nel Vangelo Ges\u00f9 invia i discepoli \u201ccome agnelli in mezzo ai lupi\u201d. La loro \u00e8 una missione dura e difficile: \u201cnon portate borsa, n\u00e9 sacca, n\u00e9 sandali e non fermatevi a salutare nessuno lunga la strada&#8230;\u201d. Nessun bene materiale, nessun sollievo amicale, ma, dove manca il conforto umano, l\u00e0 subentra la fede e Dio diventa Provvidenza da attendere, Amico da incontrare, Via da percorrere, Signore da annunciare.<\/p>\n<p>S\u00ec \u00e8 questa la strada del cristiano, un cammino di affidamento totale a Dio con il quale vive ormai riconciliato da Cristo. E quando si \u00e8 con Dio, non manca la forza, anzi c\u2019\u00e8 il desiderio di portarlo agli altri, perch\u00e9 nessuno sia escluso da questo rapporto che \u00e8 paterno e rasserenante. S\u00ec, perch\u00e9 Dio vuole essere vicino ad ogni uomo, ad ogni uomo offre consolazione e pace ed \u00e8 questo il nocciolo dell\u2019annuncio evangelico che il cristiano porta al mondo e: \u201cPace a questa casa\u201d \u00e8 il suo primo saluto.<\/p>\n<p>Pace che \u00e8 preludio al perdono,\u00a0 strumento che annulla le guerre, placa i rancori, riconcilia i nemici. Pace che \u00e8 annuncio di Dio stesso: \u201cO Trinit\u00e0 beata, oceano di pace&#8230;\u201d. E, con fervore, la Chiesa oggi prega: \u201cO Dio [\u2026], donaci il coraggio apostolico e la libert\u00e0 evangelica, perch\u00e9 rendiamo presente in ogni ambiente di vita la tua parola di amore e di pace\u201d.<\/p>\n","protected":false},"excerpt":{"rendered":"<p>\u00a0Rif.: Is 66,10-14c; Sal 65\/66,1-7.16.20; Gal 6,14-18; Lc 10,1-12.17-20 Nelle Letture di questa domenica si intrecciano strettamente i temi della vocazione e della pace, la prima finalizzata all\u2019annuncio della seconda. Isaia, il grande profeta, \u00e8 inviato al popolo affinch\u00e9 lo esorti a mantenere intatta la fede e la speranza in Dio: presto l\u2019esilio finir\u00e0, vicino [&hellip;]<\/p>\n","protected":false},"author":3,"featured_media":0,"comment_status":"open","ping_status":"open","sticky":false,"template":"","format":"standard","meta":{"_acf_changed":false,"_exactmetrics_skip_tracking":false,"_exactmetrics_sitenote_active":false,"_exactmetrics_sitenote_note":"","_exactmetrics_sitenote_category":0,"footnotes":""},"categories":[4],"tags":[],"class_list":["post-965","post","type-post","status-publish","format-standard","hentry","category-blog"],"acf":[],"yoast_head":"<!-- This site is optimized with the Yoast SEO plugin v26.2 - https:\/\/yoast.com\/wordpress\/plugins\/seo\/ -->\n<title>\u201cCome agnelli in mezzo ai lupi\u201d - Centro di Documentazione e Studio del Pontificato di Giovanni Paolo II a Roma<\/title>\n<meta name=\"robots\" content=\"index, follow, max-snippet:-1, max-image-preview:large, max-video-preview:-1\" \/>\n<link rel=\"canonical\" href=\"https:\/\/jp2doc.pl\/it\/2016\/06\/30\/come-agnelli-in-mezzo-ai-lupi\/\" \/>\n<meta property=\"og:locale\" content=\"it_IT\" \/>\n<meta property=\"og:type\" content=\"article\" \/>\n<meta property=\"og:title\" content=\"\u201cCome agnelli in mezzo ai lupi\u201d - Centro di Documentazione e Studio del Pontificato di Giovanni Paolo II a Roma\" \/>\n<meta property=\"og:description\" content=\"\u00a0Rif.: Is 66,10-14c; Sal 65\/66,1-7.16.20; Gal 6,14-18; Lc 10,1-12.17-20 Nelle Letture di questa domenica si intrecciano strettamente i temi della vocazione e della pace, la prima finalizzata all\u2019annuncio della seconda. Isaia, il grande profeta, \u00e8 inviato al popolo affinch\u00e9 lo esorti a mantenere intatta la fede e la speranza in Dio: presto l\u2019esilio finir\u00e0, vicino [&hellip;]\" \/>\n<meta property=\"og:url\" content=\"https:\/\/jp2doc.pl\/it\/2016\/06\/30\/come-agnelli-in-mezzo-ai-lupi\/\" \/>\n<meta property=\"og:site_name\" content=\"Centro di Documentazione e Studio del Pontificato di Giovanni Paolo II a Roma\" \/>\n<meta property=\"article:published_time\" content=\"2016-06-30T07:24:52+00:00\" \/>\n<meta property=\"article:modified_time\" content=\"2017-04-02T07:26:17+00:00\" \/>\n<meta property=\"og:image\" content=\"http:\/\/jp2doc.pl\/it\/wp-content\/uploads\/sites\/3\/2017\/04\/5775167f10dadtrekking-299000.jpg\" \/>\n<meta name=\"author\" content=\"Anna Nogawczyk\" \/>\n<meta name=\"twitter:card\" content=\"summary_large_image\" \/>\n<meta name=\"twitter:label1\" content=\"Scritto da\" \/>\n\t<meta name=\"twitter:data1\" content=\"Anna Nogawczyk\" \/>\n\t<meta name=\"twitter:label2\" content=\"Tempo di lettura stimato\" \/>\n\t<meta name=\"twitter:data2\" content=\"3 minuti\" \/>\n<script type=\"application\/ld+json\" class=\"yoast-schema-graph\">{\"@context\":\"https:\/\/schema.org\",\"@graph\":[{\"@type\":\"Article\",\"@id\":\"https:\/\/jp2doc.pl\/it\/2016\/06\/30\/come-agnelli-in-mezzo-ai-lupi\/#article\",\"isPartOf\":{\"@id\":\"https:\/\/jp2doc.pl\/it\/2016\/06\/30\/come-agnelli-in-mezzo-ai-lupi\/\"},\"author\":{\"name\":\"Anna Nogawczyk\",\"@id\":\"https:\/\/jp2doc.pl\/it\/#\/schema\/person\/ecb3008f6674a8ed2f0cffc842168b87\"},\"headline\":\"\u201cCome agnelli in mezzo ai lupi\u201d\",\"datePublished\":\"2016-06-30T07:24:52+00:00\",\"dateModified\":\"2017-04-02T07:26:17+00:00\",\"mainEntityOfPage\":{\"@id\":\"https:\/\/jp2doc.pl\/it\/2016\/06\/30\/come-agnelli-in-mezzo-ai-lupi\/\"},\"wordCount\":533,\"commentCount\":0,\"publisher\":{\"@id\":\"https:\/\/jp2doc.pl\/it\/#organization\"},\"image\":{\"@id\":\"https:\/\/jp2doc.pl\/it\/2016\/06\/30\/come-agnelli-in-mezzo-ai-lupi\/#primaryimage\"},\"thumbnailUrl\":\"http:\/\/jp2doc.pl\/it\/wp-content\/uploads\/sites\/3\/2017\/04\/5775167f10dadtrekking-299000.jpg\",\"articleSection\":[\"Blog\"],\"inLanguage\":\"it-IT\",\"potentialAction\":[{\"@type\":\"CommentAction\",\"name\":\"Comment\",\"target\":[\"https:\/\/jp2doc.pl\/it\/2016\/06\/30\/come-agnelli-in-mezzo-ai-lupi\/#respond\"]}]},{\"@type\":\"WebPage\",\"@id\":\"https:\/\/jp2doc.pl\/it\/2016\/06\/30\/come-agnelli-in-mezzo-ai-lupi\/\",\"url\":\"https:\/\/jp2doc.pl\/it\/2016\/06\/30\/come-agnelli-in-mezzo-ai-lupi\/\",\"name\":\"\u201cCome agnelli in mezzo ai lupi\u201d - Centro di Documentazione e Studio del Pontificato di Giovanni Paolo II a Roma\",\"isPartOf\":{\"@id\":\"https:\/\/jp2doc.pl\/it\/#website\"},\"primaryImageOfPage\":{\"@id\":\"https:\/\/jp2doc.pl\/it\/2016\/06\/30\/come-agnelli-in-mezzo-ai-lupi\/#primaryimage\"},\"image\":{\"@id\":\"https:\/\/jp2doc.pl\/it\/2016\/06\/30\/come-agnelli-in-mezzo-ai-lupi\/#primaryimage\"},\"thumbnailUrl\":\"http:\/\/jp2doc.pl\/it\/wp-content\/uploads\/sites\/3\/2017\/04\/5775167f10dadtrekking-299000.jpg\",\"datePublished\":\"2016-06-30T07:24:52+00:00\",\"dateModified\":\"2017-04-02T07:26:17+00:00\",\"breadcrumb\":{\"@id\":\"https:\/\/jp2doc.pl\/it\/2016\/06\/30\/come-agnelli-in-mezzo-ai-lupi\/#breadcrumb\"},\"inLanguage\":\"it-IT\",\"potentialAction\":[{\"@type\":\"ReadAction\",\"target\":[\"https:\/\/jp2doc.pl\/it\/2016\/06\/30\/come-agnelli-in-mezzo-ai-lupi\/\"]}]},{\"@type\":\"ImageObject\",\"inLanguage\":\"it-IT\",\"@id\":\"https:\/\/jp2doc.pl\/it\/2016\/06\/30\/come-agnelli-in-mezzo-ai-lupi\/#primaryimage\",\"url\":\"http:\/\/jp2doc.pl\/it\/wp-content\/uploads\/sites\/3\/2017\/04\/5775167f10dadtrekking-299000.jpg\",\"contentUrl\":\"http:\/\/jp2doc.pl\/it\/wp-content\/uploads\/sites\/3\/2017\/04\/5775167f10dadtrekking-299000.jpg\"},{\"@type\":\"BreadcrumbList\",\"@id\":\"https:\/\/jp2doc.pl\/it\/2016\/06\/30\/come-agnelli-in-mezzo-ai-lupi\/#breadcrumb\",\"itemListElement\":[{\"@type\":\"ListItem\",\"position\":1,\"name\":\"Home\",\"item\":\"https:\/\/jp2doc.pl\/it\/\"},{\"@type\":\"ListItem\",\"position\":2,\"name\":\"\u201cCome agnelli in mezzo ai lupi\u201d\"}]},{\"@type\":\"WebSite\",\"@id\":\"https:\/\/jp2doc.pl\/it\/#website\",\"url\":\"https:\/\/jp2doc.pl\/it\/\",\"name\":\"Centro di Documentazione e Studio del Pontificato di Giovanni Paolo II a Roma\",\"description\":\"\",\"publisher\":{\"@id\":\"https:\/\/jp2doc.pl\/it\/#organization\"},\"potentialAction\":[{\"@type\":\"SearchAction\",\"target\":{\"@type\":\"EntryPoint\",\"urlTemplate\":\"https:\/\/jp2doc.pl\/it\/?s={search_term_string}\"},\"query-input\":{\"@type\":\"PropertyValueSpecification\",\"valueRequired\":true,\"valueName\":\"search_term_string\"}}],\"inLanguage\":\"it-IT\"},{\"@type\":\"Organization\",\"@id\":\"https:\/\/jp2doc.pl\/it\/#organization\",\"name\":\"Centro di Documentazione e Studio del Pontificato di Giovanni Paolo II a Roma\",\"url\":\"https:\/\/jp2doc.pl\/it\/\",\"logo\":{\"@type\":\"ImageObject\",\"inLanguage\":\"it-IT\",\"@id\":\"https:\/\/jp2doc.pl\/it\/#\/schema\/logo\/image\/\",\"url\":\"https:\/\/jp2doc.pl\/it\/wp-content\/uploads\/sites\/3\/2017\/03\/cropped-logo.png\",\"contentUrl\":\"https:\/\/jp2doc.pl\/it\/wp-content\/uploads\/sites\/3\/2017\/03\/cropped-logo.png\",\"width\":115,\"height\":115,\"caption\":\"Centro di Documentazione e Studio del Pontificato di Giovanni Paolo II a Roma\"},\"image\":{\"@id\":\"https:\/\/jp2doc.pl\/it\/#\/schema\/logo\/image\/\"}},{\"@type\":\"Person\",\"@id\":\"https:\/\/jp2doc.pl\/it\/#\/schema\/person\/ecb3008f6674a8ed2f0cffc842168b87\",\"name\":\"Anna Nogawczyk\",\"image\":{\"@type\":\"ImageObject\",\"inLanguage\":\"it-IT\",\"@id\":\"https:\/\/jp2doc.pl\/it\/#\/schema\/person\/image\/\",\"url\":\"https:\/\/secure.gravatar.com\/avatar\/7f49c0a3455a5f39b9815332b5595517d52774cc8803ff595476ca8543d405f2?s=96&d=mm&r=g\",\"contentUrl\":\"https:\/\/secure.gravatar.com\/avatar\/7f49c0a3455a5f39b9815332b5595517d52774cc8803ff595476ca8543d405f2?s=96&d=mm&r=g\",\"caption\":\"Anna Nogawczyk\"},\"url\":\"https:\/\/jp2doc.pl\/it\/author\/ania-nogawczyk\/\"}]}<\/script>\n<!-- \/ Yoast SEO plugin. -->","yoast_head_json":{"title":"\u201cCome agnelli in mezzo ai lupi\u201d - Centro di Documentazione e Studio del Pontificato di Giovanni Paolo II a Roma","robots":{"index":"index","follow":"follow","max-snippet":"max-snippet:-1","max-image-preview":"max-image-preview:large","max-video-preview":"max-video-preview:-1"},"canonical":"https:\/\/jp2doc.pl\/it\/2016\/06\/30\/come-agnelli-in-mezzo-ai-lupi\/","og_locale":"it_IT","og_type":"article","og_title":"\u201cCome agnelli in mezzo ai lupi\u201d - Centro di Documentazione e Studio del Pontificato di Giovanni Paolo II a Roma","og_description":"\u00a0Rif.: Is 66,10-14c; Sal 65\/66,1-7.16.20; Gal 6,14-18; Lc 10,1-12.17-20 Nelle Letture di questa domenica si intrecciano strettamente i temi della vocazione e della pace, la prima finalizzata all\u2019annuncio della seconda. Isaia, il grande profeta, \u00e8 inviato al popolo affinch\u00e9 lo esorti a mantenere intatta la fede e la speranza in Dio: presto l\u2019esilio finir\u00e0, vicino [&hellip;]","og_url":"https:\/\/jp2doc.pl\/it\/2016\/06\/30\/come-agnelli-in-mezzo-ai-lupi\/","og_site_name":"Centro di Documentazione e Studio del Pontificato di Giovanni Paolo II a Roma","article_published_time":"2016-06-30T07:24:52+00:00","article_modified_time":"2017-04-02T07:26:17+00:00","og_image":[{"url":"http:\/\/jp2doc.pl\/it\/wp-content\/uploads\/sites\/3\/2017\/04\/5775167f10dadtrekking-299000.jpg","type":"","width":"","height":""}],"author":"Anna Nogawczyk","twitter_card":"summary_large_image","twitter_misc":{"Scritto da":"Anna Nogawczyk","Tempo di lettura stimato":"3 minuti"},"schema":{"@context":"https:\/\/schema.org","@graph":[{"@type":"Article","@id":"https:\/\/jp2doc.pl\/it\/2016\/06\/30\/come-agnelli-in-mezzo-ai-lupi\/#article","isPartOf":{"@id":"https:\/\/jp2doc.pl\/it\/2016\/06\/30\/come-agnelli-in-mezzo-ai-lupi\/"},"author":{"name":"Anna Nogawczyk","@id":"https:\/\/jp2doc.pl\/it\/#\/schema\/person\/ecb3008f6674a8ed2f0cffc842168b87"},"headline":"\u201cCome agnelli in mezzo ai lupi\u201d","datePublished":"2016-06-30T07:24:52+00:00","dateModified":"2017-04-02T07:26:17+00:00","mainEntityOfPage":{"@id":"https:\/\/jp2doc.pl\/it\/2016\/06\/30\/come-agnelli-in-mezzo-ai-lupi\/"},"wordCount":533,"commentCount":0,"publisher":{"@id":"https:\/\/jp2doc.pl\/it\/#organization"},"image":{"@id":"https:\/\/jp2doc.pl\/it\/2016\/06\/30\/come-agnelli-in-mezzo-ai-lupi\/#primaryimage"},"thumbnailUrl":"http:\/\/jp2doc.pl\/it\/wp-content\/uploads\/sites\/3\/2017\/04\/5775167f10dadtrekking-299000.jpg","articleSection":["Blog"],"inLanguage":"it-IT","potentialAction":[{"@type":"CommentAction","name":"Comment","target":["https:\/\/jp2doc.pl\/it\/2016\/06\/30\/come-agnelli-in-mezzo-ai-lupi\/#respond"]}]},{"@type":"WebPage","@id":"https:\/\/jp2doc.pl\/it\/2016\/06\/30\/come-agnelli-in-mezzo-ai-lupi\/","url":"https:\/\/jp2doc.pl\/it\/2016\/06\/30\/come-agnelli-in-mezzo-ai-lupi\/","name":"\u201cCome agnelli in mezzo ai lupi\u201d - Centro di Documentazione e Studio del Pontificato di Giovanni Paolo II a Roma","isPartOf":{"@id":"https:\/\/jp2doc.pl\/it\/#website"},"primaryImageOfPage":{"@id":"https:\/\/jp2doc.pl\/it\/2016\/06\/30\/come-agnelli-in-mezzo-ai-lupi\/#primaryimage"},"image":{"@id":"https:\/\/jp2doc.pl\/it\/2016\/06\/30\/come-agnelli-in-mezzo-ai-lupi\/#primaryimage"},"thumbnailUrl":"http:\/\/jp2doc.pl\/it\/wp-content\/uploads\/sites\/3\/2017\/04\/5775167f10dadtrekking-299000.jpg","datePublished":"2016-06-30T07:24:52+00:00","dateModified":"2017-04-02T07:26:17+00:00","breadcrumb":{"@id":"https:\/\/jp2doc.pl\/it\/2016\/06\/30\/come-agnelli-in-mezzo-ai-lupi\/#breadcrumb"},"inLanguage":"it-IT","potentialAction":[{"@type":"ReadAction","target":["https:\/\/jp2doc.pl\/it\/2016\/06\/30\/come-agnelli-in-mezzo-ai-lupi\/"]}]},{"@type":"ImageObject","inLanguage":"it-IT","@id":"https:\/\/jp2doc.pl\/it\/2016\/06\/30\/come-agnelli-in-mezzo-ai-lupi\/#primaryimage","url":"http:\/\/jp2doc.pl\/it\/wp-content\/uploads\/sites\/3\/2017\/04\/5775167f10dadtrekking-299000.jpg","contentUrl":"http:\/\/jp2doc.pl\/it\/wp-content\/uploads\/sites\/3\/2017\/04\/5775167f10dadtrekking-299000.jpg"},{"@type":"BreadcrumbList","@id":"https:\/\/jp2doc.pl\/it\/2016\/06\/30\/come-agnelli-in-mezzo-ai-lupi\/#breadcrumb","itemListElement":[{"@type":"ListItem","position":1,"name":"Home","item":"https:\/\/jp2doc.pl\/it\/"},{"@type":"ListItem","position":2,"name":"\u201cCome agnelli in mezzo ai lupi\u201d"}]},{"@type":"WebSite","@id":"https:\/\/jp2doc.pl\/it\/#website","url":"https:\/\/jp2doc.pl\/it\/","name":"Centro di Documentazione e Studio del Pontificato di Giovanni Paolo II a Roma","description":"","publisher":{"@id":"https:\/\/jp2doc.pl\/it\/#organization"},"potentialAction":[{"@type":"SearchAction","target":{"@type":"EntryPoint","urlTemplate":"https:\/\/jp2doc.pl\/it\/?s={search_term_string}"},"query-input":{"@type":"PropertyValueSpecification","valueRequired":true,"valueName":"search_term_string"}}],"inLanguage":"it-IT"},{"@type":"Organization","@id":"https:\/\/jp2doc.pl\/it\/#organization","name":"Centro di Documentazione e Studio del Pontificato di Giovanni Paolo II a Roma","url":"https:\/\/jp2doc.pl\/it\/","logo":{"@type":"ImageObject","inLanguage":"it-IT","@id":"https:\/\/jp2doc.pl\/it\/#\/schema\/logo\/image\/","url":"https:\/\/jp2doc.pl\/it\/wp-content\/uploads\/sites\/3\/2017\/03\/cropped-logo.png","contentUrl":"https:\/\/jp2doc.pl\/it\/wp-content\/uploads\/sites\/3\/2017\/03\/cropped-logo.png","width":115,"height":115,"caption":"Centro di Documentazione e Studio del Pontificato di Giovanni Paolo II a Roma"},"image":{"@id":"https:\/\/jp2doc.pl\/it\/#\/schema\/logo\/image\/"}},{"@type":"Person","@id":"https:\/\/jp2doc.pl\/it\/#\/schema\/person\/ecb3008f6674a8ed2f0cffc842168b87","name":"Anna Nogawczyk","image":{"@type":"ImageObject","inLanguage":"it-IT","@id":"https:\/\/jp2doc.pl\/it\/#\/schema\/person\/image\/","url":"https:\/\/secure.gravatar.com\/avatar\/7f49c0a3455a5f39b9815332b5595517d52774cc8803ff595476ca8543d405f2?s=96&d=mm&r=g","contentUrl":"https:\/\/secure.gravatar.com\/avatar\/7f49c0a3455a5f39b9815332b5595517d52774cc8803ff595476ca8543d405f2?s=96&d=mm&r=g","caption":"Anna Nogawczyk"},"url":"https:\/\/jp2doc.pl\/it\/author\/ania-nogawczyk\/"}]}},"_links":{"self":[{"href":"https:\/\/jp2doc.pl\/it\/wp-json\/wp\/v2\/posts\/965","targetHints":{"allow":["GET"]}}],"collection":[{"href":"https:\/\/jp2doc.pl\/it\/wp-json\/wp\/v2\/posts"}],"about":[{"href":"https:\/\/jp2doc.pl\/it\/wp-json\/wp\/v2\/types\/post"}],"author":[{"embeddable":true,"href":"https:\/\/jp2doc.pl\/it\/wp-json\/wp\/v2\/users\/3"}],"replies":[{"embeddable":true,"href":"https:\/\/jp2doc.pl\/it\/wp-json\/wp\/v2\/comments?post=965"}],"version-history":[{"count":1,"href":"https:\/\/jp2doc.pl\/it\/wp-json\/wp\/v2\/posts\/965\/revisions"}],"predecessor-version":[{"id":967,"href":"https:\/\/jp2doc.pl\/it\/wp-json\/wp\/v2\/posts\/965\/revisions\/967"}],"wp:attachment":[{"href":"https:\/\/jp2doc.pl\/it\/wp-json\/wp\/v2\/media?parent=965"}],"wp:term":[{"taxonomy":"category","embeddable":true,"href":"https:\/\/jp2doc.pl\/it\/wp-json\/wp\/v2\/categories?post=965"},{"taxonomy":"post_tag","embeddable":true,"href":"https:\/\/jp2doc.pl\/it\/wp-json\/wp\/v2\/tags?post=965"}],"curies":[{"name":"wp","href":"https:\/\/api.w.org\/{rel}","templated":true}]}}